{"id":30329,"date":"2025-04-17T00:19:09","date_gmt":"2025-04-17T00:19:09","guid":{"rendered":"https:\/\/www.europesays.com\/fr\/30329\/"},"modified":"2025-04-17T00:19:09","modified_gmt":"2025-04-17T00:19:09","slug":"melanie-page-la-femme-de-nagui-a-change-de-prenom","status":"publish","type":"post","link":"https:\/\/www.europesays.com\/fr\/30329\/","title":{"rendered":"M\u00e9lanie Page : la femme de Nagui a chang\u00e9 de pr\u00e9nom"},"content":{"rendered":"<p>Elle est actuellement \u00e0 l&rsquo;affiche de la pi\u00e8ce \u00ab\u00a0Je m\u2019appelle Georges et\u2026 vous?\u00a0\u00bb. Et tandis qu&rsquo;elle assure la promotion de ce nouveau spectacle au th\u00e9\u00e2tre, <strong>M\u00e9lanie Page a fait des r\u00e9v\u00e9lations. <\/strong><\/p>\n<p>Apr\u00e8s <a href=\"https:\/\/www.public.fr\/faustine-bollaert-a-change-de-nom-comme-karine-le-marchand-lemouvante-raison\" target=\"_blank\" rel=\"noopener\">Faustine Bollaert, il y a quelques jours<\/a>, elle a expliqu\u00e9 qu&rsquo;elle avait, <strong>elle aussi, chang\u00e9 d&rsquo;identit\u00e9. <\/strong>Mais c&rsquo;\u00e9tait bien avant l&rsquo;animatrice t\u00e9l\u00e9. <\/p>\n<p>\u00c0 la diff\u00e9rence de la journaliste qui a voulu honorer un membre de sa famille disparu en prenant son nom, <strong>la femme de Nagui a chang\u00e9 de pr\u00e9nom<\/strong>. <\/p>\n<p>M\u00e9lanie Page s&rsquo;appelait Kathleen \u00e0 la naissance<\/p>\n<p>C&rsquo;est ainsi que sur le plateau de Buzz TV, <a href=\"https:\/\/vsd.fr\/78673-melanie-page-la-compagne-de-nagui-fait-une-terrible-revelation-sur-son-passe\/\" target=\"_blank\" rel=\"noopener\">M\u00e9lanie Page a expliqu\u00e9 aux journalistes<\/a> du Figaro comment elle avait \u00ab\u00a0pass\u00e9 des ann\u00e9es \u00e0 ne pas aimer du tout son pr\u00e9nom\u00a0\u00bb. <\/p>\n<p>Elle a ensuite racont\u00e9 l&rsquo;histoire qui se cache derri\u00e8re&#8230; Et de se souvenir : \u00ab\u00a0Il se trouve qu&rsquo;\u00e0 ma naissance, je ne m&rsquo;appelais pas M\u00e9lanie, <strong>mes parents m&rsquo;avaient appel\u00e9 Kathleen,<\/strong> donc \u00e0 l&rsquo;anglaise\u00a0\u00bb. <\/p>\n<p>N\u00e9e d&rsquo;une m\u00e8re australienne et d&rsquo;un p\u00e8re anglais, elle s&rsquo;est donc appel\u00e9e Kathleen <strong>\u00ab\u00a0pendant 48h\u00a0\u00bb<\/strong>. Mais voil\u00e0, dit-elle aussi, \u00ab\u00a0comme personne ne savait l&rsquo;\u00e9crire \u00e0 la clinique, tout le monde disait Catherine\u00a0\u00bb,<strong> ses parents ont chang\u00e9 d&rsquo;avis. <\/strong><\/p>\n<p>Ce changement qui l&rsquo;a boulevers\u00e9<\/p>\n<p>La <a href=\"https:\/\/www.public.fr\/nagui-sa-fille-roxane-portrait-crache-de-sa-celebre-maman-melanie-page-la-toile-sous-le-charme\" target=\"_blank\" rel=\"noopener\">maman de Roxane, d&rsquo;Annabel et d&rsquo;Adrien<\/a> r\u00e9v\u00e8le que ses parents se sont dit : \u00ab\u00a0bon \u00e7a va \u00eatre un enfer, on va l&rsquo;appeler avec un pr\u00e9nom beaucoup plus simple, <strong>on va l&rsquo;appeler M\u00e9lanie\u00a0\u00bb.<\/strong> Un choix qu&rsquo;elle a longtemps cru par d\u00e9pit. <\/p>\n<p>Par cons\u00e9quent, quand M\u00e9lanie Page a entendu cette histoire de leur bouche, elle s&rsquo;est mise \u00e0 adorer l&rsquo;autre pr\u00e9nom qui lui \u00e9tait initialement destin\u00e9. Elle se r\u00e9p\u00e9tait alors \u00ab\u00a0il est pas bien mon pr\u00e9nom\u00a0\u00bb, et r\u00eavait de s&rsquo;appeler Kathleen plus que tout. Au final, l&rsquo;histoire se termine bien. La jeune femme raconte : \u00ab\u00a0<strong>au bout d&rsquo;un certain temps, je m&rsquo;y suis fait, et maintenant j&rsquo;adore mon pr\u00e9nom\u00a0\u00bb.<\/strong><\/p>\n<p>      Mentionn\u00e9s dans cet article<\/p>\n<p>\u00c0 lire aussi<\/p>\n","protected":false},"excerpt":{"rendered":"Elle est actuellement \u00e0 l&rsquo;affiche de la pi\u00e8ce \u00ab\u00a0Je m\u2019appelle Georges et\u2026 vous?\u00a0\u00bb. Et tandis qu&rsquo;elle assure la&hellip;\n","protected":false},"author":2,"featured_media":30330,"comment_status":"","ping_status":"","sticky":false,"template":"","format":"standard","meta":{"footnotes":""},"categories":[1359],"tags":[58,59,1011,27,10476,10477,198,973,10478],"class_list":{"0":"post-30329","1":"post","2":"type-post","3":"status-publish","4":"format-standard","5":"has-post-thumbnail","7":"category-people","8":"tag-divertissement","9":"tag-entertainment","10":"tag-fr","11":"tag-france","12":"tag-melanie-page","13":"tag-nagui","14":"tag-naissance","15":"tag-people","16":"tag-prenom"},"share_on_mastodon":{"url":"https:\/\/pubeurope.com\/@fr\/114350441323034343","error":""},"_links":{"self":[{"href":"https:\/\/www.europesays.com\/fr\/wp-json\/wp\/v2\/posts\/30329","targetHints":{"allow":["GET"]}}],"collection":[{"href":"https:\/\/www.europesays.com\/fr\/wp-json\/wp\/v2\/posts"}],"about":[{"href":"https:\/\/www.europesays.com\/fr\/wp-json\/wp\/v2\/types\/post"}],"author":[{"embeddable":true,"href":"https:\/\/www.europesays.com\/fr\/wp-json\/wp\/v2\/users\/2"}],"replies":[{"embeddable":true,"href":"https:\/\/www.europesays.com\/fr\/wp-json\/wp\/v2\/comments?post=30329"}],"version-history":[{"count":0,"href":"https:\/\/www.europesays.com\/fr\/wp-json\/wp\/v2\/posts\/30329\/revisions"}],"wp:featuredmedia":[{"embeddable":true,"href":"https:\/\/www.europesays.com\/fr\/wp-json\/wp\/v2\/media\/30330"}],"wp:attachment":[{"href":"https:\/\/www.europesays.com\/fr\/wp-json\/wp\/v2\/media?parent=30329"}],"wp:term":[{"taxonomy":"category","embeddable":true,"href":"https:\/\/www.europesays.com\/fr\/wp-json\/wp\/v2\/categories?post=30329"},{"taxonomy":"post_tag","embeddable":true,"href":"https:\/\/www.europesays.com\/fr\/wp-json\/wp\/v2\/tags?post=30329"}],"curies":[{"name":"wp","href":"https:\/\/api.w.org\/{rel}","templated":true}]}}