{"id":303297,"date":"2025-08-07T17:53:19","date_gmt":"2025-08-07T17:53:19","guid":{"rendered":"https:\/\/www.europesays.com\/fr\/303297\/"},"modified":"2025-08-07T17:53:19","modified_gmt":"2025-08-07T17:53:19","slug":"occupation-illegale-a-la-farlede-sur-le-parking-du-complexe-sportif-jacques-astier-ce-dimanche-3-aout","status":"publish","type":"post","link":"https:\/\/www.europesays.com\/fr\/303297\/","title":{"rendered":"Occupation ill\u00e9gale \u00e0 La Farl\u00e8de sur le parking du complexe sportif Jacques Astier ce dimanche 3 ao\u00fbt"},"content":{"rendered":"<p>Une occupation ill\u00e9gale de vingt caravanes a eu lieu ce dimanche 3 ao\u00fbt sur le parking du complexe sportif Jacques Astier \u00e0 La Farl\u00e8de.<\/p>\n<p><img fetchpriority=\"high\" decoding=\"async\" width=\"1200\" height=\"900\" alt=\"occupation ill\u00e9gale La Farl\u00e8de Hippodrome Hy\u00e8res \u00e9vacuation caravanes gens du voyage toulon\" title=\"gens du voyages\" src=\"https:\/\/www.europesays.com\/fr\/wp-content\/uploads\/2025\/08\/gens-du-voyages-1.jpg\" class=\"img-responsive wp-image-8794\"\/><\/p>\n<p>occupation ill\u00e9gale La Farl\u00e8de \u2013 CREDIT : VarActu<\/p>\n<p data-start=\"107\" data-end=\"260\"><strong data-start=\"107\" data-end=\"260\">Une vingtaine de caravanes se sont install\u00e9es sans autorisation, entra\u00eenant l\u2019intervention des autorit\u00e9s et le lancement d\u2019une proc\u00e9dure d\u2019\u00e9vacuation<\/strong><\/p>\n<p data-start=\"262\" data-end=\"310\"><strong data-start=\"262\" data-end=\"310\">Vingt caravanes install\u00e9es sans autorisation<\/strong><\/p>\n<p data-start=\"312\" data-end=\"621\">Ce dimanche 3 ao\u00fbt 2025, une <strong data-start=\"341\" data-end=\"364\">occupation ill\u00e9gale<\/strong> a \u2026<\/p>\n<p>Lire la suite dans l\u2019article <a href=\"https:\/\/www.varactu.fr\/occupation-illegale-a-la-farlede-sur-le-parking-du-complexe-sportif-jacques-astier-ce-dimanche-3-aout\/\" rel=\"nofollow noopener\" target=\"_blank\">Occupation ill\u00e9gale \u00e0 La Farl\u00e8de sur le parking du complexe sportif Jacques Astier ce dimanche 3 ao\u00fbt<\/a> qui est apparu en premier sur <a href=\"https:\/\/www.varactu.fr\" rel=\"nofollow noopener\" target=\"_blank\">Var Actu<\/a>.<\/p>\n","protected":false},"excerpt":{"rendered":"Une occupation ill\u00e9gale de vingt caravanes a eu lieu ce dimanche 3 ao\u00fbt sur le parking du complexe&hellip;\n","protected":false},"author":2,"featured_media":303298,"comment_status":"","ping_status":"","sticky":false,"template":"","format":"standard","meta":{"footnotes":""},"categories":[9619],"tags":[1111,11,1777,674,1011,27,12,882,25,2310],"class_list":{"0":"post-303297","1":"post","2":"type-post","3":"status-publish","4":"format-standard","5":"has-post-thumbnail","7":"category-toulon","8":"tag-actu","9":"tag-actualites","10":"tag-eu","11":"tag-europe","12":"tag-fr","13":"tag-france","14":"tag-news","15":"tag-provence-alpes-cote-dazur","16":"tag-republique-francaise","17":"tag-toulon"},"share_on_mastodon":{"url":"https:\/\/pubeurope.com\/@fr\/114988764536018801","error":""},"_links":{"self":[{"href":"https:\/\/www.europesays.com\/fr\/wp-json\/wp\/v2\/posts\/303297","targetHints":{"allow":["GET"]}}],"collection":[{"href":"https:\/\/www.europesays.com\/fr\/wp-json\/wp\/v2\/posts"}],"about":[{"href":"https:\/\/www.europesays.com\/fr\/wp-json\/wp\/v2\/types\/post"}],"author":[{"embeddable":true,"href":"https:\/\/www.europesays.com\/fr\/wp-json\/wp\/v2\/users\/2"}],"replies":[{"embeddable":true,"href":"https:\/\/www.europesays.com\/fr\/wp-json\/wp\/v2\/comments?post=303297"}],"version-history":[{"count":0,"href":"https:\/\/www.europesays.com\/fr\/wp-json\/wp\/v2\/posts\/303297\/revisions"}],"wp:featuredmedia":[{"embeddable":true,"href":"https:\/\/www.europesays.com\/fr\/wp-json\/wp\/v2\/media\/303298"}],"wp:attachment":[{"href":"https:\/\/www.europesays.com\/fr\/wp-json\/wp\/v2\/media?parent=303297"}],"wp:term":[{"taxonomy":"category","embeddable":true,"href":"https:\/\/www.europesays.com\/fr\/wp-json\/wp\/v2\/categories?post=303297"},{"taxonomy":"post_tag","embeddable":true,"href":"https:\/\/www.europesays.com\/fr\/wp-json\/wp\/v2\/tags?post=303297"}],"curies":[{"name":"wp","href":"https:\/\/api.w.org\/{rel}","templated":true}]}}