{"id":303303,"date":"2025-08-07T18:02:16","date_gmt":"2025-08-07T18:02:16","guid":{"rendered":"https:\/\/www.europesays.com\/fr\/303303\/"},"modified":"2025-08-07T18:02:16","modified_gmt":"2025-08-07T18:02:16","slug":"pro-d2-fender-ne-viendra-pas-costa-storti-est-arrive-les-echos-de-lesdiguieres","status":"publish","type":"post","link":"https:\/\/www.europesays.com\/fr\/303303\/","title":{"rendered":"Pro D2. Fender ne viendra pas, Costa-Storti est arriv\u00e9\u2026 Les \u00e9chos de Lesdigui\u00e8res"},"content":{"rendered":"<p>  James Fender ne sera pas grenoblois cette saison<\/p>\n<p>Le deuxi\u00e8me ligne James Fender devait venir au FCG pour la saison 2025\/2026, le joueur <a href=\"https:\/\/www.ledauphine.com\/sport\/2025\/07\/10\/fcg-un-nouveau-gallois-va-s-engager-avec-grenoble\" target=\"_blank\" rel=\"nofollow noopener\"> avait donn\u00e9 son accord pour rejoindre Grenoble<\/a> et avait exprim\u00e9 son envie de porter le maillot Rouge et Bleu. Mais les discussions avec la franchise des Ospreys, o\u00f9 James Fender avait encore une ann\u00e9e de contrat, n\u2019ont pas abouti. L\u2019\u00e9quipe de Swansea n\u2019a jamais d\u00e9livr\u00e9 le document officiel au club grenoblois pour lib\u00e9rer l\u2019imposant deuxi\u00e8me ligne (2,04\u00a0m, 125 kg). Le dossier n\u2019est donc pas all\u00e9 jusqu\u2019au bout et James Fender ne sera pas un joueur du FCG.<\/p>\n<p>  Costa-Storti \u00e0 Lesdigui\u00e8res, Josh Thompson arrive<\/p>\n<p><a href=\"https:\/\/www.ledauphine.com\/sport\/2025\/06\/26\/c-est-un-joueur-tres-rapide-tres-veloce-l-international-costa-storti-signe-officiellement-au-fcg\" target=\"_blank\" rel=\"nofollow noopener\">Raffaele Costa-Storti est arriv\u00e9 ce jeudi au stade Lesdigui\u00e8res.<\/a> Le n\u00e9o-Grenoblois a d\u00e9but\u00e9 la phase de r\u00e9athl\u00e9tisation avant d\u2019incorporer le groupe totalement, probablement la semaine prochaine. L\u2019international portugais de 24 ans \u00e9tait un \u00e9l\u00e9ment du Stade Fran\u00e7ais la saison derni\u00e8re, o\u00f9 il n\u2019a \u00e9t\u00e9 que tr\u00e8s peu utilis\u00e9 en raison de plusieurs blessures. Il n\u2019a disput\u00e9 que trois matchs avec l\u2019\u00e9quipe parisienne.<\/p>\n<p>Le Fidjien Josh Thompson (24 ans) quant \u00e0 lui va arriver ce dimanche 10\u00a0ao\u00fbt en Is\u00e8re. Il rejoindra ses co\u00e9quipiers \u00e0 partir de lundi. Les internationaux g\u00e9orgiens (Kveseladze, Javakhia) ont coup\u00e9 apr\u00e8s le dernier match international le 19\u00a0juillet. Richard Hardwick, lui, a jou\u00e9 son dernier match le 26\u00a0juillet dernier face aux \u00c9mirats arabes unis o\u00f9 il \u00e9tait titulaire. L\u2019\u00e9quipe africaine a remport\u00e9 la rencontre 86-29 et jouera un tournoi de qualification \u00e0 la Coupe du monde 2027 au mois de novembre \u00e0 Duba\u00ef.<\/p>\n<p>  Raynaud en reprise, Davies et Sirgel en convalescence<\/p>\n<p>Touch\u00e9 au bras gauche lors du Top 14 access match face \u00e0 Perpignan (11-13), le pilier Tommy Raynaud s\u2019est fait op\u00e9rer du radius \u00e0 la mi-juin. L\u2019ancien joueur d\u2019Oyonnax est en phase de reprise. En ce qui concerne <a href=\"https:\/\/www.ledauphine.com\/p\/sam-davies\" target=\"_blank\" rel=\"nofollow noopener\">Sam Davies<\/a>, l\u2019ouvreur gallois est en pleine convalescence. Le Sud-Africain <a href=\"https:\/\/www.ledauphine.com\/sport\/2025\/04\/29\/coup-dur-pour-le-fcg-qui-perd-deux-joueurs-majeurs-jusqu-a-la-fin-de-la-saison\" target=\"_blank\" rel=\"nofollow noopener\">Hanru Sirgel, op\u00e9r\u00e9 \u00e0 l\u2019\u00e9paule fin avril,<\/a> n\u2019est toujours pas remis et va manquer le d\u00e9but de saison avec Grenoble.<\/p>\n","protected":false},"excerpt":{"rendered":"James Fender ne sera pas grenoblois cette saison Le deuxi\u00e8me ligne James Fender devait venir au FCG pour&hellip;\n","protected":false},"author":2,"featured_media":303304,"comment_status":"","ping_status":"","sticky":false,"template":"","format":"standard","meta":{"footnotes":""},"categories":[9566],"tags":[1111,11,2430,112,1777,674,2727,107,1701,1011,27,2731,2732,108,12,25,479,517],"class_list":{"0":"post-303303","1":"post","2":"type-post","3":"status-publish","4":"format-standard","5":"has-post-thumbnail","7":"category-grenoble","8":"tag-actu","9":"tag-actualites","10":"tag-auvergne-rhone-alpes","11":"tag-edition-grenoble-agglomeration","12":"tag-eu","13":"tag-europe","14":"tag-fcg-fc-grenoble-rugby","15":"tag-fil-info","16":"tag-fil-info-sport","17":"tag-fr","18":"tag-france","19":"tag-grenoble","20":"tag-grenoble-bassin","21":"tag-isere","22":"tag-news","23":"tag-republique-francaise","24":"tag-rugby","25":"tag-sport"},"share_on_mastodon":{"url":"https:\/\/pubeurope.com\/@fr\/114988799919042605","error":""},"_links":{"self":[{"href":"https:\/\/www.europesays.com\/fr\/wp-json\/wp\/v2\/posts\/303303","targetHints":{"allow":["GET"]}}],"collection":[{"href":"https:\/\/www.europesays.com\/fr\/wp-json\/wp\/v2\/posts"}],"about":[{"href":"https:\/\/www.europesays.com\/fr\/wp-json\/wp\/v2\/types\/post"}],"author":[{"embeddable":true,"href":"https:\/\/www.europesays.com\/fr\/wp-json\/wp\/v2\/users\/2"}],"replies":[{"embeddable":true,"href":"https:\/\/www.europesays.com\/fr\/wp-json\/wp\/v2\/comments?post=303303"}],"version-history":[{"count":0,"href":"https:\/\/www.europesays.com\/fr\/wp-json\/wp\/v2\/posts\/303303\/revisions"}],"wp:featuredmedia":[{"embeddable":true,"href":"https:\/\/www.europesays.com\/fr\/wp-json\/wp\/v2\/media\/303304"}],"wp:attachment":[{"href":"https:\/\/www.europesays.com\/fr\/wp-json\/wp\/v2\/media?parent=303303"}],"wp:term":[{"taxonomy":"category","embeddable":true,"href":"https:\/\/www.europesays.com\/fr\/wp-json\/wp\/v2\/categories?post=303303"},{"taxonomy":"post_tag","embeddable":true,"href":"https:\/\/www.europesays.com\/fr\/wp-json\/wp\/v2\/tags?post=303303"}],"curies":[{"name":"wp","href":"https:\/\/api.w.org\/{rel}","templated":true}]}}