{"id":303305,"date":"2025-08-07T18:05:30","date_gmt":"2025-08-07T18:05:30","guid":{"rendered":"https:\/\/www.europesays.com\/fr\/303305\/"},"modified":"2025-08-07T18:05:30","modified_gmt":"2025-08-07T18:05:30","slug":"top-des-restos-ouverts-tres-tard-a-rennes","status":"publish","type":"post","link":"https:\/\/www.europesays.com\/fr\/303305\/","title":{"rendered":"Top des restos ouverts (tr\u00e8s) tard \u00e0 Rennes"},"content":{"rendered":"<p>Voici notre s\u00e9lection de restos rennais qui savent chouchouter les oiseaux de nuit.<\/p>\n<p>&#13;<br \/>\nLe Gorille Bleu\u00a0: repaire des noctambules affam\u00e9s&#13;<\/p>\n<p>Situ\u00e9 <strong>dans le vieux Rennes, rue de la Psalette,<\/strong> Le Gorille Bleu ne fait pas dans la demi-mesure, ferm\u00e9 le midi, il consacre toute son \u00e9nergie au service du soir. <strong>Ouvert de 18 h \u00e0 minuit<\/strong>, c\u2019est l\u2019adresse pr\u00e9f\u00e9r\u00e9e des chefs, serveurs et barmans qui veulent d\u00e9compresser autour d\u2019un bon plat apr\u00e8s leur service.<br \/>L\u2019ambiance y est chaleureuse, la <strong>cuisine g\u00e9n\u00e9reuse<\/strong>, et la client\u00e8le souvent compos\u00e9e d\u2019habitu\u00e9s du centre-ville. <strong>Un conseil\u00a0: r\u00e9servez par t\u00e9l\u00e9phone, car l\u2019adresse est aussi discr\u00e8te que convoit\u00e9e.<\/strong><br \/><strong>Dernier service\u00a0: 23 h en semaine, minuit le week-end.<\/strong><\/p>\n<p>&#13;<\/p>\n<blockquote class=\"instagram-media\" data-instgrm-permalink=\"https:\/\/www.instagram.com\/p\/DGA6UxFsf3z\/?utm_source=ig_embed&amp;utm_campaign=loading\" data-instgrm-version=\"14\" style=\"background: #FFF; border: 0; border-radius: 3px; box-shadow: 0 0 1px 0 rgba(0,0,0,0.5),0 1px 10px 0 rgba(0,0,0,0.15); margin: 1px; max-width: 540px; min-width: 326px; padding: 0; width: calc(100% - 2px);\"><p>&#13;<br \/>\n&#13;\n<\/p><\/blockquote>\n<p>&#13;<br \/>\n&#13;<br \/>\n<br \/>Brasserie de la Paix\u00a0: une institution qui joue les prolongations&#13;<\/p>\n<p>Impossible de parler de repas tardifs sans \u00e9voquer la Brasserie de la Paix. Cette grande dame, autrefois baptis\u00e9e Caf\u00e9 de la Paix, <strong>tr\u00f4ne fi\u00e8rement place de la R\u00e9publique<\/strong>. On y sert <strong>une cuisine g\u00e9n\u00e9reuse non-stop de 7h \u00e0 23h15<\/strong>, avec un menu \u00e0 mi-chemin entre la <strong>tradition alsacienne (choucroute, goujonnettes) <\/strong>et les <strong>classiques brasserie (chartreuse de b\u0153uf, foie de veau, tartares&#8230;)<\/strong>.<br \/>Le cadre chic sans \u00eatre guind\u00e9 attire aussi bien les touristes que les Rennais qui veulent prolonger leur soir\u00e9e avec un bon d\u00eener.<br \/><strong>Dernier service\u00a0: 23h15, pile. Pas une minute de plus.<\/strong><\/p>\n<p>&#13;<\/p>\n<blockquote class=\"instagram-media\" data-instgrm-permalink=\"https:\/\/www.instagram.com\/p\/DKjX0cxMCZn\/?utm_source=ig_embed&amp;utm_campaign=loading\" data-instgrm-version=\"14\" style=\"background: #FFF; border: 0; border-radius: 3px; box-shadow: 0 0 1px 0 rgba(0,0,0,0.5),0 1px 10px 0 rgba(0,0,0,0.15); margin: 1px; max-width: 540px; min-width: 326px; padding: 0; width: calc(100% - 2px);\"><p>&#13;<br \/>\n&#13;\n<\/p><\/blockquote>\n<p>&#13;<br \/>\n&#13;<br \/>\n<br \/>Le Big Bazar\u00a0: ambiance clinquante et cuisine sans chichi&#13;<\/p>\n<p>Cach\u00e9 <strong>au bout de l\u2019all\u00e9e Rallier-du-Baty<\/strong>, Le Big Bazar porte bien son nom. Sa <strong>d\u00e9co \u00e0 la fois r\u00e9tro et tape-\u00e0-l\u2019\u0153il<\/strong> contraste avec une carte simple mais efficace. <strong>On y mange des burgers, des planches \u00e0 partager, quelques plats bistrot<\/strong> bien pens\u00e9s, le tout dans une ambiance d\u00e9tendue et souvent anim\u00e9e.<br \/>C\u2019est le QG de ceux qui sortent du cin\u00e9, d\u2019un concert ou d\u2019un verre un peu prolong\u00e9. Et la cuisine, elle, tourne jusqu\u2019\u00e0 minuit le week-end, parfois plus quand la salle est pleine.<br \/><strong>Dernier service\u00a0: 23 h en semaine, minuit (ou plus) les vendredis et samedis.<\/strong><\/p>\n<p>&#13;<\/p>\n<blockquote class=\"instagram-media\" data-instgrm-permalink=\"https:\/\/www.instagram.com\/reel\/C9xWQ_DMJFb\/?utm_source=ig_embed&amp;utm_campaign=loading\" data-instgrm-version=\"14\" style=\"background: #FFF; border: 0; border-radius: 3px; box-shadow: 0 0 1px 0 rgba(0,0,0,0.5),0 1px 10px 0 rgba(0,0,0,0.15); margin: 1px; max-width: 540px; min-width: 326px; padding: 0; width: calc(100% - 2px);\"><p>&#13;<br \/>\n&#13;\n<\/p><\/blockquote>\n<p>&#13;<br \/>\n&#13;<\/p>\n<p>Que vous soyez du genre afterwork qui tra\u00eene, soir\u00e9e improvis\u00e9e entre amis ou simplement victime d\u2019un d\u00eener tardif, Rennes a de quoi satisfaire les papilles nocturnes.<\/p>\n<p>&#13;<\/p>\n<p>Bon app\u00e9tit les couche-tard\u00a0!<\/p>\n<p>&#13;<\/p>\n<p>\u00a0<\/p>\n<p><script async src=\"\/\/www.instagram.com\/embed.js\"><\/script><\/p>\n","protected":false},"excerpt":{"rendered":"Voici notre s\u00e9lection de restos rennais qui savent chouchouter les oiseaux de nuit. &#13; Le Gorille Bleu\u00a0: repaire&hellip;\n","protected":false},"author":2,"featured_media":303306,"comment_status":"","ping_status":"","sticky":false,"template":"","format":"standard","meta":{"footnotes":""},"categories":[2821],"tags":[1111,11,829,1777,674,1011,27,12,584,25],"class_list":{"0":"post-303305","1":"post","2":"type-post","3":"status-publish","4":"format-standard","5":"has-post-thumbnail","7":"category-rennes","8":"tag-actu","9":"tag-actualites","10":"tag-bretagne","11":"tag-eu","12":"tag-europe","13":"tag-fr","14":"tag-france","15":"tag-news","16":"tag-rennes","17":"tag-republique-francaise"},"share_on_mastodon":{"url":"https:\/\/pubeurope.com\/@fr\/114988811824473783","error":""},"_links":{"self":[{"href":"https:\/\/www.europesays.com\/fr\/wp-json\/wp\/v2\/posts\/303305","targetHints":{"allow":["GET"]}}],"collection":[{"href":"https:\/\/www.europesays.com\/fr\/wp-json\/wp\/v2\/posts"}],"about":[{"href":"https:\/\/www.europesays.com\/fr\/wp-json\/wp\/v2\/types\/post"}],"author":[{"embeddable":true,"href":"https:\/\/www.europesays.com\/fr\/wp-json\/wp\/v2\/users\/2"}],"replies":[{"embeddable":true,"href":"https:\/\/www.europesays.com\/fr\/wp-json\/wp\/v2\/comments?post=303305"}],"version-history":[{"count":0,"href":"https:\/\/www.europesays.com\/fr\/wp-json\/wp\/v2\/posts\/303305\/revisions"}],"wp:featuredmedia":[{"embeddable":true,"href":"https:\/\/www.europesays.com\/fr\/wp-json\/wp\/v2\/media\/303306"}],"wp:attachment":[{"href":"https:\/\/www.europesays.com\/fr\/wp-json\/wp\/v2\/media?parent=303305"}],"wp:term":[{"taxonomy":"category","embeddable":true,"href":"https:\/\/www.europesays.com\/fr\/wp-json\/wp\/v2\/categories?post=303305"},{"taxonomy":"post_tag","embeddable":true,"href":"https:\/\/www.europesays.com\/fr\/wp-json\/wp\/v2\/tags?post=303305"}],"curies":[{"name":"wp","href":"https:\/\/api.w.org\/{rel}","templated":true}]}}