{"id":303307,"date":"2025-08-07T18:06:11","date_gmt":"2025-08-07T18:06:11","guid":{"rendered":"https:\/\/www.europesays.com\/fr\/303307\/"},"modified":"2025-08-07T18:06:11","modified_gmt":"2025-08-07T18:06:11","slug":"la-piscine-du-wacken-reprend-doucement-vie","status":"publish","type":"post","link":"https:\/\/www.europesays.com\/fr\/303307\/","title":{"rendered":"la piscine du Wacken reprend doucement vie"},"content":{"rendered":"<p>Ce n\u2019est pas l\u2019effervescence des grandes journ\u00e9es d\u2019\u00e9t\u00e9 mais, m\u00eame timidement, serviettes de plage et sourires sont revenus ce jeudi matin 7 ao\u00fbt. Les habitu\u00e9s, qu\u2019ils soient r\u00e9guliers ou occasionnels, sont \u00ab\u00a0contents, forc\u00e9ment\u00a0!\u00a0\u00bb de retrouver les bassins.<\/p>\n<p>  \u00ab\u00a0On s\u2019est vu priv\u00e9s\u00a0\u00bb<\/p>\n<p>Patricia et Pierre, de Lampertheim, qui mettent le maillot au Wacken \u00ab\u00a0trois \u00e0 quatre fois par semaine, toute l\u2019ann\u00e9e pour nager et l\u2019\u00e9t\u00e9 avec les petites-filles de 6 et 3 ans pour barboter\u00a0\u00bb, savourent\u00a0: <a href=\"https:\/\/www.dna.fr\/societe\/2025\/07\/24\/fermeture-de-la-piscine-du-wacken-jusqu-a-debut-aout\" target=\"_blank\" rel=\"noopener\">avec la fermeture technique<\/a> , \u00ab\u00a0on s\u2019est vu priv\u00e9s\u00a0\u00bb. Ils attendent avec impatience que le coin enfants en inox soit <a href=\"https:\/\/www.dna.fr\/culture-loisirs\/2025\/07\/31\/piscine-du-wacken-reouverture-progressive-a-partir-du-samedi-2-aout\" target=\"_blank\" rel=\"noopener\">\u00e0 nouveau accessible<\/a> , ce samedi.<\/p>\n<p>Sur les marches d\u2019acc\u00e8s \u00e0 l\u2019espace d\u00e9tente, \u00e7a bouchonne entre les bou\u00e9es. Marie-Paule est, du coup, carr\u00e9ment \u00ab\u00a0f\u00e2ch\u00e9e\u00a0\u00bb\u00a0: \u00ab\u00a0\u00c7a aurait d\u00fb rouvrir en premier pour les petits, surtout quand on sait que certains ne partent pas en vacances \u00bb. \u00ab\u00a0Ici, ils n\u2019ont pas pied et leur piscine carrel\u00e9e [\u00e0 gauche en entrant] est trop froide.\u00a0\u00bb \u00c0 midi, \u00e0 peine trois bambins y pataugent en effet\u2026 rapidement.<\/p>\n<p>  C\u2019est le soleil qui a attir\u00e9 les copines de tous \u00e2ges et de tous environs<\/p>\n<p>\u00c0 la m\u00eame heure, l\u2019aquagym agite ses d\u00e9cibels, une cinquantaine de nageurs enquillent les longueurs dans les sept couloirs de nage dans une eau \u00e0 27\u00a0\u00b0C. Le thermom\u00e8tre affiche une temp\u00e9rature de l\u2019air de 24\u00a0\u00b0C. Apr\u00e8s le \u00ab\u00a0beau\u00a0\u00bb, le \u00ab\u00a0chaud\u00a0\u00bb arrive timidement. Terrains de beach-volley et tables de ping-pong sont encore d\u00e9serts, les jeux d\u2019eau inactifs\u2026<\/p>\n<p>C\u2019est le soleil qui a attir\u00e9 les copines de tous \u00e2ges et de tous environs, en ce jour. Adolescentes ou sexag\u00e9naires, de Hoenheim ou de Bischheim, Am\u00e9lie et Ana\u00efs, Patricia et Nicole se sont retrouv\u00e9es, pour \u00ab\u00a0profiter\u00a0\u00bb, pique-niquer, discuter, se rafra\u00eechir, bronzer\u2026 faire quelques brasses \u00ab\u00a0quand m\u00eame\u00a0\u00bb.<\/p>\n<p>Vers 13\u00a0h\u00a030, une quarantaine de personnes s\u2019\u00e9parpillent comme elles sur l\u2019herbe. Seuls quelques hommes parmi elles, plut\u00f4t en solo, piquant une petite sieste. A priori, pas pl\u00e9thore de touristes. Et une famille\u00a0: Ang\u00e9lique, de Breuschwickersheim, avec sa tribu de trois de 15 \u00e0 5 ans, pour qui le Wacken, c\u2019est clairement \u00ab\u00a0la sortie plein air\u00a0\u00bb de vacances. Ils sont heureux de <a href=\"https:\/\/www.dna.fr\/magazine-sante\/2025\/06\/19\/soleil-attention-a-ces-idees-recues-qui-sont-dangereuses-pour-votre-peau\" target=\"_blank\" rel=\"noopener\">ressortir la cr\u00e8me solaire<\/a>.<\/p>\n<p>M\u00eame C\u00e9line, Neudorfoise de 52 ans, s\u2019est laiss\u00e9e s\u00e9duire par un bain de soleil au vert\u00a0: \u00ab\u00a0Je viens plut\u00f4t \u00e0 contre-courant de la fr\u00e9quentation et donc\u2026 quand il fait mauvais\u00a0\u00bb, rigole-t-elle, palmes en main apr\u00e8s ses 1\u00a0200 m\u00e8tres. Comme elle, d\u2019autres ont anticip\u00e9 sur l\u2019affluence pr\u00e9visible des prochains jours, comme ces grands-parents schilikois, Maddy et Xavier, par ailleurs assez surpris de la tranquille affluence en ce joli temps.<\/p>\n<p>  \u00ab\u00a0\u00c7a allait \u00eatre rush ou calme, c\u2019est calme\u00a0\u00bb<\/p>\n<p>Ce jeudi, \u00ab\u00a0on sent que les gens sont de retour ou\u2026 vont l\u2019\u00eatre\u00a0!\u00a0\u00bb glisse un m\u00e9diateur, en observateur du quotidien.\u00a0\u00bb \u00ab\u00a0\u00c7a allait \u00eatre rush ou calme, c\u2019est calme\u00a0\u00bb, t\u00e9moigne de son c\u00f4t\u00e9 la g\u00e9rante du snack \u00c9lodie Sire, qui n\u2019avait pas servi depuis le 20\u00a0juillet. \u00c0 14\u00a0h, 664 usagers ont fait tourner le portillon depuis l\u2019ouverture de 7\u00a0h, 302 s\u2019\u00e9gayent dans la structure \u00ab\u00a0en instantan\u00e9\u00a0\u00bb. Les arceaux \u00e0 v\u00e9lo, \u00e0 l\u2019entr\u00e9e, sont presque tous garnis. Ao\u00fbt peut commencer\u00a0!<\/p>\n","protected":false},"excerpt":{"rendered":"Ce n\u2019est pas l\u2019effervescence des grandes journ\u00e9es d\u2019\u00e9t\u00e9 mais, m\u00eame timidement, serviettes de plage et sourires sont revenus&hellip;\n","protected":false},"author":2,"featured_media":303308,"comment_status":"","ping_status":"","sticky":false,"template":"","format":"standard","meta":{"footnotes":""},"categories":[2820],"tags":[1111,11,2389,2649,1687,2880,1777,674,107,1011,27,775,5216,12,25,517,640,2879],"class_list":{"0":"post-303307","1":"post","2":"type-post","3":"status-publish","4":"format-standard","5":"has-post-thumbnail","7":"category-strasbourg","8":"tag-actu","9":"tag-actualites","10":"tag-alsace","11":"tag-bas-rhin","12":"tag-culture-loisirs","13":"tag-edition-strasbourg","14":"tag-eu","15":"tag-europe","16":"tag-fil-info","17":"tag-fr","18":"tag-france","19":"tag-grand-est","20":"tag-natation","21":"tag-news","22":"tag-republique-francaise","23":"tag-sport","24":"tag-strasbourg","25":"tag-strasbourg-ville"},"share_on_mastodon":{"url":"https:\/\/pubeurope.com\/@fr\/114988815725554469","error":""},"_links":{"self":[{"href":"https:\/\/www.europesays.com\/fr\/wp-json\/wp\/v2\/posts\/303307","targetHints":{"allow":["GET"]}}],"collection":[{"href":"https:\/\/www.europesays.com\/fr\/wp-json\/wp\/v2\/posts"}],"about":[{"href":"https:\/\/www.europesays.com\/fr\/wp-json\/wp\/v2\/types\/post"}],"author":[{"embeddable":true,"href":"https:\/\/www.europesays.com\/fr\/wp-json\/wp\/v2\/users\/2"}],"replies":[{"embeddable":true,"href":"https:\/\/www.europesays.com\/fr\/wp-json\/wp\/v2\/comments?post=303307"}],"version-history":[{"count":0,"href":"https:\/\/www.europesays.com\/fr\/wp-json\/wp\/v2\/posts\/303307\/revisions"}],"wp:featuredmedia":[{"embeddable":true,"href":"https:\/\/www.europesays.com\/fr\/wp-json\/wp\/v2\/media\/303308"}],"wp:attachment":[{"href":"https:\/\/www.europesays.com\/fr\/wp-json\/wp\/v2\/media?parent=303307"}],"wp:term":[{"taxonomy":"category","embeddable":true,"href":"https:\/\/www.europesays.com\/fr\/wp-json\/wp\/v2\/categories?post=303307"},{"taxonomy":"post_tag","embeddable":true,"href":"https:\/\/www.europesays.com\/fr\/wp-json\/wp\/v2\/tags?post=303307"}],"curies":[{"name":"wp","href":"https:\/\/api.w.org\/{rel}","templated":true}]}}