{"id":303320,"date":"2025-08-07T18:13:11","date_gmt":"2025-08-07T18:13:11","guid":{"rendered":"https:\/\/www.europesays.com\/fr\/303320\/"},"modified":"2025-08-07T18:13:11","modified_gmt":"2025-08-07T18:13:11","slug":"arretes-a-bordeaux-ces-deux-voleurs-nont-plus-le-droit-de-sejourner-a-arcachon","status":"publish","type":"post","link":"https:\/\/www.europesays.com\/fr\/303320\/","title":{"rendered":"Arr\u00eat\u00e9s \u00e0 Bordeaux, ces deux voleurs n&rsquo;ont plus le droit de s\u00e9journer \u00e0 Arcachon"},"content":{"rendered":"<p>            Par<br \/>\n        <strong><br \/>\n            <a href=\"https:\/\/actu.fr\/auteur\/redaction-bordeaux\" title=\"Consulter tous les articles de R\u00e9daction Bordeaux\" target=\"_blank\" rel=\"noopener\">R\u00e9daction Bordeaux<\/a><br \/>\n        <\/strong><\/p>\n<p>        Publi\u00e9 le<\/p>\n<p>            7 ao\u00fbt 2025 \u00e0 19h08        <\/p>\n<p>Les deux suspects, \u00e2g\u00e9s de 18 et 26\u00a0ans, <strong>arr\u00eat\u00e9s lundi rue Sainte-Catherine<\/strong>, trois jours apr\u00e8s avoir commis <a href=\"https:\/\/actu.fr\/nouvelle-aquitaine\/arcachon_33009\/vitrines-brisees-fonds-de-caisse-voles-des-commerces-du-centre-d-arcachon-ont-ete-victimes-d-effractions_62990226.html\" target=\"_blank\" rel=\"noopener\">une s\u00e9rie d\u2019effractions \u00e0 Arcachon<\/a>, ont \u00e9t\u00e9 jug\u00e9s en comparution imm\u00e9diate mercredi 6\u00a0ao\u00fbt au tribunal de Bordeaux.<\/p>\n<p class=\" wall-content\">Les deux hommes ont \u00e9t\u00e9 condamn\u00e9s pour \u00ab\u2009des faits de vol ou de tentatives de vol par effraction\u2009\u00bb et pour \u00ab\u2009les d\u00e9gradations caus\u00e9es\u2009\u00bb dans plusieurs<strong> commerces situ\u00e9s boulevard de la Plage \u00e0 Arcachon<\/strong>, ainsi que le th\u00e9\u00e2tre Olympia. Le parquet indique qu\u2019ils ont toutefois \u00e9t\u00e9 relax\u00e9s pour des faits de<strong> vol de carte bleue dans le train<\/strong> et de la <strong>destruction d\u2019un aquarium<\/strong> dans l\u2019un des commerces vandalis\u00e9s.<\/p>\n<p>Les deux hommes jug\u00e9s coupables<\/p>\n<p class=\" wall-content\">Le premier pr\u00e9venu, d\u00e9j\u00e0 lourdement condamn\u00e9 par le pass\u00e9, a \u00e9t\u00e9 condamn\u00e9 \u00e0 un an de d\u00e9tention, dont six mois avec sursis probatoire sur une p\u00e9riode de deux ans. En outre, ce <strong>multir\u00e9cidiviste<\/strong> est tenu de<strong> r\u00e9parer les dommages caus\u00e9s aux victimes<\/strong>, de r\u00e9gler les sommes dues au Tr\u00e9sor Public, ainsi que de respecter une interdiction de s\u00e9jour \u00e0 Arcachon et une <strong>obligation de soins<\/strong>. Le tribunal a ordonn\u00e9 son maintien en d\u00e9tention.<\/p>\n<p class=\" wall-content\">Le tribunal judiciaire de Lisieux (Calvados) avait \u00e9galement prononc\u00e9 une r\u00e9vocation du sursis probatoire \u00e0 son encontre.\u00a0<\/p>\n<p class=\" wall-content\">Son <strong>complice de 18\u00a0ans<\/strong>, au casier judiciaire vierge, a \u00e9cop\u00e9 d\u2019une peine de six mois de prison avec sursis probatoire. En plus des m\u00eames obligations que le premier pr\u00e9venu, le tribunal lui a ordonn\u00e9 de <strong>travailler ou de suivre une formation<\/strong>.<\/p>\n<p class=\" wall-content\">Suivez toute l\u2019actualit\u00e9 de vos villes et m\u00e9dias favoris en vous inscrivant \u00e0 <a href=\"https:\/\/moncompte.actu.fr\" title=\"D\u00e9couvez Mon Actu\" rel=\"nofollow noopener\" data-trk=\"{&quot;cta&quot;:{&quot;action&quot;:&quot;https:\\\/\\\/moncompte.actu.fr&quot;,&quot;category&quot;:&quot;mon compte&quot;,&quot;from&quot;:&quot;article footer&quot;,&quot;name&quot;:&quot;Mon actu&quot;,&quot;type&quot;:&quot;cta&quot;}}\" target=\"_blank\">Mon Actu<\/a>.<\/p>\n<ul class=\"ac-article-tag wall-content\">\n<li><a href=\"https:\/\/actu.fr\/tag\/bassin-d-arcachon\" data-trk=\"{&quot;cta&quot;:{&quot;action&quot;:&quot;Bassin d&#039;Arcachon&quot;,&quot;category&quot;:&quot;tag&quot;,&quot;from&quot;:&quot;article footer&quot;,&quot;name&quot;:&quot;Bassin d&#039;Arcachon&quot;,&quot;type&quot;:&quot;cta&quot;}}\" target=\"_blank\" rel=\"noopener\">#Bassin d&rsquo;Arcachon<\/a><\/li>\n<li><a href=\"https:\/\/actu.fr\/tag\/justice\" data-trk=\"{&quot;cta&quot;:{&quot;action&quot;:&quot;Justice&quot;,&quot;category&quot;:&quot;tag&quot;,&quot;from&quot;:&quot;article footer&quot;,&quot;name&quot;:&quot;Justice&quot;,&quot;type&quot;:&quot;cta&quot;}}\" target=\"_blank\" rel=\"noopener\">#Justice<\/a><\/li>\n<\/ul>\n","protected":false},"excerpt":{"rendered":"Par R\u00e9daction Bordeaux Publi\u00e9 le 7 ao\u00fbt 2025 \u00e0 19h08 Les deux suspects, \u00e2g\u00e9s de 18 et 26\u00a0ans,&hellip;\n","protected":false},"author":2,"featured_media":303321,"comment_status":"","ping_status":"","sticky":false,"template":"","format":"standard","meta":{"footnotes":""},"categories":[2817],"tags":[1111,11,33438,1997,1777,674,118,1011,27,303,12,2219,25],"class_list":{"0":"post-303320","1":"post","2":"type-post","3":"status-publish","4":"format-standard","5":"has-post-thumbnail","7":"category-bordeaux","8":"tag-actu","9":"tag-actualites","10":"tag-bassin-darcachon","11":"tag-bordeaux","12":"tag-eu","13":"tag-europe","14":"tag-faits-divers","15":"tag-fr","16":"tag-france","17":"tag-justice","18":"tag-news","19":"tag-nouvelle-aquitaine","20":"tag-republique-francaise"},"share_on_mastodon":{"url":"https:\/\/pubeurope.com\/@fr\/114988843278075111","error":""},"_links":{"self":[{"href":"https:\/\/www.europesays.com\/fr\/wp-json\/wp\/v2\/posts\/303320","targetHints":{"allow":["GET"]}}],"collection":[{"href":"https:\/\/www.europesays.com\/fr\/wp-json\/wp\/v2\/posts"}],"about":[{"href":"https:\/\/www.europesays.com\/fr\/wp-json\/wp\/v2\/types\/post"}],"author":[{"embeddable":true,"href":"https:\/\/www.europesays.com\/fr\/wp-json\/wp\/v2\/users\/2"}],"replies":[{"embeddable":true,"href":"https:\/\/www.europesays.com\/fr\/wp-json\/wp\/v2\/comments?post=303320"}],"version-history":[{"count":0,"href":"https:\/\/www.europesays.com\/fr\/wp-json\/wp\/v2\/posts\/303320\/revisions"}],"wp:featuredmedia":[{"embeddable":true,"href":"https:\/\/www.europesays.com\/fr\/wp-json\/wp\/v2\/media\/303321"}],"wp:attachment":[{"href":"https:\/\/www.europesays.com\/fr\/wp-json\/wp\/v2\/media?parent=303320"}],"wp:term":[{"taxonomy":"category","embeddable":true,"href":"https:\/\/www.europesays.com\/fr\/wp-json\/wp\/v2\/categories?post=303320"},{"taxonomy":"post_tag","embeddable":true,"href":"https:\/\/www.europesays.com\/fr\/wp-json\/wp\/v2\/tags?post=303320"}],"curies":[{"name":"wp","href":"https:\/\/api.w.org\/{rel}","templated":true}]}}