{"id":303324,"date":"2025-08-07T18:15:11","date_gmt":"2025-08-07T18:15:11","guid":{"rendered":"https:\/\/www.europesays.com\/fr\/303324\/"},"modified":"2025-08-07T18:15:11","modified_gmt":"2025-08-07T18:15:11","slug":"cinema-des-projections-en-plein-air-et-gratuites-de-films-populaires-dans-cette-commune-pres-de-toulouse","status":"publish","type":"post","link":"https:\/\/www.europesays.com\/fr\/303324\/","title":{"rendered":"Cin\u00e9ma. Des projections en plein air (et gratuites) de films populaires dans cette commune, pr\u00e8s de Toulouse"},"content":{"rendered":"<p>            Par<br \/>\n        <strong><br \/>\n            <a href=\"https:\/\/actu.fr\/auteur\/guillaume-laurens\" title=\"Consulter tous les articles de Guillaume Laurens\" rel=\"nofollow noopener\" target=\"_blank\">Guillaume Laurens<\/a><br \/>\n        <\/strong><\/p>\n<p>        Publi\u00e9 le<\/p>\n<p>            7 ao\u00fbt 2025 \u00e0 20h02        <\/p>\n<p>Il n\u2019y a pas que dans la Ville rose o\u00f9 l\u2019on peut profiter d\u2019un film <strong>sous les \u00e9toiles !<\/strong>\u00a0La Ville de <a href=\"https:\/\/actu.fr\/occitanie\/balma_31044\" rel=\"nofollow noopener\" target=\"_blank\"><strong>Balma<\/strong> <\/a>(Haute-Garonne) propose \u00e9galement des s\u00e9ances <strong>gratuites<\/strong> de <strong>cin\u00e9ma en plein air<\/strong> cet \u00e9t\u00e9. Au programme ? Une trilogie de <strong>films populaires<\/strong>. Et la prochaine date se d\u00e9roule ce vendredi 8 ao\u00fbt 2025.<\/p>\n<p>Apr\u00e8s Aladdin, voici Les Tuche 4 \u00e0 Balma !<\/p>\n<p class=\" wall-content\">Pour permettre \u00e0 ses habitants de \u00ab\u00a0passer un moment de d\u00e9tente en famille ou entre amis\u00a0\u00bb devant quelques films cultes, la ville de Balma propose en effet trois s\u00e9ances <strong>gratuites<\/strong> de cin\u00e9ma en plein air cet \u00e9t\u00e9, et ce, sur <strong>diff\u00e9rents sites<\/strong> de la commune.<\/p>\n<p class=\" wall-content\">Apr\u00e8s avoir diffus\u00e9 Aladdin, vendredi 25 juillet, sur la place Auguste Renoir, la mairie donne cette fois rendez-vous au niveau du <strong>Parc de Lagarde<\/strong>, ce vendredi 8 ao\u00fbt 2025 \u00e0 21h30, pour une nouvelle projection. Au programme, cette fois ? La diffusion du film \u00e0 succ\u00e8s \u00ab\u00a0Les Tuche 4\u00a0\u00bb.<\/p>\n<p>Le quatri\u00e8me volet de la s\u00e9rie \u00ab\u00a0Les Tuche\u00a0\u00bb ce vendredi<\/p>\n<p class=\" wall-content\">Ce <strong>quatri\u00e8me volet<\/strong> de la s\u00e9rie de films comiques Les Tuche, <strong>sorti en 2021<\/strong>, a \u00e9t\u00e9 co\u00e9crit et r\u00e9alis\u00e9 par Olivier Baroux. Il met en sc\u00e8ne les aventures du c\u00e9l\u00e8bre Jeff Tuche (Jean-Paul Rouve) et son iconoclaste famille \u00e0 <strong>No\u00ebl<\/strong>.<\/p>\n<p>Vid\u00e9os : en ce moment sur Actu<\/p>\n<p class=\" wall-content\">La bande-annonce du film Les Tuche 4 ci-dessous :<\/p>\n<p class=\" wall-content\">\n<p>Le synopsis du film \u00ab\u00a0Les Tuche 4\u00a0\u00bb<br \/>Apr\u00e8s avoir d\u00e9missionn\u00e9 de son poste de pr\u00e9sident de la R\u00e9publique, Jeff et sa famille sont heureux de retrouver leur village de Bouzolles. \u00c0 l\u2019approche des f\u00eates de fin d\u2019ann\u00e9e, Cathy demande un unique cadeau : renouer les liens avec sa s\u0153ur Maguy, et son mari Jean-Yves avec qui Jeff est f\u00e2ch\u00e9 depuis 10 ans.<br \/>La r\u00e9conciliation aurait pu se d\u00e9rouler sans probl\u00e8me, sauf que lors d\u2019un d\u00e9jeuner, Jeff et Jean-Yves, vont une nouvelle fois trouver un sujet de discorde : No\u00ebl. Cette querelle familiale qui n\u2019aurait jamais d\u00fb sortir de Bouzolles va se transformer en bras de fer entre Jeff et un g\u00e9ant de la distribution sur Internet.<\/p>\n<p>\u00ab\u00a0Le Comte de Monte-Cristo\u00a0\u00bb fin ao\u00fbt<\/p>\n<p class=\" wall-content\">Une troisi\u00e8me et derni\u00e8re projection est pr\u00e9vue vendredi 22 ao\u00fbt, du c\u00f4t\u00e9 du <strong>parc du Vidailhan<\/strong>, o\u00f9 la mairie proposera d\u2019assister \u00e0 la projection du film \u00ab\u00a0Le Comte de Monte-Cristo\u00a0\u00bb. R\u00e9alis\u00e9 par Alexandre de La Patelli\u00e8re et Matthieu Delaporte, avec Pierre Niney en t\u00eate d\u2019affiche, <a href=\"https:\/\/actu.fr\/occitanie\/ceret_66049\/tourne-dans-un-chateau-des-pyrenees-orientales-ce-celebre-film-recoit-le-cesar-des-meilleurs-decors_62331534.html\" rel=\"nofollow noopener\" target=\"_blank\">ce film culte, tourn\u00e9 dans un ch\u00e2teau des Pyr\u00e9n\u00e9es-Orientales<\/a>, a connu un vif succ\u00e8s. Un film plus r\u00e9cent, puisqu\u2019il est sorti en 2024.<\/p>\n<p class=\" wall-content\">La bande-annonce du film Le Comte de Monte-Cristo ci-dessous :<\/p>\n<p class=\" wall-content\">\n<p><strong>Le synopsis du film \u00ab\u00a0Le Comte de Monte-Cristo\u00a0\u00bb<\/strong><br \/>Victime d\u2019un complot, le jeune Edmond Dant\u00e8s est arr\u00eat\u00e9 le jour de son mariage pour un crime qu\u2019il n\u2019a pas commis. Apr\u00e8s quatorze ans de d\u00e9tention au ch\u00e2teau d\u2019If, il parvient \u00e0 s\u2019\u00e9vader. Devenu immens\u00e9ment riche, il revient sous l\u2019identit\u00e9 du comte de Monte-Cristo pour se venger des trois hommes qui l\u2019ont trahi.<\/p>\n<p class=\" wall-content\">Suivez toute l\u2019actualit\u00e9 de vos villes et m\u00e9dias favoris en vous inscrivant \u00e0 <a href=\"https:\/\/moncompte.actu.fr\" title=\"D\u00e9couvez Mon Actu\" rel=\"nofollow noopener\" data-trk=\"{&quot;cta&quot;:{&quot;action&quot;:&quot;https:\\\/\\\/moncompte.actu.fr&quot;,&quot;category&quot;:&quot;mon compte&quot;,&quot;from&quot;:&quot;article footer&quot;,&quot;name&quot;:&quot;Mon actu&quot;,&quot;type&quot;:&quot;cta&quot;}}\" target=\"_blank\">Mon Actu<\/a>.<\/p>\n","protected":false},"excerpt":{"rendered":"Par Guillaume Laurens Publi\u00e9 le 7 ao\u00fbt 2025 \u00e0 20h02 Il n\u2019y a pas que dans la Ville&hellip;\n","protected":false},"author":2,"featured_media":303325,"comment_status":"","ping_status":"","sticky":false,"template":"","format":"standard","meta":{"footnotes":""},"categories":[2816],"tags":[1111,11,650,1777,674,1011,27,12,2680,25,2312],"class_list":{"0":"post-303324","1":"post","2":"type-post","3":"status-publish","4":"format-standard","5":"has-post-thumbnail","7":"category-toulouse","8":"tag-actu","9":"tag-actualites","10":"tag-cinema","11":"tag-eu","12":"tag-europe","13":"tag-fr","14":"tag-france","15":"tag-news","16":"tag-occitanie","17":"tag-republique-francaise","18":"tag-toulouse"},"share_on_mastodon":{"url":"https:\/\/pubeurope.com\/@fr\/114988851177903420","error":""},"_links":{"self":[{"href":"https:\/\/www.europesays.com\/fr\/wp-json\/wp\/v2\/posts\/303324","targetHints":{"allow":["GET"]}}],"collection":[{"href":"https:\/\/www.europesays.com\/fr\/wp-json\/wp\/v2\/posts"}],"about":[{"href":"https:\/\/www.europesays.com\/fr\/wp-json\/wp\/v2\/types\/post"}],"author":[{"embeddable":true,"href":"https:\/\/www.europesays.com\/fr\/wp-json\/wp\/v2\/users\/2"}],"replies":[{"embeddable":true,"href":"https:\/\/www.europesays.com\/fr\/wp-json\/wp\/v2\/comments?post=303324"}],"version-history":[{"count":0,"href":"https:\/\/www.europesays.com\/fr\/wp-json\/wp\/v2\/posts\/303324\/revisions"}],"wp:featuredmedia":[{"embeddable":true,"href":"https:\/\/www.europesays.com\/fr\/wp-json\/wp\/v2\/media\/303325"}],"wp:attachment":[{"href":"https:\/\/www.europesays.com\/fr\/wp-json\/wp\/v2\/media?parent=303324"}],"wp:term":[{"taxonomy":"category","embeddable":true,"href":"https:\/\/www.europesays.com\/fr\/wp-json\/wp\/v2\/categories?post=303324"},{"taxonomy":"post_tag","embeddable":true,"href":"https:\/\/www.europesays.com\/fr\/wp-json\/wp\/v2\/tags?post=303324"}],"curies":[{"name":"wp","href":"https:\/\/api.w.org\/{rel}","templated":true}]}}