{"id":303328,"date":"2025-08-07T18:17:12","date_gmt":"2025-08-07T18:17:12","guid":{"rendered":"https:\/\/www.europesays.com\/fr\/303328\/"},"modified":"2025-08-07T18:17:12","modified_gmt":"2025-08-07T18:17:12","slug":"quel-gardien-pour-remplacer-lucas-chevalier-a-lille","status":"publish","type":"post","link":"https:\/\/www.europesays.com\/fr\/303328\/","title":{"rendered":"quel gardien pour remplacer Lucas Chevalier \u00e0 Lille?"},"content":{"rendered":"<p class=\"mb-4 text-lg md:leading-8 break-words\">Lille a du travail. Avec le <a href=\"https:\/\/fr.news.yahoo.com\/sport\/mercato-lucas-chevalier-va-signer-135425018.html\" data-ylk=\"slk:d\u00e9part attendu de Lucas Chevalier pour le PSG;elm:context_link;itc:0;sec:content-canvas;outcm:mb_qualified_link;_E:mb_qualified_link;ct:story;\" class=\"link  yahoo-link\" target=\"_blank\" rel=\"noopener\">d\u00e9part attendu de Lucas Chevalier pour le PSG<\/a>, le Losc va devoir trouver un autre gardien. Le Belge Arnaud Bodart, recrut\u00e9 cet \u00e9t\u00e9 en provenance de Metz, pour \u00eatre la doublure de Chevalier prendra le relais pendant les recherches du Losc pour un nouveau gardien. Le Losc savait que la probabilit\u00e9 de voir partir son gardien form\u00e9 au club \u00e9tait forte. Il y a quelques semaines, Lille s&rsquo;int\u00e9ressait au Brestois Marco Bizot qui a pr\u00e9f\u00e9r\u00e9 rejoindre Aston Villa. Le gros ch\u00e8que que va toucher le club nordiste pour la vente de Chevalier (55 millions d&rsquo;euros) pourrait aider.<\/p>\n<p>Deux gardiens courtis\u00e9s<\/p>\n<p class=\"mb-4 text-lg md:leading-8 break-words\">Apr\u00e8s l&rsquo;\u00e9chec Bizot, les dirigeants nordistes ont d&rsquo;autres profils en t\u00eate. Le nom du portugais Ricardo Velho (du club de Farense qui vient de descendre en D2 portugaise) revient souvent. Sa c\u00f4te est estim\u00e9e \u00e0 4 millions d&rsquo;euros. Le portier de Majorque Dominik Greif int\u00e9resse \u00e9galement les Dogues m\u00eame si Lyon s&rsquo;est positionn\u00e9 sur lui depuis plusieurs jours<a href=\"https:\/\/fr.news.yahoo.com\/sport\/info-rmc-sport-mercato-lol-180214107.html\" data-ylk=\"slk:comme r\u00e9v\u00e9l\u00e9 par RMC Sport;elm:context_link;itc:0;sec:content-canvas;outcm:mb_qualified_link;_E:mb_qualified_link;ct:story;\" class=\"link  yahoo-link\" target=\"_blank\" rel=\"noopener\"> comme r\u00e9v\u00e9l\u00e9 par RMC Sport<\/a>.<\/p>\n<p class=\"mb-4 text-lg md:leading-8 break-words\">Ce mercredi, Bruno Genesio avait <a href=\"https:\/\/fr.news.yahoo.com\/sport\/lille-cas-chevalier-lat%C3%A9ral-gauche-180538612.html\" data-ylk=\"slk:pouss\u00e9 un petit coup de gueule sur le mercato;elm:context_link;itc:0;sec:content-canvas;outcm:mb_qualified_link;_E:mb_qualified_link;ct:story;\" class=\"link  yahoo-link\" target=\"_blank\" rel=\"noopener\">pouss\u00e9 un petit coup de gueule sur le mercato<\/a> de son \u00e9quipe. Le cas Chevalier l&rsquo;inqui\u00e9tait. Il est d\u00e9sormais r\u00e9gl\u00e9 m\u00eame si le transfert au PSG n&rsquo;est pas encore officiel. Mais il faut un rempla\u00e7ant et \u00e0 une grosse semaine du d\u00e9but de la saison de Ligue 1 il y a urgence tout comme sur le poste de lat\u00e9ral gauche d\u00e9sert\u00e9 apr\u00e8s les d\u00e9parts de Gudmundsson, Ismaily et Bakker.<\/p>\n<p class=\"mb-4 text-lg md:leading-8 break-words\"><a href=\"https:\/\/rmcsport.bfmtv.com\/football\/transferts\/mercato-quel-gardien-pour-remplacer-lucas-chevalier-a-lille_AV-202508070445.html#xtor=AL-68\" rel=\"nofollow noopener\" target=\"_blank\" data-ylk=\"slk:Article original publi\u00e9 sur RMC Sport;elm:context_link;itc:0;sec:content-canvas\" class=\"link \">Article original publi\u00e9 sur RMC Sport<\/a><\/p>\n","protected":false},"excerpt":{"rendered":"Lille a du travail. Avec le d\u00e9part attendu de Lucas Chevalier pour le PSG, le Losc va devoir&hellip;\n","protected":false},"author":2,"featured_media":303329,"comment_status":"","ping_status":"","sticky":false,"template":"","format":"standard","meta":{"footnotes":""},"categories":[2815],"tags":[1111,11,784,44334,1777,674,1011,27,44102,811,20377,1307,2267,4668,2428,6212,12,93,25],"class_list":{"0":"post-303328","1":"post","2":"type-post","3":"status-publish","4":"format-standard","5":"has-post-thumbnail","7":"category-lille","8":"tag-actu","9":"tag-actualites","10":"tag-aston-villa","11":"tag-bizot","12":"tag-eu","13":"tag-europe","14":"tag-fr","15":"tag-france","16":"tag-gudmundsson","17":"tag-hauts-de-france","18":"tag-ismaily","19":"tag-lille","20":"tag-losc","21":"tag-lucas-chevalier","22":"tag-lyon","23":"tag-metz","24":"tag-news","25":"tag-psg","26":"tag-republique-francaise"},"share_on_mastodon":{"url":"https:\/\/pubeurope.com\/@fr\/114988859093080713","error":""},"_links":{"self":[{"href":"https:\/\/www.europesays.com\/fr\/wp-json\/wp\/v2\/posts\/303328","targetHints":{"allow":["GET"]}}],"collection":[{"href":"https:\/\/www.europesays.com\/fr\/wp-json\/wp\/v2\/posts"}],"about":[{"href":"https:\/\/www.europesays.com\/fr\/wp-json\/wp\/v2\/types\/post"}],"author":[{"embeddable":true,"href":"https:\/\/www.europesays.com\/fr\/wp-json\/wp\/v2\/users\/2"}],"replies":[{"embeddable":true,"href":"https:\/\/www.europesays.com\/fr\/wp-json\/wp\/v2\/comments?post=303328"}],"version-history":[{"count":0,"href":"https:\/\/www.europesays.com\/fr\/wp-json\/wp\/v2\/posts\/303328\/revisions"}],"wp:featuredmedia":[{"embeddable":true,"href":"https:\/\/www.europesays.com\/fr\/wp-json\/wp\/v2\/media\/303329"}],"wp:attachment":[{"href":"https:\/\/www.europesays.com\/fr\/wp-json\/wp\/v2\/media?parent=303328"}],"wp:term":[{"taxonomy":"category","embeddable":true,"href":"https:\/\/www.europesays.com\/fr\/wp-json\/wp\/v2\/categories?post=303328"},{"taxonomy":"post_tag","embeddable":true,"href":"https:\/\/www.europesays.com\/fr\/wp-json\/wp\/v2\/tags?post=303328"}],"curies":[{"name":"wp","href":"https:\/\/api.w.org\/{rel}","templated":true}]}}