{"id":303330,"date":"2025-08-07T18:18:09","date_gmt":"2025-08-07T18:18:09","guid":{"rendered":"https:\/\/www.europesays.com\/fr\/303330\/"},"modified":"2025-08-07T18:18:09","modified_gmt":"2025-08-07T18:18:09","slug":"la-french-touch-est-devenue-tres-institutionnalisee-pour-le-dj-etienne-de-crecy-present-au-mucem-ce-samedi","status":"publish","type":"post","link":"https:\/\/www.europesays.com\/fr\/303330\/","title":{"rendered":"\u00ab\u00a0La french touch est devenue tr\u00e8s institutionnalis\u00e9e\u00a0\u00bb, pour le DJ \u00c9tienne de Cr\u00e9cy, pr\u00e9sent au Mucem ce samedi"},"content":{"rendered":"<p><a href=\"https:\/\/www.laprovence.com\/article\/region\/2797716857140914\/quand-la-french-touch-passe-aux-manettes-a-monteux\" target=\"_blank\" rel=\"noopener\">\u00c9tienne de Cr\u00e9cy<\/a> va faire vibrer le Mucem ce samedi 9\u00a0ao\u00fbt pour une \u00ab\u00a0Full Moon Party\u00a0\u00bb qui cl\u00f4t la semaine \u00ab\u00a0Sous les \u00e9toiles\u00a0\u00bb, une programmation artistique autour de<a href=\"https:\/\/www.laprovence.com\/article\/culture-loisirs\/98740633001384\/lire-le-ciel-la-nouvelle-expo-du-mucem-nous-met-la-tete-dans-les-etoiles\" target=\"_blank\" rel=\"noopener\"> l\u2019exposition \u00ab\u00a0Lire le Ciel\u00a0\u00bb<\/a>. Le producteur fran\u00e7ais de musique \u00e9lectronique, qui fait partie des fondateurs de la french touch dans les ann\u00e9es\u00a090, a sorti il y a quelques mois un nouvel album intitul\u00e9 Warm Up o\u00f9 les m\u00e9lodies \u00e9lectro pop s\u2019encha\u00eenent avec de nombreux invit\u00e9s, dont <a href=\"https:\/\/laprovence.com\/article\/france-monde\/1112489411220116\/deluge-electrique-avec-blur-aux-vieilles-charrues\" target=\"_blank\" rel=\"noopener\">Damon Albarn<\/a> (le leader de Blur). Nous revenons avec lui sur la gen\u00e8se de cet opus, sans oublier les souvenirs des d\u00e9buts \u00ab\u00a0r\u00e9volutionnaires et artisanaux\u00a0\u00bb de l\u2019\u00e9lectro et de cette fameuse french touch \u00e0 laquelle il a grandement particip\u00e9 \u00e0 travers notamment son duo Motorbass avec <a href=\"https:\/\/laprovence.com\/actu\/en-direct\/5556491\/philippe-zdar-moitie-du-duo-cassius-et-grand-nom-de-la-french-touch-est-decede.html\" target=\"_blank\" rel=\"noopener\">Philippe Zdar (Cassius)<\/a>.<\/p>\n<p><strong>Cette ann\u00e9e, en plus d\u2019un nouvel album, vous avez \u00e9t\u00e9 d\u00e9cor\u00e9 de l\u2019ordre des Arts et des Lettres, plusieurs ann\u00e9es apr\u00e8s beaucoup de vos camarades de la sc\u00e8ne \u00e9lectro. Cela vous a-t-il touch\u00e9\u00a0?<\/strong>&#13;\n<\/p>\n<p>Cette d\u00e9coration a eu lieu apr\u00e8s la cl\u00f4ture des JO\u00a02024, tous les artistes \u00e9lectro qui ont jou\u00e9 l\u00e0-bas (au Stade de France le 8\u00a0septembre, NDLR) ont re\u00e7u cette distinction. Je ne suis pas tr\u00e8s attach\u00e9 \u00e0 \u00e7a mais cela m\u2019a touch\u00e9 plus que ce que je pensais. Je me suis lanc\u00e9 dans la musique \u00e9lectronique car elle avait un c\u00f4t\u00e9 plut\u00f4t r\u00e9volutionnaire et anti-syst\u00e8me. Alors \u00eatre reconnu par l\u2019establishment ce n\u2019\u00e9tait pas un but\u00a0!<\/p>\n","protected":false},"excerpt":{"rendered":"\u00c9tienne de Cr\u00e9cy va faire vibrer le Mucem ce samedi 9\u00a0ao\u00fbt pour une \u00ab\u00a0Full Moon Party\u00a0\u00bb qui cl\u00f4t&hellip;\n","protected":false},"author":2,"featured_media":303331,"comment_status":"","ping_status":"","sticky":false,"template":"","format":"standard","meta":{"footnotes":""},"categories":[2814],"tags":[17,1111,11,251,42980,932,1777,674,1011,27,23456,44336,4743,884,12,882,25,44335,933],"class_list":{"0":"post-303330","1":"post","2":"type-post","3":"status-publish","4":"format-standard","5":"has-post-thumbnail","7":"category-marseille","8":"tag-17","9":"tag-actu","10":"tag-actualites","11":"tag-culture","12":"tag-devenue","13":"tag-est","14":"tag-eu","15":"tag-europe","16":"tag-fr","17":"tag-france","18":"tag-french","19":"tag-institutionnalisee","20":"tag-la","21":"tag-marseille","22":"tag-news","23":"tag-provence-alpes-cote-dazur","24":"tag-republique-francaise","25":"tag-touch","26":"tag-tres"},"share_on_mastodon":{"url":"https:\/\/pubeurope.com\/@fr\/114988863010516183","error":""},"_links":{"self":[{"href":"https:\/\/www.europesays.com\/fr\/wp-json\/wp\/v2\/posts\/303330","targetHints":{"allow":["GET"]}}],"collection":[{"href":"https:\/\/www.europesays.com\/fr\/wp-json\/wp\/v2\/posts"}],"about":[{"href":"https:\/\/www.europesays.com\/fr\/wp-json\/wp\/v2\/types\/post"}],"author":[{"embeddable":true,"href":"https:\/\/www.europesays.com\/fr\/wp-json\/wp\/v2\/users\/2"}],"replies":[{"embeddable":true,"href":"https:\/\/www.europesays.com\/fr\/wp-json\/wp\/v2\/comments?post=303330"}],"version-history":[{"count":0,"href":"https:\/\/www.europesays.com\/fr\/wp-json\/wp\/v2\/posts\/303330\/revisions"}],"wp:featuredmedia":[{"embeddable":true,"href":"https:\/\/www.europesays.com\/fr\/wp-json\/wp\/v2\/media\/303331"}],"wp:attachment":[{"href":"https:\/\/www.europesays.com\/fr\/wp-json\/wp\/v2\/media?parent=303330"}],"wp:term":[{"taxonomy":"category","embeddable":true,"href":"https:\/\/www.europesays.com\/fr\/wp-json\/wp\/v2\/categories?post=303330"},{"taxonomy":"post_tag","embeddable":true,"href":"https:\/\/www.europesays.com\/fr\/wp-json\/wp\/v2\/tags?post=303330"}],"curies":[{"name":"wp","href":"https:\/\/api.w.org\/{rel}","templated":true}]}}