{"id":303343,"date":"2025-08-07T18:25:18","date_gmt":"2025-08-07T18:25:18","guid":{"rendered":"https:\/\/www.europesays.com\/fr\/303343\/"},"modified":"2025-08-07T18:25:18","modified_gmt":"2025-08-07T18:25:18","slug":"le-conseil-constitutionnel-valide-le-nouveau-mode-de-scrutin-a-paris-lyon-et-marseille","status":"publish","type":"post","link":"https:\/\/www.europesays.com\/fr\/303343\/","title":{"rendered":"le Conseil constitutionnel valide le nouveau mode de scrutin \u00e0 Paris, Lyon et Marseille"},"content":{"rendered":"<p>Le Conseil constitutionnel a valid\u00e9 jeudi un nouveau mode de scrutin pour les \u00e9lections municipales \u00e0 Paris, Lyon et Marseille, dont les conseillers des mairies centrales seront d\u00e9sormais \u00e9lus directement, en plus des repr\u00e9sentants d&rsquo;arrondissements et de secteurs.<\/p>\n<p>Les \u00ab\u00a0Sages\u00a0\u00bb ont relev\u00e9 que pour ces trois communes, les plus peupl\u00e9es de France, le l\u00e9gislateur \u00e9tait fond\u00e9 \u00e0 vouloir \u00ab\u00a0am\u00e9liorer la repr\u00e9sentation des diverses sensibilit\u00e9s politiques au sein (de leurs) assembl\u00e9es d\u00e9lib\u00e9rantes\u00a0\u00bb, \u00ab\u00a0conform\u00e9ment \u00e0 l&rsquo;objectif de valeur constitutionnelle de pluralisme des courants de pens\u00e9es et d&rsquo;opinions\u00a0\u00bb.<\/p>\n<p>La r\u00e9forme, port\u00e9e par le d\u00e9put\u00e9 de Paris Renaissance Sylvain Maillard et soutenue par le gouvernement, avait \u00e9t\u00e9 vot\u00e9e d\u00e9but juillet par l&rsquo;Assembl\u00e9e malgr\u00e9 l&rsquo;hostilit\u00e9 du S\u00e9nat.<\/p>\n<p>Elle doit s&rsquo;appliquer d\u00e8s le scrutin municipal de mars 2026, conduisant \u00e0 un syst\u00e8me de double \u00e9lection, et donc deux urnes, l&rsquo;une pour \u00e9lire les membres du Conseil de la mairie centrale (Conseil de Paris, Conseils municipaux de Lyon et de Marseille) &#8211; lesquels \u00e9lisent ensuite le maire -, l&rsquo;autre pour \u00e9lire ceux de l&rsquo;arrondissement (\u00e0 Paris) ou du secteur (\u00e0 Lyon et Marseille).<\/p>\n<p>A Lyon, la r\u00e9forme entra\u00eene l&rsquo;organisation d&rsquo;un triple scrutin, puisque les administr\u00e9s des communes de la M\u00e9tropole de Lyon votent d\u00e9j\u00e0 directement pour leurs repr\u00e9sentants m\u00e9tropolitains, en m\u00eame temps que pour leurs conseillers municipaux.<\/p>\n<p>Notamment saisi sur ce point, le Conseil constitutionnel a estim\u00e9 que \u00ab\u00a0les nouvelles r\u00e8gles instaur\u00e9es ne sont pas d&rsquo;une particuli\u00e8re complexit\u00e9\u00a0\u00bb.<\/p>\n<p>La r\u00e9forme met un terme au mode de scrutin instaur\u00e9 par la \u00ab\u00a0loi PLM\u00a0\u00bb en 1982: les \u00e9lecteurs \u00e0 Paris, Lyon et Marseille votaient jusqu&rsquo;alors dans chaque arrondissement ou secteur pour une liste de conseillers, les \u00e9lus du haut de la liste si\u00e9geant \u00e0 la fois au conseil d&rsquo;arrondissement\/secteur et au conseil de la mairie centrale.<\/p>\n<p>Mais la liste arriv\u00e9e en t\u00eate dans chaque arrondissement\/secteur b\u00e9n\u00e9ficiait d&rsquo;une prime majoritaire de 50%, donnant au Conseil de Paris et aux conseils municipaux de Lyon et Marseille une morphologie parfois \u00e9loign\u00e9e des r\u00e9sultats \u00e0 l&rsquo;\u00e9chelle de la commune: en 1983, le socialiste Gaston Defferre &#8211; inspirateur de la loi &#8211; avait \u00e9t\u00e9 r\u00e9\u00e9lu maire de la cit\u00e9 phoc\u00e9enne gr\u00e2ce \u00e0 une majorit\u00e9 de conseillers municipaux de gauche, bien que ses listes aient remport\u00e9 sur l&rsquo;ensemble de la ville moins de voix que celles de la droite.<\/p>\n<p>&#8211; A Paris, Dati en embuscade &#8211;<\/p>\n<p>Ce syst\u00e8me d&rsquo;\u00e9lection par arrondissement &#8211; parfois compar\u00e9 \u00e0 celui de l&rsquo;\u00e9lection pr\u00e9sidentielle am\u00e9ricaine avec des grands \u00e9lecteurs dans chaque Etat &#8211;\u00a0avait conduit les promoteurs de la r\u00e9forme \u00e0 d\u00e9noncer ces subtilit\u00e9s math\u00e9matiques, en ce qu&rsquo;elles constituaient selon eux une \u00ab\u00a0anomalie d\u00e9mocratique\u00a0\u00bb.<\/p>\n<p>Dans la capitale, la tr\u00e8s solide implantation de la gauche dans les arrondissements de la moiti\u00e9 Est pouvait appara\u00eetre comme un \u00ab\u00a0verrou\u00a0\u00bb lui permettant de conserver son h\u00e9g\u00e9monie au Conseil de Paris depuis 2001. Elle conduisait par ailleurs les challengers \u00e0 concentrer leurs campagnes sur les seuls arrondissements ou secteurs jug\u00e9s cl\u00e9s, c&rsquo;est-\u00e0-dire susceptibles de basculer vers un camp ou un autre.<\/p>\n<p>La maire socialiste sortante, Anne Hidalgo, qui ne se repr\u00e9sente pas, avait ainsi vu dans la r\u00e9forme une \u00ab\u00a0man\u0153uvre \u00e9lectorale\u00a0\u00bb et un \u00ab\u00a0coup politique de tr\u00e8s bas niveau\u00a0\u00bb.<\/p>\n<p>Le PS parisien avait en outre estim\u00e9 que le nouveau mode de scrutin avait \u00e9t\u00e9 con\u00e7u pour servir les int\u00e9r\u00eats de Rachida Dati, la maire LR du VIIe arrondissement qui ne cache pas ses ambitions pour ravir la ville. Les soutiens de la ministre de la Culture conviennent d&rsquo;ailleurs que cette r\u00e9forme augmente ses chances de succ\u00e9der \u00e0 Mme Hidalgo.<\/p>\n<p>Elle pourrait en outre permettre au RN d&rsquo;entrer au Conseil de Paris &#8211; un seul candidat du Front national (l&rsquo;ancien nom du parti) ayant jusqu&rsquo;alors r\u00e9ussi cet exploit, lors de la mandature 1995-2001.<\/p>\n<p>Le maire \u00e9cologiste de Lyon, Gr\u00e9gory Doucet, candidat \u00e0 sa r\u00e9\u00e9lection mais concurrenc\u00e9 dans les sondages par l&rsquo;ex-patron de l&rsquo;Olympique lyonnais Jean-Michel Aulas, avait lui-aussi critiqu\u00e9 une r\u00e9forme \u00ab\u00a0brouillonne et clivante\u00a0\u00bb.<\/p>\n<p>A contrario, le maire socialiste de Marseille, Beno\u00eet Payan, candidat \u00e0 sa propre succession, avait salu\u00e9 un nouveau mode de scrutin \u00ab\u00a0qui met fin \u00e0 un syst\u00e8me d\u00e9rogatoire qui a fait son temps\u00a0\u00bb et \u00ab\u00a0\u00e9tait injuste\u00a0\u00bb.<\/p>\n<p>Le patron de la r\u00e9gion Renaud Muselier (Renaissance) et la patronne LR de la m\u00e9tropole marseillaise Martine Vassal &#8211; cette derni\u00e8re \u00e9tant pressentie pour \u00eatre \u00e0 nouveau t\u00eate de liste en mars &#8211; s&rsquo;\u00e9taient, eux, \u00e9lev\u00e9s contre la r\u00e9forme.<\/p>\n<p>pab\/sde\/cbn<\/p>\n","protected":false},"excerpt":{"rendered":"Le Conseil constitutionnel a valid\u00e9 jeudi un nouveau mode de scrutin pour les \u00e9lections municipales \u00e0 Paris, Lyon&hellip;\n","protected":false},"author":2,"featured_media":303344,"comment_status":"","ping_status":"","sticky":false,"template":"","format":"standard","meta":{"footnotes":""},"categories":[1888],"tags":[1111,1928,11,1927,39211,2617,44338,1777,674,1011,27,2428,20281,12,1926,44337,626,1925,25],"class_list":{"0":"post-303343","1":"post","2":"type-post","3":"status-publish","4":"format-standard","5":"has-post-thumbnail","7":"category-paris","8":"tag-actu","9":"tag-actu-paris","10":"tag-actualites","11":"tag-actualites-paris","12":"tag-conseil-constitutionnel","13":"tag-conseil-de-paris","14":"tag-conseils-municipaux","15":"tag-eu","16":"tag-europe","17":"tag-fr","18":"tag-france","19":"tag-lyon","20":"tag-mode-de-scrutin","21":"tag-news","22":"tag-news-paris","23":"tag-nouveau-mode-de-scrutin","24":"tag-paris","25":"tag-paris-news","26":"tag-republique-francaise"},"share_on_mastodon":{"url":"https:\/\/pubeurope.com\/@fr\/114988890461285529","error":""},"_links":{"self":[{"href":"https:\/\/www.europesays.com\/fr\/wp-json\/wp\/v2\/posts\/303343","targetHints":{"allow":["GET"]}}],"collection":[{"href":"https:\/\/www.europesays.com\/fr\/wp-json\/wp\/v2\/posts"}],"about":[{"href":"https:\/\/www.europesays.com\/fr\/wp-json\/wp\/v2\/types\/post"}],"author":[{"embeddable":true,"href":"https:\/\/www.europesays.com\/fr\/wp-json\/wp\/v2\/users\/2"}],"replies":[{"embeddable":true,"href":"https:\/\/www.europesays.com\/fr\/wp-json\/wp\/v2\/comments?post=303343"}],"version-history":[{"count":0,"href":"https:\/\/www.europesays.com\/fr\/wp-json\/wp\/v2\/posts\/303343\/revisions"}],"wp:featuredmedia":[{"embeddable":true,"href":"https:\/\/www.europesays.com\/fr\/wp-json\/wp\/v2\/media\/303344"}],"wp:attachment":[{"href":"https:\/\/www.europesays.com\/fr\/wp-json\/wp\/v2\/media?parent=303343"}],"wp:term":[{"taxonomy":"category","embeddable":true,"href":"https:\/\/www.europesays.com\/fr\/wp-json\/wp\/v2\/categories?post=303343"},{"taxonomy":"post_tag","embeddable":true,"href":"https:\/\/www.europesays.com\/fr\/wp-json\/wp\/v2\/tags?post=303343"}],"curies":[{"name":"wp","href":"https:\/\/api.w.org\/{rel}","templated":true}]}}