{"id":303348,"date":"2025-08-07T18:28:12","date_gmt":"2025-08-07T18:28:12","guid":{"rendered":"https:\/\/www.europesays.com\/fr\/303348\/"},"modified":"2025-08-07T18:28:12","modified_gmt":"2025-08-07T18:28:12","slug":"la-france-reaffirme-son-soutien-a-la-georgie-dix-sept-ans-apres-le-conflit-avec-la-russie","status":"publish","type":"post","link":"https:\/\/www.europesays.com\/fr\/303348\/","title":{"rendered":"La France r\u00e9affirme son soutien \u00e0 la G\u00e9orgie, dix-sept ans apr\u00e8s le conflit avec la Russie"},"content":{"rendered":"<p>AA \/ Paris \/ \u00dcmit D\u00f6nmez<\/p>\n<p>La Diplomatie fran\u00e7aise a r\u00e9it\u00e9r\u00e9, ce jeudi 7 ao\u00fbt, son attachement \u00e0 la souverainet\u00e9 et \u00e0 l\u2019int\u00e9grit\u00e9 territoriale de la G\u00e9orgie, dix-sept ans apr\u00e8s le d\u00e9but du conflit russo-g\u00e9orgien d\u2019ao\u00fbt 2008.<\/p>\n<p>Par voie d\u2019un communiqu\u00e9, le porte-parole du minist\u00e8re fran\u00e7ais de l\u2019Europe et des Affaires \u00e9trang\u00e8res a rappel\u00e9 que la France \u00ab r\u00e9affirme son plein attachement \u00e0 la souverainet\u00e9 et l\u2019int\u00e9grit\u00e9 territoriale de la G\u00e9orgie dans ses fronti\u00e8res internationalement reconnues \u00bb.<\/p>\n<p>Le texte condamne \u00e9galement la reconnaissance unilat\u00e9rale par la Russie des autorit\u00e9s s\u00e9paratistes d\u2019Abkhazie et d\u2019Oss\u00e9tie du Sud, consid\u00e9rant que \u00ab la militarisation de ces r\u00e9gions, ainsi que les obstacles mis aux relations entre celles-ci et le reste de la G\u00e9orgie constituent des atteintes inacceptables au droit international \u00bb.<\/p>\n<p>La France appelle Moscou \u00e0 honorer les engagements pris dans le cadre des accords de cessez-le-feu du 12 ao\u00fbt et du 8 septembre 2008, n\u00e9goci\u00e9s \u00e0 l\u2019\u00e9poque sous pr\u00e9sidence fran\u00e7aise de l\u2019Union europ\u00e9enne.<\/p>\n<p>Le communiqu\u00e9 souligne \u00e9galement le soutien constant de Paris \u00e0 la plateforme des Discussions internationales de Gen\u00e8ve (DIG), co-pr\u00e9sid\u00e9e par l\u2019Union europ\u00e9enne, l\u2019Organisation pour la s\u00e9curit\u00e9 et la coop\u00e9ration en Europe (OSCE) et les Nations unies, pr\u00e9sent\u00e9e comme \u00ab le seul cadre de discussion \u00bb permettant d\u2019\u00ab \u0153uvrer en faveur d\u2019une solution commune \u00bb.<\/p>\n<p>Le Quai d\u2019Orsay a enfin insist\u00e9 sur la poursuite de l\u2019engagement fran\u00e7ais, aux c\u00f4t\u00e9s de ses partenaires europ\u00e9ens, dans les efforts d\u2019observation et de m\u00e9diation sur le terrain. La France continuera ainsi d\u2019appuyer le travail de la mission europ\u00e9enne d\u2019observation en G\u00e9orgie (EUMM) ainsi que celui de la repr\u00e9sentante sp\u00e9ciale de l\u2019Union europ\u00e9enne pour le Sud-Caucase et la crise en G\u00e9orgie.<\/p>\n<p>Le conflit de 2008 entre la Russie et la G\u00e9orgie avait \u00e9clat\u00e9 apr\u00e8s une escalade des tensions dans la r\u00e9gion s\u00e9paratiste d\u2019Oss\u00e9tie du Sud, soutenue par Moscou. Dans la nuit du 7 au 8 ao\u00fbt, les forces g\u00e9orgiennes avaient lanc\u00e9 une offensive pour reprendre le contr\u00f4le de cette r\u00e9gion, provoquant une riposte militaire massive de la Russie. En cinq jours, les troupes russes p\u00e9n\u00e9tr\u00e8rent en territoire g\u00e9orgien au-del\u00e0 des zones s\u00e9paratistes, avant l\u2019entr\u00e9e en vigueur d\u2019un cessez-le-feu n\u00e9goci\u00e9 sous m\u00e9diation fran\u00e7aise.<\/p>\n<p>Depuis, la Russie a reconnu l\u2019ind\u00e9pendance de l\u2019Oss\u00e9tie du Sud et de l\u2019Abkhazie, d\u00e9ployant des bases militaires permanentes sur ces territoires, en violation du droit international selon Tbilissi et ses alli\u00e9s occidentaux. La G\u00e9orgie consid\u00e8re toujours ces deux r\u00e9gions comme occup\u00e9es.<\/p>\n<p>La d\u00e9claration fran\u00e7aise de ce 7 ao\u00fbt intervient dans un contexte o\u00f9 les tensions restent vives dans le Caucase du Sud, marqu\u00e9 par une pr\u00e9sence militaire russe renforc\u00e9e et une instabilit\u00e9 persistante aux fronti\u00e8res. Dix-sept ans apr\u00e8s la guerre, le statu quo demeure fig\u00e9, et les perspectives de r\u00e8glement politique apparaissent toujours incertaines.<\/p>\n<p>                            &#13;<br \/>\n                                <a href=\"https:\/\/www.aa.com.tr\/fr\/p\/abonnement\/1001\" target=\"_blank\" style=\"font-size:12px; color:#444; text-decoration:none;\" rel=\"nofollow noopener\">&#13;<br \/>\n                                    Seulement une partie des d\u00e9p\u00eaches, que l&rsquo;Agence Anadolu diffuse \u00e0 ses abonn\u00e9s via le Syst\u00e8me de Diffusion interne (HAS), est diffus\u00e9e sur le site de l&rsquo;AA, de mani\u00e8re r\u00e9sum\u00e9e. <b style=\"color:#1897F7\">Contactez-nous s&rsquo;il vous pla\u00eet pour vous abonner.<\/b>&#13;<br \/>\n                                <\/a>&#13;<\/p>\n","protected":false},"excerpt":{"rendered":"AA \/ Paris \/ \u00dcmit D\u00f6nmez La Diplomatie fran\u00e7aise a r\u00e9it\u00e9r\u00e9, ce jeudi 7 ao\u00fbt, son attachement \u00e0&hellip;\n","protected":false},"author":2,"featured_media":303349,"comment_status":"","ping_status":"","sticky":false,"template":"","format":"standard","meta":{"footnotes":""},"categories":[1591],"tags":[11,1785,1887,27,44339,12337,12,1885,1886,132,44340],"class_list":{"0":"post-303348","1":"post","2":"type-post","3":"status-publish","4":"format-standard","5":"has-post-thumbnail","7":"category-russie","8":"tag-actualites","9":"tag-anadolu-ajansi","10":"tag-federation-de-russie","11":"tag-france","12":"tag-france-gorgie","13":"tag-georgie","14":"tag-news","15":"tag-russia","16":"tag-russian-federation","17":"tag-russie","18":"tag-russie-gorgie"},"share_on_mastodon":{"url":"https:\/\/pubeurope.com\/@fr\/114988902206810633","error":""},"_links":{"self":[{"href":"https:\/\/www.europesays.com\/fr\/wp-json\/wp\/v2\/posts\/303348","targetHints":{"allow":["GET"]}}],"collection":[{"href":"https:\/\/www.europesays.com\/fr\/wp-json\/wp\/v2\/posts"}],"about":[{"href":"https:\/\/www.europesays.com\/fr\/wp-json\/wp\/v2\/types\/post"}],"author":[{"embeddable":true,"href":"https:\/\/www.europesays.com\/fr\/wp-json\/wp\/v2\/users\/2"}],"replies":[{"embeddable":true,"href":"https:\/\/www.europesays.com\/fr\/wp-json\/wp\/v2\/comments?post=303348"}],"version-history":[{"count":0,"href":"https:\/\/www.europesays.com\/fr\/wp-json\/wp\/v2\/posts\/303348\/revisions"}],"wp:featuredmedia":[{"embeddable":true,"href":"https:\/\/www.europesays.com\/fr\/wp-json\/wp\/v2\/media\/303349"}],"wp:attachment":[{"href":"https:\/\/www.europesays.com\/fr\/wp-json\/wp\/v2\/media?parent=303348"}],"wp:term":[{"taxonomy":"category","embeddable":true,"href":"https:\/\/www.europesays.com\/fr\/wp-json\/wp\/v2\/categories?post=303348"},{"taxonomy":"post_tag","embeddable":true,"href":"https:\/\/www.europesays.com\/fr\/wp-json\/wp\/v2\/tags?post=303348"}],"curies":[{"name":"wp","href":"https:\/\/api.w.org\/{rel}","templated":true}]}}