{"id":303350,"date":"2025-08-07T18:29:10","date_gmt":"2025-08-07T18:29:10","guid":{"rendered":"https:\/\/www.europesays.com\/fr\/303350\/"},"modified":"2025-08-07T18:29:10","modified_gmt":"2025-08-07T18:29:10","slug":"trump-et-poutine-lune-des-plus-etranges-relations-de-la-diplomatie-contemporaine","status":"publish","type":"post","link":"https:\/\/www.europesays.com\/fr\/303350\/","title":{"rendered":"Trump et Poutine, l\u2019une des plus \u00e9tranges relations de la diplomatie contemporaine"},"content":{"rendered":"<p><strong>R\u00c9CIT &#8211; <\/strong>L\u2019\u00e9trange inclination de Trump envers Poutine a \u00e9t\u00e9 mise \u00e0 l\u2019\u00e9preuve par la guerre en Ukraine, mais le pr\u00e9sident am\u00e9ricain semble toujours enclin \u00e0 miser sur sa relation avec son homologue russe.<\/p>\n<p class=\"fig-paragraph\">Leur relation est l\u2019une des plus \u00e9tranges de la diplomatie contemporaine. Le pr\u00e9sident am\u00e9ricain aime rappeler qu\u2019il entretient avec son homologue russe\u00a0<a href=\"http:\/\/www.lefigaro.fr\/international\/fort-de-son-nouvel-allie-americain-vladimir-poutine-vit-son-reve-le-plus-fou-20250302\" target=\"_blank\" data-fig-type=\"Article\" rel=\"noopener\" data-gtm-custom-categorie=\"navigation\" data-gtm-custom-action=\"crossclick\" data-gtm-custom-label=\"Contextuel\" data-gtm-event=\"customEventSPE\" data-fig-domain=\"LEFIGARO\">un rapport sp\u00e9cial<\/a>. \u00ab\u00a0Poutine me respecte. Et je respecte Poutine\u00a0\u00bb, avait confi\u00e9 Trump au journaliste Bob Woodward dans son dernier livre, War. \u00ab\u00a0Je pense que Poutine m\u2019appr\u00e9cie. Je pense que je l\u2019appr\u00e9cie. Je l\u2019appr\u00e9cie vraiment.\u00a0\u00bb Moins facile \u00e0 d\u00e9chiffrer, le pr\u00e9sident russe a r\u00e9guli\u00e8rement d\u00e9montr\u00e9 une habilet\u00e9 consomm\u00e9e\u00a0<a href=\"http:\/\/www.lefigaro.fr\/international\/ukraine-poutine-inflexible-face-a-l-ultimatum-de-trump-20250805\" target=\"_blank\" data-fig-type=\"Article\" rel=\"noopener\" data-gtm-custom-categorie=\"navigation\" data-gtm-custom-action=\"crossclick\" data-gtm-custom-label=\"Contextuel\" data-gtm-event=\"customEventSPE\" data-fig-domain=\"LEFIGARO\">\u00e0 jouer de la vanit\u00e9 de Trump<\/a>, ainsi qu\u2019\u00e0 alimenter sa m\u00e9fiance envers les institutions de son propre pays, son go\u00fbt pour les th\u00e9ories du complot et sa tendance \u00e0 la parano\u00efa.<\/p>\n<p class=\"fig-paragraph\">Le premier mandat de Trump avait \u00e9t\u00e9 marqu\u00e9 par cette curieuse proximit\u00e9, rendue encore plus suspecte aux yeux de ses adversaires par la r\u00e9alisation de l\u2019\u00e9tendue de l\u2019ing\u00e9rence russe dans l\u2019\u00e9lection am\u00e9ricaine de 2016. Trump, qui d\u00e9nonce ces r\u00e9v\u00e9lations comme une pure invention de ses adversaires, ne fait pourtant rien pour dissiper\u2026<\/p>\n<p class=\"fig-premium-paywall__infos\">\n        Cet article est r\u00e9serv\u00e9 aux abonn\u00e9s.        Il vous reste 86% \u00e0 d\u00e9couvrir.\n    <\/p>\n<p>                <img  data- alt=\"Le Figaro\" class=\"fig-img--complete fig-img\"\/><\/p>\n<p class=\"fig-premium-paywall__title\">Vous avez envie de lire la suite ?<\/p>\n<p class=\"fig-premium-paywall__subtitle\">D\u00e9bloquez tous les articles imm\u00e9diatement.<\/p>\n<p class=\"fig-premium-paywall__connect\">\n                D\u00e9j\u00e0 abonn\u00e9\u00a0?                <a class=\"fig-premium-paywall__connect-link\" href=\"https:\/\/connect.lefigaro.fr\/login?client=horizon_web&amp;type=main&amp;redirect_uri=https%3A%2F%2Fwww.lefigaro.fr%2Finternational%2Ftrump-et-poutine-l-une-des-plus-etranges-relations-de-la-diplomatie-contemporaine-20250807\" data-js-gtm=\"{&quot;customCategorie&quot;: &quot;conversion&quot;, &quot;customAction&quot;: &quot;before_Landing_Connexion_paywall_auto&quot;, &quot;customLabel&quot;: &quot;bGVmaWdhcm8uZnJfXzFmMDczOWNjLTAzMTQtNmNiYS1hOTQ4LTY3YzE2YmVjNzdlZF9fQXJ0aWNsZQ==_Trump et Poutine, l\u2019une des plus \u00e9tranges relations de la diplomatie contemporaine_334&quot;, &quot;customIDSPE&quot;: &quot;bGVmaWdhcm8uZnJfXzFmMDczOWNjLTAzMTQtNmNiYS1hOTQ4LTY3YzE2YmVjNzdlZF9fQXJ0aWNsZQ==&quot;, &quot;event&quot;: &quot;customEventSPE&quot;}\" target=\"_blank\" rel=\"noopener\"><br \/>\n                    Connectez-vous<br \/>\n                <\/a>\n            <\/p>\n","protected":false},"excerpt":{"rendered":"R\u00c9CIT &#8211; L\u2019\u00e9trange inclination de Trump envers Poutine a \u00e9t\u00e9 mise \u00e0 l\u2019\u00e9preuve par la guerre en Ukraine,&hellip;\n","protected":false},"author":2,"featured_media":303351,"comment_status":"","ping_status":"","sticky":false,"template":"","format":"standard","meta":{"footnotes":""},"categories":[1590],"tags":[11,75,1777,674,131,12,220,135],"class_list":{"0":"post-303350","1":"post","2":"type-post","3":"status-publish","4":"format-standard","5":"has-post-thumbnail","7":"category-ukraine","8":"tag-actualites","9":"tag-donald-trump","10":"tag-eu","11":"tag-europe","12":"tag-guerre-en-ukraine","13":"tag-news","14":"tag-ukraine","15":"tag-vladimir-poutine"},"share_on_mastodon":{"url":"https:\/\/pubeurope.com\/@fr\/114988906168159099","error":""},"_links":{"self":[{"href":"https:\/\/www.europesays.com\/fr\/wp-json\/wp\/v2\/posts\/303350","targetHints":{"allow":["GET"]}}],"collection":[{"href":"https:\/\/www.europesays.com\/fr\/wp-json\/wp\/v2\/posts"}],"about":[{"href":"https:\/\/www.europesays.com\/fr\/wp-json\/wp\/v2\/types\/post"}],"author":[{"embeddable":true,"href":"https:\/\/www.europesays.com\/fr\/wp-json\/wp\/v2\/users\/2"}],"replies":[{"embeddable":true,"href":"https:\/\/www.europesays.com\/fr\/wp-json\/wp\/v2\/comments?post=303350"}],"version-history":[{"count":0,"href":"https:\/\/www.europesays.com\/fr\/wp-json\/wp\/v2\/posts\/303350\/revisions"}],"wp:featuredmedia":[{"embeddable":true,"href":"https:\/\/www.europesays.com\/fr\/wp-json\/wp\/v2\/media\/303351"}],"wp:attachment":[{"href":"https:\/\/www.europesays.com\/fr\/wp-json\/wp\/v2\/media?parent=303350"}],"wp:term":[{"taxonomy":"category","embeddable":true,"href":"https:\/\/www.europesays.com\/fr\/wp-json\/wp\/v2\/categories?post=303350"},{"taxonomy":"post_tag","embeddable":true,"href":"https:\/\/www.europesays.com\/fr\/wp-json\/wp\/v2\/tags?post=303350"}],"curies":[{"name":"wp","href":"https:\/\/api.w.org\/{rel}","templated":true}]}}