{"id":303356,"date":"2025-08-07T18:32:27","date_gmt":"2025-08-07T18:32:27","guid":{"rendered":"https:\/\/www.europesays.com\/fr\/303356\/"},"modified":"2025-08-07T18:32:27","modified_gmt":"2025-08-07T18:32:27","slug":"1-de-commandes-industrielles-en-juin","status":"publish","type":"post","link":"https:\/\/www.europesays.com\/fr\/303356\/","title":{"rendered":"-1% de commandes industrielles en juin"},"content":{"rendered":"<p>        <img decoding=\"async\" src=\"https:\/\/www.europesays.com\/fr\/wp-content\/uploads\/2025\/04\/720-c.jpg\" alt=\"bourse Cac 40\"\/><\/p>\n<p>(Zonebourse.com) &#8211; Apr\u00e8s une baisse de 0,8% en mai (r\u00e9vis\u00e9e d&rsquo;une estimation initiale qui \u00e9tait de -1,4%), les commandes en volume dans l&rsquo;industrie manufacturi\u00e8re allemande ont diminu\u00e9 de 1% en juin par rapport au mois pr\u00e9c\u00e9dent, selon Destatis.<\/p>\n<p>Ce dernier pr\u00e9cise toutefois que la comparaison moins volatile d&rsquo;un trimestre sur l&rsquo;autre fait ressortir une croissance de 3,1% des commandes manufacturi\u00e8res au deuxi\u00e8me trimestre 2025 par rapport au premier. <\/p>\n<p>Si l&rsquo;on exclut celles de grande \u00e9chelle, les commandes manufacturi\u00e8res allemandes ont augment\u00e9 de 0,5% en juin par rapport au mois pr\u00e9c\u00e9dent, et de 0,1% au deuxi\u00e8me trimestre par rapport aux trois premiers mois de l&rsquo;ann\u00e9e.<\/p>\n<p>Copyright \u00a9 2025 Zonebourse.com &#8211; All rights reserved.<\/p>\n<p>Vous avez aim\u00e9 cet article ? Partagez-le avec vos amis avec les boutons ci-dessous.<\/p>\n<p>        <a target=\"_blank\" title=\"Twitter\" href=\"https:\/\/twitter.com\/share?url=https:\/\/www.abcbourse.com\/marches\/allemagne-1-de-commandes-industrielles-en-juin_671744&amp;text=Allemagne: -1%25 de commandes industrielles en juin&amp;via=abcbourse\" rel=\"nofollow noopener\">&#13;<br \/>\n            <img decoding=\"async\" src=\"https:\/\/www.europesays.com\/fr\/wp-content\/uploads\/2025\/04\/share_twitter.png\" class=\"mr10\" alt=\"Twitter\"\/>&#13;<br \/>\n        <\/a><br \/>\n        <a target=\"_blank\" title=\"Facebook\" href=\"https:\/\/www.facebook.com\/sharer.php?u=https:\/\/www.abcbourse.com\/marches\/allemagne-1-de-commandes-industrielles-en-juin_671744&amp;t=Allemagne: -1% de commandes industrielles en juin\" rel=\"nofollow noopener\">&#13;<br \/>\n            <img decoding=\"async\" src=\"https:\/\/www.europesays.com\/fr\/wp-content\/uploads\/2025\/04\/share_fb.png\" alt=\"Facebook\" class=\"mr10\"\/>&#13;<br \/>\n        <\/a><br \/>\n        <a target=\"_blank\" title=\"Linkedin\" href=\"https:\/\/www.linkedin.com\/shareArticle?mini=true&amp;url=https:\/\/www.abcbourse.com\/marches\/allemagne-1-de-commandes-industrielles-en-juin_671744&amp;title=Allemagne: -1%25 de commandes industrielles en juin\" rel=\"nofollow noopener\">&#13;<br \/>\n            <img decoding=\"async\" src=\"https:\/\/www.europesays.com\/fr\/wp-content\/uploads\/2025\/04\/share_linkedin.png\" alt=\"Linkedin\" class=\"mr10\"\/>&#13;<br \/>\n        <\/a><br \/>\n        <a target=\"_blank\" title=\"Envoyer par mail\" href=\"mailto:?subject=Allemagne: -1% de commandes industrielles en juin&amp;body=https:\/\/www.abcbourse.com\/marches\/allemagne-1-de-commandes-industrielles-en-juin_671744\" rel=\"nofollow\">&#13;<br \/>\n            <img decoding=\"async\" src=\"https:\/\/www.europesays.com\/fr\/wp-content\/uploads\/2025\/04\/share_email.png\" alt=\"email\"\/>&#13;<br \/>\n        <\/a><br \/>\n    <script async src=\"https:\/\/platform.twitter.com\/widgets.js\" charset=\"utf-8\"><\/script><\/p>\n","protected":false},"excerpt":{"rendered":"(Zonebourse.com) &#8211; Apr\u00e8s une baisse de 0,8% en mai (r\u00e9vis\u00e9e d&rsquo;une estimation initiale qui \u00e9tait de -1,4%), les&hellip;\n","protected":false},"author":2,"featured_media":8962,"comment_status":"","ping_status":"","sticky":false,"template":"","format":"standard","meta":{"footnotes":""},"categories":[1587],"tags":[11,672,1804,1805,1803,1777,674,1801,12,1802],"class_list":{"0":"post-303356","1":"post","2":"type-post","3":"status-publish","4":"format-standard","5":"has-post-thumbnail","7":"category-allemagne","8":"tag-actualites","9":"tag-allemagne","10":"tag-bundesrepublik-deutschland","11":"tag-de","12":"tag-deutschland","13":"tag-eu","14":"tag-europe","15":"tag-germany","16":"tag-news","17":"tag-republique-federale-dallemagne"},"share_on_mastodon":{"url":"https:\/\/pubeurope.com\/@fr\/114988918630625592","error":""},"_links":{"self":[{"href":"https:\/\/www.europesays.com\/fr\/wp-json\/wp\/v2\/posts\/303356","targetHints":{"allow":["GET"]}}],"collection":[{"href":"https:\/\/www.europesays.com\/fr\/wp-json\/wp\/v2\/posts"}],"about":[{"href":"https:\/\/www.europesays.com\/fr\/wp-json\/wp\/v2\/types\/post"}],"author":[{"embeddable":true,"href":"https:\/\/www.europesays.com\/fr\/wp-json\/wp\/v2\/users\/2"}],"replies":[{"embeddable":true,"href":"https:\/\/www.europesays.com\/fr\/wp-json\/wp\/v2\/comments?post=303356"}],"version-history":[{"count":0,"href":"https:\/\/www.europesays.com\/fr\/wp-json\/wp\/v2\/posts\/303356\/revisions"}],"wp:featuredmedia":[{"embeddable":true,"href":"https:\/\/www.europesays.com\/fr\/wp-json\/wp\/v2\/media\/8962"}],"wp:attachment":[{"href":"https:\/\/www.europesays.com\/fr\/wp-json\/wp\/v2\/media?parent=303356"}],"wp:term":[{"taxonomy":"category","embeddable":true,"href":"https:\/\/www.europesays.com\/fr\/wp-json\/wp\/v2\/categories?post=303356"},{"taxonomy":"post_tag","embeddable":true,"href":"https:\/\/www.europesays.com\/fr\/wp-json\/wp\/v2\/tags?post=303356"}],"curies":[{"name":"wp","href":"https:\/\/api.w.org\/{rel}","templated":true}]}}