{"id":303384,"date":"2025-08-07T18:50:10","date_gmt":"2025-08-07T18:50:10","guid":{"rendered":"https:\/\/www.europesays.com\/fr\/303384\/"},"modified":"2025-08-07T18:50:10","modified_gmt":"2025-08-07T18:50:10","slug":"le-conseil-constitutionnel-valide-un-nouveau-mode-de-scrutin-pour-les-elections-municipales-a-paris-lyon-et-marseille-dont-les-conseillers-des-mairies-centrales-seront-desormais-elus-directement","status":"publish","type":"post","link":"https:\/\/www.europesays.com\/fr\/303384\/","title":{"rendered":"Le Conseil constitutionnel valide un nouveau mode de scrutin pour les \u00e9lections municipales \u00e0 Paris, Lyon et Marseille, dont les conseillers des mairies centrales seront d\u00e9sormais \u00e9lus directement"},"content":{"rendered":"<p>Le Conseil constitutionnel valide un nouveau mode de scrutin pour les \u00e9lections municipales \u00e0 Paris, Lyon et Marseille, dont les conseillers des mairies centrales seront d\u00e9sormais \u00e9lus directement, en plus des repr\u00e9sentants d&rsquo;arrondissements et de secteurs.<\/p>\n<p>Les Sages ont relev\u00e9 que pour ces trois communes, les plus peupl\u00e9es de France, le l\u00e9gislateur \u00e9tait fond\u00e9 \u00e0 vouloir \u00ab am\u00e9liorer la repr\u00e9sentation des diverses sensibilit\u00e9s politiques au sein (de leurs) assembl\u00e9es d\u00e9lib\u00e9rantes \u00bb, \u00ab conform\u00e9ment \u00e0 l&rsquo;objectif de valeur constitutionnelle de pluralisme des courants de pens\u00e9es et d&rsquo;opinions \u00bb.<\/p>\n<p>\u00ab\u00a0Il en r\u00e9sulte que les nouvelles r\u00e8gles de scrutin pour Paris, Lyon et Marseille issues de l\u2019article 1er de la loi s\u2019appliqueront d\u00e8s le renouvellement organis\u00e9 en mars 2026\u00a0\u00bb, indique le Conseil, dans sa d\u00e9cision. Cela conduit \u00e0 un syst\u00e8me de double \u00e9lection, et donc deux urnes, l&rsquo;une pour \u00e9lire les membres du Conseil de la mairie centrale (Conseil de Paris, Conseils municipaux de Lyon et de Marseille) &#8211; lesquels \u00e9lisent ensuite le maire -, l&rsquo;autre pour \u00e9lire ceux de l&rsquo;arrondissement (\u00e0 Paris) ou du secteur (\u00e0 Lyon et Marseille).<\/p>\n<p>\u00c0 Lyon, la r\u00e9forme entra\u00eene l&rsquo;organisation d&rsquo;un triple scrutin, puisque les administr\u00e9s des communes de la M\u00e9tropole de Lyon votent d\u00e9j\u00e0 directement pour leurs repr\u00e9sentants m\u00e9tropolitains, en m\u00eame temps que pour leurs conseillers municipaux. Notamment saisi sur ce point, le Conseil constitutionnel a estim\u00e9 que \u00ab\u00a0les nouvelles r\u00e8gles instaur\u00e9es ne sont pas d&rsquo;une particuli\u00e8re complexit\u00e9\u00a0\u00bb.<\/p>\n<p>Adopt\u00e9e dans un contexte de d\u00e9centralisation en mars 1982 \u00e0 l&rsquo;initiative du ministre de l&rsquo;Int\u00e9rieur de l&rsquo;\u00e9poque, Gaston Defferre, la loi avait \u00e9t\u00e9 appliqu\u00e9e pour la premi\u00e8re fois lors des \u00e9lections municipales de 1983.<\/p>\n","protected":false},"excerpt":{"rendered":"Le Conseil constitutionnel valide un nouveau mode de scrutin pour les \u00e9lections municipales \u00e0 Paris, Lyon et Marseille,&hellip;\n","protected":false},"author":2,"featured_media":303385,"comment_status":"","ping_status":"","sticky":false,"template":"","format":"standard","meta":{"footnotes":""},"categories":[1356],"tags":[58,59,1011,27,2428,5107,884,626,252,1364],"class_list":{"0":"post-303384","1":"post","2":"type-post","3":"status-publish","4":"format-standard","5":"has-post-thumbnail","7":"category-television","8":"tag-divertissement","9":"tag-entertainment","10":"tag-fr","11":"tag-france","12":"tag-lyon","13":"tag-maire","14":"tag-marseille","15":"tag-paris","16":"tag-television","17":"tag-tv"},"share_on_mastodon":{"url":"https:\/\/pubeurope.com\/@fr\/114988988890583641","error":""},"_links":{"self":[{"href":"https:\/\/www.europesays.com\/fr\/wp-json\/wp\/v2\/posts\/303384","targetHints":{"allow":["GET"]}}],"collection":[{"href":"https:\/\/www.europesays.com\/fr\/wp-json\/wp\/v2\/posts"}],"about":[{"href":"https:\/\/www.europesays.com\/fr\/wp-json\/wp\/v2\/types\/post"}],"author":[{"embeddable":true,"href":"https:\/\/www.europesays.com\/fr\/wp-json\/wp\/v2\/users\/2"}],"replies":[{"embeddable":true,"href":"https:\/\/www.europesays.com\/fr\/wp-json\/wp\/v2\/comments?post=303384"}],"version-history":[{"count":0,"href":"https:\/\/www.europesays.com\/fr\/wp-json\/wp\/v2\/posts\/303384\/revisions"}],"wp:featuredmedia":[{"embeddable":true,"href":"https:\/\/www.europesays.com\/fr\/wp-json\/wp\/v2\/media\/303385"}],"wp:attachment":[{"href":"https:\/\/www.europesays.com\/fr\/wp-json\/wp\/v2\/media?parent=303384"}],"wp:term":[{"taxonomy":"category","embeddable":true,"href":"https:\/\/www.europesays.com\/fr\/wp-json\/wp\/v2\/categories?post=303384"},{"taxonomy":"post_tag","embeddable":true,"href":"https:\/\/www.europesays.com\/fr\/wp-json\/wp\/v2\/tags?post=303384"}],"curies":[{"name":"wp","href":"https:\/\/api.w.org\/{rel}","templated":true}]}}