{"id":303388,"date":"2025-08-07T18:52:26","date_gmt":"2025-08-07T18:52:26","guid":{"rendered":"https:\/\/www.europesays.com\/fr\/303388\/"},"modified":"2025-08-07T18:52:26","modified_gmt":"2025-08-07T18:52:26","slug":"nouvelle-image-pour-le-thriller-netflix-en-pleine-crise-nucleaire-avant-une-bande-annonce","status":"publish","type":"post","link":"https:\/\/www.europesays.com\/fr\/303388\/","title":{"rendered":"nouvelle image pour le thriller Netflix en pleine crise nucl\u00e9aire avant une bande-annonce ?"},"content":{"rendered":"<p><strong><a href=\"https:\/\/www.ecranlarge.com\/personnalite\/1096231-netflix\" data-type=\"people\" data-id=\"504445\" rel=\"nofollow noopener\" target=\"_blank\">Netflix<\/a> va permettre \u00e0 <a href=\"https:\/\/www.ecranlarge.com\/personnalite\/674789-kathryn-bigelow\" data-type=\"people\" data-id=\"324843\" rel=\"nofollow noopener\" target=\"_blank\">Kathryn Bigelow<\/a> de revenir sur le devant de la sc\u00e8ne avec <a href=\"https:\/\/www.ecranlarge.com\/films\/1510628-untitled-kathryn-bigelow-political-thriller\" data-type=\"films\" data-id=\"1079405\" rel=\"nofollow noopener\" target=\"_blank\">A House of Dynamite<\/a>, thriller dont une nouvelle image a \u00e9t\u00e9 d\u00e9voil\u00e9e.<\/strong><\/p>\n<p>Kathryn Bigelow n\u2019a pas fait de films depuis 2017 et son suffocant <strong>Detroit<\/strong>, qui revenait sur les \u00e9meutes raciales de 1967 et notamment les affreux \u00e9v\u00e9nements du motel Algiers. Pourtant, ce ne sont pas les occasions qui ont manqu\u00e9 pour la cin\u00e9aste. En effet, elle a failli r\u00e9aliser <strong>Triple Fronti\u00e8re <\/strong>pour Netflix avant de c\u00e9der le poste \u00e0 J.C. Chandor (pour rester uniquement productrice) et devait surtout adapter le livre <strong><a href=\"https:\/\/www.ecranlarge.com\/films\/news\/1508387-netflix-abandonne-film-kathryn-bigelow-honteux-aurora\" data-type=\"link\" data-id=\"https:\/\/www.ecranlarge.com\/films\/news\/1508387-netflix-abandonne-film-kathryn-bigelow-honteux-aurora\" rel=\"nofollow noopener\" target=\"_blank\">Aurora<\/a><\/strong> de David Koepp (sc\u00e9nariste de <strong>Jurassic Park<\/strong> ou <strong>Spider-Man<\/strong> entre autres), sur une m\u00e8re tentant de prot\u00e9ger son fils apr\u00e8s une temp\u00eate solaire et une catastrophe mondiale.<\/p>\n<p>Un terrain de jeu parfait pour la cin\u00e9aste qui a finalement \u00e9t\u00e9 abandonn\u00e9 en plein d\u00e9veloppement \u00e0 cause de Netflix. Le N rouge a en effet annul\u00e9 le film au bout de quelques mois, sans motiver sa d\u00e9cision. Heureusement pour nous, la plateforme n\u2019a pas oubli\u00e9 pour autant Kathryn Bigelow et lui a ainsi confi\u00e9 le thriller politique <strong>A House of Dynamite<\/strong>. Le film reste encore tr\u00e8s myst\u00e9rieux avant sa pr\u00e9sentation \u00e0 la Mostra de Venise, mais <strong>les premi\u00e8res images commencent \u00e0 tomber peu \u00e0 peu pour notre plus grand bonheur.<\/strong><\/p>\n<p>                    <img decoding=\"async\" alt=\"\" class=\"wp-image-518375\" style=\"object-fit:cover;width:25px;height:25px\" src=\"https:\/\/www.ecranlarge.com\/content\/uploads\/2023\/09\/arrow-right-circle.svg\"\/><\/p>\n<p><a href=\"https:\/\/www.ecranlarge.com\/content\/uploads\/2017\/06\/detroit-photo-990039.jpg\" rel=\"nofollow noopener\" target=\"_blank\"><img loading=\"lazy\" decoding=\"async\" alt=\"Detroit : Photo\" class=\"wp-image-24224\" src=\"https:\/\/www.europesays.com\/fr\/wp-content\/uploads\/2025\/08\/detroit-photo-990039-630x420.jpg\" width=\"630\" height=\"420\"  \/><\/a>Une autre crise arrivela Maison-blanche voit rouge<\/p>\n<p><strong>\u00ab\u00a0Lorsqu\u2019un missile de provenance inconnue est lanc\u00e9 sur les \u00c9tats-Unis, une course s\u2019engage pour d\u00e9terminer qui est responsable et comment r\u00e9agir\u00a0\u00bb.<\/strong> Voil\u00e0 <a href=\"https:\/\/www.ecranlarge.com\/films\/news\/netflix-a-house-of-dynamite-date-sortie-netflix-bigelow\" data-type=\"post\" data-id=\"1318090\" rel=\"nofollow noopener\" target=\"_blank\">le pitch que Netflix avait d\u00e9voil\u00e9 pour <strong>A House of Dynamite<\/strong><\/a> en juin, accompagn\u00e9 par une affiche tr\u00e8s basique o\u00f9 l\u2019on voyait la silhouette d\u2019un soldat (sans doute un marine) sur un fond rouge. Depuis, aucune information n\u2019a fuit\u00e9, mais deux premi\u00e8res photos ont \u00e9t\u00e9 r\u00e9v\u00e9l\u00e9es par la Mostra de Venise et donnent d\u00e9j\u00e0 une petite id\u00e9e de l\u2019ambiance \u00e0 venir.<\/p>\n<p>La premi\u00e8re image (connu depuis juillet) suit le personnage de <a href=\"https:\/\/www.ecranlarge.com\/personnalite\/769420-gabriel-basso\" data-type=\"people\" data-id=\"408440\" rel=\"nofollow noopener\" target=\"_blank\">Gabriel Basso<\/a> (dans un r\u00f4le encore inconnu), mallette \u00e0 la main, dans un couloir sombre. On peut supposer qu\u2019il marche dans les souterrains de la Maison-Blanche, non loin du bunker pr\u00e9sidentiel, puisqu\u2019il est question d\u2019une menace nucl\u00e9aire et qu\u2019il est entour\u00e9 de deux hommes arm\u00e9s. <strong>La seconde montre <a href=\"https:\/\/www.ecranlarge.com\/personnalite\/822323-rebecca-ferguson-i\" data-type=\"people\" data-id=\"455394\" rel=\"nofollow noopener\" target=\"_blank\">Rebecca Ferguson<\/a> (au r\u00f4le aussi inconnu mais nomm\u00e9e Olivia Walker) dans<\/strong> <strong>une salle de crise qui pr\u00e9sage d\u2019une situation d\u2019extr\u00eame urgence<\/strong> (vu les \u00e9crans avec des r\u00e9unions gouvernementales, estimations d\u2019impact et trajectoire simul\u00e9e d\u2019un missile).<\/p>\n<p><a href=\"https:\/\/www.ecranlarge.com\/content\/uploads\/2025\/08\/gxvon6dw0aawwdn.jpg\" rel=\"nofollow noopener\" target=\"_blank\"><\/p>\n<p><img loading=\"lazy\" decoding=\"async\" alt=\"Gabriel Basso dans A House of Dynamite\" src=\"https:\/\/www.europesays.com\/fr\/wp-content\/uploads\/2025\/08\/gxvon6dw0aawwdn-1260x1251.jpg\" width=\"1260\" height=\"1251\"  \/><\/p>\n<p><\/a>Pas de plaisanterie ici<\/p>\n<p>Ce n\u2019est \u00e9videmment pas grand-chose, mais \u00e0 ce stade, on s\u2019en contentera pour faire grimper notre impatience. En tout cas, le compte X de la Biennale de Venise a d\u00e9crit le film comme \u00ab\u00a0un voyage dans la folie d\u2019un monde sous la menace constante d\u2019an\u00e9antissement\u00a0\u00bb. En juillet dernier, Alberto Barbera, le directeur du festival v\u00e9nitien, disait ceci \u00e0 propos de <strong>A House of Dynamite <\/strong>:<\/p>\n<blockquote class=\"wp-block-quote is-layout-flow wp-block-quote-is-layout-flow\">\n<p><strong>\u00ab\u00a0R\u00e9v\u00e9ler une partie de l\u2019intrigue serait rendre un mauvais service au film, qui joue sur des peurs on ne peut plus contemporaines : celles li\u00e9es \u00e0 l\u2019utilisation absurde des armes atomiques. L\u2019\u00e9vocation de la possibilit\u00e9 d\u2019une catastrophe nucl\u00e9aire n\u2019est toutefois pas expos\u00e9e \u00e0 travers un carnage, mais par les d\u00e9tails quotidiens de vies bris\u00e9es.\u00a0\u00bb<\/strong><\/p>\n<\/blockquote>\n<p><a href=\"https:\/\/www.ecranlarge.com\/content\/uploads\/2025\/08\/gxvoh7uxsaalocs.jpg\" rel=\"nofollow noopener\" target=\"_blank\"><\/p>\n<p><img loading=\"lazy\" decoding=\"async\" alt=\"Rebecca Ferguson dans A House of Dynamite\" src=\"https:\/\/www.europesays.com\/fr\/wp-content\/uploads\/2025\/08\/gxvoh7uxsaalocs-1260x839.jpg\" width=\"1260\" height=\"839\"  \/><\/p>\n<p><\/a>Rebecca Ferguson va encore nous impressionner<\/p>\n<p>Voil\u00e0 qui devrait permettre \u00e0 la cin\u00e9aste de continuer \u00e0 explorer l\u2019Am\u00e9rique, apr\u00e8s sa trilogie historique <strong>Zero Dark Thirty, D\u00e9mineurs <\/strong>et <strong>Detroit<\/strong>, cette fois \u00e0 travers une \u0153uvre de fiction et <strong>peut-\u00eatre encore en temps r\u00e9el vu le point de d\u00e9part<\/strong> (comme <strong>Detroit <\/strong>donc). Un choix narratif qui pourrait faire grandir la tension au fur et \u00e0 mesure et nous immiscer dans une situation terrifiante, surtout avec l\u2019aide de Noah Oppenheim au sc\u00e9nario (monsieur derri\u00e8re <strong>Jackie<\/strong>, <strong>Le Labyrinthe<\/strong> ou la s\u00e9rie <strong>Zero Day<\/strong> de Netflix justement).<\/p>\n<p>Aux c\u00f4t\u00e9s de Gabriel Basso et Rebecca Ferguson (les seuls qui se sont d\u00e9voil\u00e9s en images jusqu\u2019ici), on retrouvera un casting en or avec Idris Elba, Jason Clarke, Greta Lee, Anthony Ramos, Kaitlyn Dever, Jared Harris ou encore Tracy Letts. Le film sera pr\u00e9sent\u00e9 en comp\u00e9tition pour le Lion d\u2019or \u00e0 Venise le 2 septembre prochain, avant une sortie limit\u00e9e en salles aux \u00c9tats-Unis dans, mais <strong>en France, il sortira sur Netflix le 24 octobre 2025<\/strong>.<\/p>\n","protected":false},"excerpt":{"rendered":"Netflix va permettre \u00e0 Kathryn Bigelow de revenir sur le devant de la sc\u00e8ne avec A House of&hellip;\n","protected":false},"author":2,"featured_media":303389,"comment_status":"","ping_status":"","sticky":false,"template":"","format":"standard","meta":{"footnotes":""},"categories":[1354],"tags":[58,59,1346,1011,27,1360],"class_list":{"0":"post-303388","1":"post","2":"type-post","3":"status-publish","4":"format-standard","5":"has-post-thumbnail","7":"category-films","8":"tag-divertissement","9":"tag-entertainment","10":"tag-films","11":"tag-fr","12":"tag-france","13":"tag-movies"},"share_on_mastodon":{"url":"https:\/\/pubeurope.com\/@fr\/114988996847902524","error":""},"_links":{"self":[{"href":"https:\/\/www.europesays.com\/fr\/wp-json\/wp\/v2\/posts\/303388","targetHints":{"allow":["GET"]}}],"collection":[{"href":"https:\/\/www.europesays.com\/fr\/wp-json\/wp\/v2\/posts"}],"about":[{"href":"https:\/\/www.europesays.com\/fr\/wp-json\/wp\/v2\/types\/post"}],"author":[{"embeddable":true,"href":"https:\/\/www.europesays.com\/fr\/wp-json\/wp\/v2\/users\/2"}],"replies":[{"embeddable":true,"href":"https:\/\/www.europesays.com\/fr\/wp-json\/wp\/v2\/comments?post=303388"}],"version-history":[{"count":0,"href":"https:\/\/www.europesays.com\/fr\/wp-json\/wp\/v2\/posts\/303388\/revisions"}],"wp:featuredmedia":[{"embeddable":true,"href":"https:\/\/www.europesays.com\/fr\/wp-json\/wp\/v2\/media\/303389"}],"wp:attachment":[{"href":"https:\/\/www.europesays.com\/fr\/wp-json\/wp\/v2\/media?parent=303388"}],"wp:term":[{"taxonomy":"category","embeddable":true,"href":"https:\/\/www.europesays.com\/fr\/wp-json\/wp\/v2\/categories?post=303388"},{"taxonomy":"post_tag","embeddable":true,"href":"https:\/\/www.europesays.com\/fr\/wp-json\/wp\/v2\/tags?post=303388"}],"curies":[{"name":"wp","href":"https:\/\/api.w.org\/{rel}","templated":true}]}}