{"id":303394,"date":"2025-08-07T18:55:13","date_gmt":"2025-08-07T18:55:13","guid":{"rendered":"https:\/\/www.europesays.com\/fr\/303394\/"},"modified":"2025-08-07T18:55:13","modified_gmt":"2025-08-07T18:55:13","slug":"partie-2-va-demander-plus-de-patience-que-prevu-a-ses-fans","status":"publish","type":"post","link":"https:\/\/www.europesays.com\/fr\/303394\/","title":{"rendered":"Partie 2\u00a0\u00bb va demander plus de patience que pr\u00e9vu \u00e0 ses fans"},"content":{"rendered":"<p>        <img decoding=\"async\" loading=\"lazy\" src=\"https:\/\/www.europesays.com\/fr\/wp-content\/uploads\/2025\/08\/ba8c5e1_upload-1-bomzq7lpctmc-unnamed-6-1.jpg\"  width=\"728\" height=\"409\" alt=\"La partie 2\u00a0du deuxi\u00e8me volet de \u00ab\u00a0Kaamelott\u00a0\u00bb ne sortira que le 11\u00a0novembre 2026.\"\/>  <\/p>\n<p>SND<\/p>\n<p>La partie 2\u00a0du deuxi\u00e8me volet de \u00ab\u00a0Kaamelott\u00a0\u00bb ne sortira que le 11\u00a0novembre 2026.<\/p>\n<p class=\"asset asset-text\">CIN\u00c9MA &#8211; Apr\u00e8s une attente quasiment interminable, on en voit (presque) le bout. Kaamelott revient au <a href=\"https:\/\/www.huffingtonpost.fr\/culture\/article\/freaky-friday-2-avec-lindsay-lohan-est-aussi-kitsch-que-nostalgique-et-ca-fonctionne_253182.html\" rel=\"nofollow noopener\" target=\"_blank\">cin\u00e9ma<\/a> cette ann\u00e9e, plus pr\u00e9cis\u00e9ment le 22\u00a0octobre, avec la premi\u00e8re partie de son deuxi\u00e8me volet. Dans un communiqu\u00e9 de presse diffus\u00e9 ce jeudi 7\u00a0ao\u00fbt, la production a d\u00e9voil\u00e9 la <a href=\"https:\/\/www.huffingtonpost.fr\/culture\/article\/la-passion-du-christ-s-offre-deux-suites-dont-les-dates-de-sortie-n-ont-pas-ete-choisies-au-hasard_253347.html\" rel=\"nofollow noopener\" target=\"_blank\">date de sortie<\/a> de la seconde partie. Et c\u2019est l\u00e0 qu\u2019est le hic.<\/p>\n<p class=\"asset asset-text\">En mars\u00a02022, Alexandre Astier qui est auteur, r\u00e9alisateur, acteur et compositeur de Kaamelott avait d\u00e9clar\u00e9 sur le plateau d\u2019En Apart\u00e9 sur <a href=\"https:\/\/www.huffingtonpost.fr\/medias\/article\/canal-explique-pourquoi-vous-ne-trouvez-plus-ses-chaines-sur-la-tnt_251026.html\" rel=\"nofollow noopener\" target=\"_blank\">Canal+<\/a> que la deuxi\u00e8me partie serait projet\u00e9 au cin\u00e9ma \u00ab\u00a0quatre\/cinq mois\u00a0\u00bb apr\u00e8s la premi\u00e8re. Mais l\u2019on sait d\u00e9sormais qu\u2019il faudra patienter jusqu\u2019au 11\u00a0novembre\u00a02026\u00a0pour poursuivre les aventures du Roi Arthur et de sa qu\u00eate du Graal.<\/p>\n<p class=\"asset asset-text\">Alexandre Astier n\u2019a pas laiss\u00e9 les fans de son univers sans explication. Dans le communiqu\u00e9, il a \u00e9crit\u00a0: \u00ab\u00a0Le\u00a0deuxi\u00e8me volet de\u00a0Kaamelott\u00a0est le chapitre o\u00f9 Arthur envoie ses chevaliers \u2014 v\u00e9t\u00e9rans ou novices, compagnons de longue date ou recrues de l\u2019ann\u00e9e \u2014 \u00e0 l\u2019Aventure. Il s\u2019agit donc d\u2019un nombre colossal de personnages, regroup\u00e9s en \u00e9quipes, qui quittent la Table Ronde pour aller prouver leur valeur et leur courage aux quatre coins du monde\u00a0\u00bb.<\/p>\n<p class=\"asset asset-text\">\u00ab\u00a0C\u2019est un volet long, constitu\u00e9 de nombreuses histoires parall\u00e8les, qui m\u00e9rite qu\u2019on s\u2019y attarde. Je n\u2019aurais pas compress\u00e9 tout \u00e7a en deux heures, a-t-il ajout\u00e9. Mais il s\u2019agit bien d\u2019un\u00a0volet unique\u00a0: une seule unit\u00e9 de temps claire, les m\u00eames mondes, les m\u00eames aventuriers\u2026 et surtout, un\u00a0m\u00eame tournage, de plus de huit mois. Il n\u2019y a pas d\u2019ellipse entre ces deux parties, et elles pourront, au bout du compte, \u00eatre vues \u00e0 la suite l\u2019une de l\u2019autre comme un seul grand film. Comme un gros bouquin coup\u00e9 en deux, un long spectacle avec entracte.\u00a0\u00bb<\/p>\n<p>                     Un casting compos\u00e9 de nouveaux et d\u2019habitu\u00e9s    <\/p>\n<p class=\"asset asset-text\">Dans la suite de son texte, le r\u00e9alisateur pr\u00e9cise que \u00ab\u00a0l\u2019un de (ses) premiers plaisirs de metteur en sc\u00e8ne est d\u2019accueillir de nouveaux com\u00e9diens dans le monde de K\u00a0\u00bb. L\u2019occasion pour lui de partager la liste des com\u00e9diens qui jouent dans les deux parties du deuxi\u00e8me volet, <strong>comme vous pouvez le voir ci-dessous<\/strong>.<\/p>\n<p> La lecture de ce contenu est susceptible d\u2019entra\u00eener un d\u00e9p\u00f4t de cookies de la part de l\u2019op\u00e9rateur tiers qui l\u2019h\u00e9berge. Compte-tenu des choix que vous avez exprim\u00e9s en mati\u00e8re de d\u00e9p\u00f4t de cookies, nous avons bloqu\u00e9 l\u2019affichage de ce contenu. Si vous souhaitez y acc\u00e9der, vous devez accepter la cat\u00e9gorie de cookies \u201cContenus tiers\u201d en cliquant sur le bouton ci-dessous. <\/p>\n<p> Lire la Vid\u00e9o        <\/p>\n<p class=\"asset asset-text\">Seront encore pr\u00e9sents des noms comme Alain Chabat, Audrey Fleurot, Jean-Christophe Hembert, Christian Clavier, Antoine de\u00a0Caunes, Sting, Fran\u00e7ois Rollin, Anne Girouard, Jo\u00eblle Sevilla, Guillaume Gallienneou encore Alban Lenoir. Le tr\u00e8s riche casting de Kaamelott se densifie encore plus en accueillant de nouveaux visages comme ceux de Franck Dubosc, Haroun, Thomas VDB ou encore Redouane Bougheraba. La partie 2\u00a0marquera \u00e9galement le retour de Simon Astier dans le r\u00f4le de Yvain, le Chevalier au lion et beau-fr\u00e8re du roi Arthur qui n\u2019\u00e9tait pas apparu dans le premier film sorti en 2021.<\/p>\n<p class=\"asset asset-text\">Un nom brille cependant par son absence. Il s\u2019agit de celui de Frank Pitiot, interpr\u00e8te de Perceval le Gallois, chevalier de la Table ronde et ami d\u2019Arthur qui a conquis le c\u0153ur des t\u00e9l\u00e9spectateurs gr\u00e2ce \u00e0 sa tendresse et sa b\u00eatise. D\u2019apr\u00e8s <a href=\"https:\/\/www.diverto.tv\/actualites\/cinema\/kaamelott-perceval-absent-du-deuxieme-volet\" target=\"_blank\" rel=\"noopener nofollow\" title=\"Nouvelle fen\u00eatre\">Diverto<\/a>, cela s\u2019explique par le fait que Franck Pitiot \u00ab\u00a0n\u2019a pas souhait\u00e9 participer au tournage de ce deuxi\u00e8me volet\u00a0\u00bb. Une absence qui va peser gros dans le c\u0153ur des fans.<\/p>\n","protected":false},"excerpt":{"rendered":"SND La partie 2\u00a0du deuxi\u00e8me volet de \u00ab\u00a0Kaamelott\u00a0\u00bb ne sortira que le 11\u00a0novembre 2026. CIN\u00c9MA &#8211; Apr\u00e8s une&hellip;\n","protected":false},"author":2,"featured_media":303395,"comment_status":"","ping_status":"","sticky":false,"template":"","format":"standard","meta":{"footnotes":""},"categories":[8],"tags":[14989,650,251,58,59,1011,27,41019],"class_list":{"0":"post-303394","1":"post","2":"type-post","3":"status-publish","4":"format-standard","5":"has-post-thumbnail","7":"category-divertissement","8":"tag-alexandre-astier","9":"tag-cinema","10":"tag-culture","11":"tag-divertissement","12":"tag-entertainment","13":"tag-fr","14":"tag-france","15":"tag-kaamelott"},"share_on_mastodon":{"url":"https:\/\/pubeurope.com\/@fr\/114989008477459013","error":""},"_links":{"self":[{"href":"https:\/\/www.europesays.com\/fr\/wp-json\/wp\/v2\/posts\/303394","targetHints":{"allow":["GET"]}}],"collection":[{"href":"https:\/\/www.europesays.com\/fr\/wp-json\/wp\/v2\/posts"}],"about":[{"href":"https:\/\/www.europesays.com\/fr\/wp-json\/wp\/v2\/types\/post"}],"author":[{"embeddable":true,"href":"https:\/\/www.europesays.com\/fr\/wp-json\/wp\/v2\/users\/2"}],"replies":[{"embeddable":true,"href":"https:\/\/www.europesays.com\/fr\/wp-json\/wp\/v2\/comments?post=303394"}],"version-history":[{"count":0,"href":"https:\/\/www.europesays.com\/fr\/wp-json\/wp\/v2\/posts\/303394\/revisions"}],"wp:featuredmedia":[{"embeddable":true,"href":"https:\/\/www.europesays.com\/fr\/wp-json\/wp\/v2\/media\/303395"}],"wp:attachment":[{"href":"https:\/\/www.europesays.com\/fr\/wp-json\/wp\/v2\/media?parent=303394"}],"wp:term":[{"taxonomy":"category","embeddable":true,"href":"https:\/\/www.europesays.com\/fr\/wp-json\/wp\/v2\/categories?post=303394"},{"taxonomy":"post_tag","embeddable":true,"href":"https:\/\/www.europesays.com\/fr\/wp-json\/wp\/v2\/tags?post=303394"}],"curies":[{"name":"wp","href":"https:\/\/api.w.org\/{rel}","templated":true}]}}