{"id":303396,"date":"2025-08-07T18:56:13","date_gmt":"2025-08-07T18:56:13","guid":{"rendered":"https:\/\/www.europesays.com\/fr\/303396\/"},"modified":"2025-08-07T18:56:13","modified_gmt":"2025-08-07T18:56:13","slug":"cetait-la-suite-logique-nouvelle-aventure-pour-thomas-pesquet-14-ans-quil-en-revait","status":"publish","type":"post","link":"https:\/\/www.europesays.com\/fr\/303396\/","title":{"rendered":"\u00ab\u00a0C\u2019\u00e9tait la suite logique\u00a0\u00bb : Nouvelle aventure pour Thomas Pesquet, 14 ans qu\u2019il en r\u00eavait"},"content":{"rendered":"<p>            <img loading=\"lazy\" decoding=\"async\" src=\"https:\/\/www.europesays.com\/fr\/wp-content\/uploads\/2025\/04\/144-64f8c016610ee-35x35-1.jpg\" class=\"author-article-picture\" width=\"35\" height=\"35\"\/><\/p>\n<p>                Par<br \/>\n                                    <a class=\"author-article-bio-link\" href=\"https:\/\/www.purepeople.com\/auteur\/louise-martin_a144\" rel=\"nofollow noopener\" target=\"_blank\">Louise Martin<\/a><br \/>\n                                                    | R\u00e9dactrice<\/p>\n<p>\n                Koh Lanta, Les Marseillais mais aussi Mari\u00e9s au Premier regards\u2026 Louise Martin est une t\u00e9l\u00e9vore qui essaye, \u00e0 ses heures perdues, de refaire les g\u00e2teaux qu\u2019elle admire devant le Meilleur P\u00e2tissier\u2026 mais elle ne risque pas de gagner le tablier bleu ! Les r\u00e9seaux sociaux n\u2019ont pas de secret pour elle, les derniers scoops, les derni\u00e8res \u00e9missions, elle les conna\u00eet tous.\n            <\/p>\n<p>\n    Habitu\u00e9 \u00e0 \u00e9voluer \u00e0 des hauteurs extr\u00eames en raison de son m\u00e9tier de spationaute, Thomas Pesquet est cette fois-ci parti dans les grandes profondeurs. Le compagnon d&rsquo;Anne Mottet a r\u00e9cemment r\u00e9alis\u00e9 un r\u00eave vieux de 14 ans, comme il l&rsquo;a lui-m\u00eame r\u00e9v\u00e9l\u00e9 le jeudi 7 ao\u00fbt 2025 sur son compte Instagram.\n<\/p>\n<p>                            <img loading=\"lazy\" decoding=\"async\" class=\"player-thumbnail\" src=\"https:\/\/www.europesays.com\/fr\/wp-content\/uploads\/2025\/08\/8177ab7082549a01-580x326-2.jpg\" width=\"580\" height=\"326\"\/><\/p>\n<p>                    \u00ab\u00a0C\u2019\u00e9tait la suite logique\u00a0\u00bb : Nouvelle aventure pour Thomas Pesquet, 14 ans qu\u2019il en r\u00eavait<\/p>\n<p>La suite apr\u00e8s la publicit\u00e9<\/p>\n<p>Devenu une v\u00e9ritable star en France et \u00e0 travers le monde ces derni\u00e8res ann\u00e9es, Thomas Pesquet s&rsquo;est fait conna\u00eetre du grand public gr\u00e2ce \u00e0 son m\u00e9tier de spationaute. Pour rappel, le compagnon d&rsquo;<a href=\"https:\/\/www.purepeople.com\/article\/thomas-pesquet-anne-mottet-la-compagne-de-lastronaute-nest-pas-du-tout-contente-et-le-fait-savoir_a538965\/1\" rel=\"nofollow noopener\" target=\"_blank\">Anne Mottet<\/a> s&rsquo;est <strong>rendu \u00e0 deux reprises au sein de la <\/strong><a href=\"https:\/\/www.purepeople.com\/article\/thomas-pesquet-veut-briser-la-monotonie-a-bord-d-iss-il-appelle-les-internautes-a-l-aide_a446920\/1\" rel=\"nofollow noopener\" target=\"_blank\"><strong>Station Spaciale Internationale (ISS)<\/strong><\/a> pour y effectuer des missions depuis le d\u00e9but de sa carri\u00e8re. Le spationaute tricolore a ainsi \u00e9volu\u00e9 \u00e0 des hauteurs extr\u00eames lorsqu&rsquo;il se trouvait <a href=\"https:\/\/www.purepeople.com\/article\/thomas-pesquet-et-coldplay-echange-surprise-grande-premiere-depuis-l-iss_a435163\/1\" rel=\"nofollow noopener\" target=\"_blank\">dans l&rsquo;Espace<\/a>. Aujourd&rsquo;hui revenu sur la terre ferme, Thomas Pesquet a r\u00e9cemment r\u00e9alis\u00e9 un r\u00eave vieux de 14 ans, comme il l&rsquo;a d\u00e9voil\u00e9 le jeudi 7 ao\u00fbt 2025 sur Instagram. Apr\u00e8s \u00eatre mont\u00e9 par del\u00e0 la stratosph\u00e8re, <strong>l&rsquo;astronaute est descendu dans les profondeurs des abysses.<\/strong><\/p>\n<p>\u00ab\u00a0Mon record d\u2019altitude \u00e9tait d\u00e9j\u00e0 effectu\u00e9, il manquait le record de profondeur ! Merci \u00e0 l\u2019Ifremer pour son invitation \u00e0 plonger \u00e0 bord du Nautile, depuis le navire oc\u00e9anographique Atalante. Cette plong\u00e9e \u00e0 2000 m\u00e8tres \u00e9tait <strong>la suite logique d\u2019une discussion entam\u00e9e en 2021 et m\u00eame en 2011,<\/strong> quand, tout au d\u00e9but de ma carri\u00e8re, nous avions avec la\u00a0Marine Nationale constat\u00e9 des similarit\u00e9s entre missions sous-marines et spatiales\u00a0\u00bb, a premi\u00e8rement \u00e9crit Thomas Pesquet, tout en d\u00e9voilant plusieurs images de son p\u00e9riple sur les r\u00e9seaux sociaux.\u00a0<\/p>\n<p>Thomas Pesquet : apr\u00e8s avoir explor\u00e9 l&rsquo;Espace, l&rsquo;astronaute a visit\u00e9 le fin fond des oc\u00e9ans<\/p>\n<p>\u00ab\u00a0Milieu extr\u00eame et technologie : pression, temp\u00e9rature, obscurit\u00e9\u2026 <strong>autant d\u2019obstacles surmont\u00e9s gr\u00e2ce \u00e0 la technologie. <\/strong>Les syst\u00e8mes d\u2019\u00e9nergie, navigation, communications, atmosph\u00e8re respirable sont tr\u00e8s proches entre espace et abysses (tout comme les cabines exigu\u00ebs), les sas lourds, et m\u00eame la structure des v\u00e9hicules. Et au risque d\u2019en surprendre certains, \u00e7a se pilote comme une capsule spatiale, avec trois axes, de l\u2019inertie\u2026 et beaucoup d\u2019anticipation\u00a0\u00bb, a ensuite ajout\u00e9 celui qui partage la vie de la chercheuse Anne Mottet.\u00a0<\/p>\n<p>\u00ab\u00a0Science et exploration : leur terrain d\u2019\u00e9tude ? Les dorsales m\u00e9dio-oc\u00e9aniques, o\u00f9 les volcans sous-marins permettent une vie foisonnante et inattendue. Gr\u00e2ce au Nautile et aux chercheurs marins, on explore les limites de la vie terrestre\u2026 et peut-\u00eatre ses origines. <strong>Une mission proche, \u00e0 bien des \u00e9gards, de celles que nous m\u00e8nerons sur la Lune ou sur Mars. <\/strong>En bref, je me suis senti en famille, que ce soit par la proximit\u00e9 technique ou l\u2019accueil chaleureux des marins et des scientifiques\u00a0\u00bb, a finalement conclu Thomas Pesquet au sujet de son voyage au fin fond des oc\u00e9ans.<\/p>\n","protected":false},"excerpt":{"rendered":"Par Louise Martin | R\u00e9dactrice Koh Lanta, Les Marseillais mais aussi Mari\u00e9s au Premier regards\u2026 Louise Martin est&hellip;\n","protected":false},"author":2,"featured_media":303397,"comment_status":"","ping_status":"","sticky":false,"template":"","format":"standard","meta":{"footnotes":""},"categories":[7],"tags":[1011,27,43,40,41,39,42,44],"class_list":{"0":"post-303396","1":"post","2":"type-post","3":"status-publish","4":"format-standard","5":"has-post-thumbnail","7":"category-sciences-et-technologies","8":"tag-fr","9":"tag-france","10":"tag-science","11":"tag-science-and-technology","12":"tag-sciences","13":"tag-sciences-et-technologies","14":"tag-technologies","15":"tag-technology"},"share_on_mastodon":{"url":"https:\/\/pubeurope.com\/@fr\/114989012530225443","error":""},"_links":{"self":[{"href":"https:\/\/www.europesays.com\/fr\/wp-json\/wp\/v2\/posts\/303396","targetHints":{"allow":["GET"]}}],"collection":[{"href":"https:\/\/www.europesays.com\/fr\/wp-json\/wp\/v2\/posts"}],"about":[{"href":"https:\/\/www.europesays.com\/fr\/wp-json\/wp\/v2\/types\/post"}],"author":[{"embeddable":true,"href":"https:\/\/www.europesays.com\/fr\/wp-json\/wp\/v2\/users\/2"}],"replies":[{"embeddable":true,"href":"https:\/\/www.europesays.com\/fr\/wp-json\/wp\/v2\/comments?post=303396"}],"version-history":[{"count":0,"href":"https:\/\/www.europesays.com\/fr\/wp-json\/wp\/v2\/posts\/303396\/revisions"}],"wp:featuredmedia":[{"embeddable":true,"href":"https:\/\/www.europesays.com\/fr\/wp-json\/wp\/v2\/media\/303397"}],"wp:attachment":[{"href":"https:\/\/www.europesays.com\/fr\/wp-json\/wp\/v2\/media?parent=303396"}],"wp:term":[{"taxonomy":"category","embeddable":true,"href":"https:\/\/www.europesays.com\/fr\/wp-json\/wp\/v2\/categories?post=303396"},{"taxonomy":"post_tag","embeddable":true,"href":"https:\/\/www.europesays.com\/fr\/wp-json\/wp\/v2\/tags?post=303396"}],"curies":[{"name":"wp","href":"https:\/\/api.w.org\/{rel}","templated":true}]}}