{"id":303402,"date":"2025-08-07T18:59:12","date_gmt":"2025-08-07T18:59:12","guid":{"rendered":"https:\/\/www.europesays.com\/fr\/303402\/"},"modified":"2025-08-07T18:59:12","modified_gmt":"2025-08-07T18:59:12","slug":"en-direct-incendie-dans-laude-le-feu-est-desormais-fixe-annonce-la-prefecture-rtl-fr","status":"publish","type":"post","link":"https:\/\/www.europesays.com\/fr\/303402\/","title":{"rendered":"EN DIRECT &#8211; Incendie dans l&#039;Aude : le feu est d\u00e9sormais fix\u00e9, annonce la pr\u00e9fecture &#8211; RTL.fr"},"content":{"rendered":"<ol>\n<li><a href=\"https:\/\/news.google.com\/rss\/articles\/CBMi3gFBVV95cUxOZENLTzkyOWMyaktwRTc4cUtCRGdvWWN0REpZcHFsMjg1RlJOWnZOQkdKUWFhcmo4eF9TQmNiN3pJa1NTaFpQMUFoYVQyc3pzb0J0alJnWWZCZEpDNmc1M2xKZFpWZEdiZHgxQVVCMUV4MjZqSXo3dm5aTjZVQ21LY3FCblFWQzE0bHd3czVyS0E2cHhQT1BVWlYzaDZWb2o1RlRUUGZoT25uSy12QkhxWkttWVVkeG5GcGk1clBmaTJaN2J6Y3VSOTlXcnhmWmZ4NlBSUDZyd0JubVAyV3c?oc=5\" target=\"_blank\" rel=\"noopener\">EN DIRECT &#8211; Incendie dans l&rsquo;Aude : le feu est d\u00e9sormais fix\u00e9, annonce la pr\u00e9fecture<\/a>&nbsp;&nbsp;RTL.fr<\/li>\n<li><a href=\"https:\/\/news.google.com\/rss\/articles\/CBMihwJBVV95cUxOLXZXNmhhLW15cS15cTVVZy1uV3c5T0dhNEl2S3VLeFQzOHZSMkdYZ0o5ZmZURHEwZjRiSHp5T0JUUW5uQ2R2dFJhSW92NUJ0NlBHRXlKM3phMl9zN1JiTHMwOUg2bXJhNmlSWWtUMWhmalUyeUFUQ0NrYVFZcW0tbVRzVlkxSDNuM01qNkJSMkhHU1c3eTRjRGRCdU9fOEl4VlROTFlpQ25oLTNmU3BhZDRsTUxRdUpKQnY1QW1nTC1uLTNLVktaYzdZNjM0N1JtUzZvVUZPRWJNTHlrZkp5VFBGWFFHb3U2dk1hV09UaG9naEF2aVEtTmE4eGdSTU9wUnlMek5EZw?oc=5\" target=\"_blank\" rel=\"noopener\">En direct, incendie dans l\u2019Aude : l\u2019incendie qui a parcouru 17 000 hectares est d\u00e9sormais fix\u00e9, annonce le pr\u00e9fet<\/a>&nbsp;&nbsp;Le Monde.fr<\/li>\n<li><a href=\"https:\/\/news.google.com\/rss\/articles\/CBMiywJBVV95cUxNZXF3UHp0VWthdUlweDhuMXZlZmlrQWxncHZPQjJGLURDZjRvWk53TVRnOEZSd0dsbHlNb09tME43Rl8taHJZeGNDRUtzRTlwcnhyTjdPTEIxc0VDMW1velBGcG9zLTlKVDJzR0RWSkVHSEtLWEtWMHhRY3lWLTBFZllPTzlVeU9WUWNfVEk1NFd4N3FoRnVEZUdHUktDdnUzajZ2aGJ0YWktanpXWGN4eEZuNVVwRzFVRGJkaFJKUC1PTDBDOW01Z2RxVEJOVHNseU5PRU80dWlNTnFOSmFvMFcwRk1lcFlKcEZlUVc2X0Jtd1N2WWVQLVdnajVPN0pPQzJmTElOTEJkRVZzLTFaRVVmUG5XQ1BjSnNVVGtTXzhIQkd0MUVZNGp6a1VCdFpna1VZZ0Z2M2h5WmFVelpGNUdiWmpPSmY1NXhZ?oc=5\" target=\"_blank\" rel=\"noopener\">Feu fix\u00e9 dans l&rsquo;Aude: \u00ab\u00a0C&rsquo;est de l&rsquo;admiration qu&rsquo;il faut pour ces gens-l\u00e0\u00a0\u00bb, raconte Gilles Goujon, chef triplement \u00e9toil\u00e9 au Michelin de la r\u00e9gion Occitanie, \u00e0 propos des pompiers<\/a>&nbsp;&nbsp;BFMTV<\/li>\n<li><a href=\"https:\/\/news.google.com\/rss\/articles\/CBMi4AFBVV95cUxOTkxoVnZMRjEtVFZLUTVzSjNYWHlObmZtYTVGNmNDQnRnNTVsbkphT0Z1TEpIb2Q2NmxDNzRKMmhSUlBfS2VsZ1NfRGtYYkpLMDJ0LTZ1ZEVwVUxXMFFqNThaR0RidHB0VmR3dy0xVmRDM29XUVhzYkxETC1OU1NRc1lObmdYUktDWXp2eC1IOUJZaHhzRkpjUDhDcHA2eXQ3MGs3M2V5YWMwZVRFOTlZbm1adWJ2cWFhalVHbXdZUHpaRkNZVUdmWjVycVFfcmRkenVKWXo3bV90ZFkxN2M0Vg?oc=5\" target=\"_blank\" rel=\"noopener\">\u00ab Un mur de flammes de 10 m\u00e8tres de haut \u00bb : Jonqui\u00e8res, un petit village audois d\u00e9figur\u00e9 par l\u2019incendie<\/a>&nbsp;&nbsp;Le Figaro<\/li>\n<li><a href=\"https:\/\/news.google.com\/rss\/articles\/CBMi4wFBVV95cUxQME9ydzNQVi01d3lHbGJVUklLbGxHbGd3WXBZOGRIN3JwOTZyU0ctU0VrNHYxY1VGbmd5WjNON25WRUpkUUxxUHFkZENGc3pJenotMnIwZW1VRDZxWjJDbGxvTUJSTEpIWjBxeklnMUN5Z0pfVHZiaDZNb29iRTFPZHVzaVlzRm9wd1BkTXFuY3ppYmtLNkwtUnlyVHExQVBkSkprZ0pyWUxZS1doYy10alN0aTJhc2syTHdDSHE1RDBjOEk2N1V5MER3SHdFTGpwRnh5cS1SaG9yaFpZS3NUYlZfMA?oc=5\" target=\"_blank\" rel=\"noopener\">Les Canadairs promis par Macron sont loin d\u2019\u00eatre pr\u00eats, mais ce n\u2019est pas le seul probl\u00e8me<\/a>&nbsp;&nbsp;Le HuffPost<\/li>\n<\/ol>\n","protected":false},"excerpt":{"rendered":"EN DIRECT &#8211; Incendie dans l&rsquo;Aude : le feu est d\u00e9sormais fix\u00e9, annonce la pr\u00e9fecture&nbsp;&nbsp;RTL.fr En direct, incendie&hellip;\n","protected":false},"author":2,"featured_media":303403,"comment_status":"","ping_status":"","sticky":false,"template":"","format":"standard","meta":{"footnotes":""},"categories":[4],"tags":[11,898,4086,107,1011,27,1310,12,25],"class_list":{"0":"post-303402","1":"post","2":"type-post","3":"status-publish","4":"format-standard","5":"has-post-thumbnail","7":"category-france","8":"tag-actualites","9":"tag-alerte","10":"tag-aude","11":"tag-fil-info","12":"tag-fr","13":"tag-france","14":"tag-incendie","15":"tag-news","16":"tag-republique-francaise"},"share_on_mastodon":{"url":"https:\/\/pubeurope.com\/@fr\/114989024172584733","error":""},"_links":{"self":[{"href":"https:\/\/www.europesays.com\/fr\/wp-json\/wp\/v2\/posts\/303402","targetHints":{"allow":["GET"]}}],"collection":[{"href":"https:\/\/www.europesays.com\/fr\/wp-json\/wp\/v2\/posts"}],"about":[{"href":"https:\/\/www.europesays.com\/fr\/wp-json\/wp\/v2\/types\/post"}],"author":[{"embeddable":true,"href":"https:\/\/www.europesays.com\/fr\/wp-json\/wp\/v2\/users\/2"}],"replies":[{"embeddable":true,"href":"https:\/\/www.europesays.com\/fr\/wp-json\/wp\/v2\/comments?post=303402"}],"version-history":[{"count":0,"href":"https:\/\/www.europesays.com\/fr\/wp-json\/wp\/v2\/posts\/303402\/revisions"}],"wp:featuredmedia":[{"embeddable":true,"href":"https:\/\/www.europesays.com\/fr\/wp-json\/wp\/v2\/media\/303403"}],"wp:attachment":[{"href":"https:\/\/www.europesays.com\/fr\/wp-json\/wp\/v2\/media?parent=303402"}],"wp:term":[{"taxonomy":"category","embeddable":true,"href":"https:\/\/www.europesays.com\/fr\/wp-json\/wp\/v2\/categories?post=303402"},{"taxonomy":"post_tag","embeddable":true,"href":"https:\/\/www.europesays.com\/fr\/wp-json\/wp\/v2\/tags?post=303402"}],"curies":[{"name":"wp","href":"https:\/\/api.w.org\/{rel}","templated":true}]}}