{"id":303404,"date":"2025-08-07T19:00:12","date_gmt":"2025-08-07T19:00:12","guid":{"rendered":"https:\/\/www.europesays.com\/fr\/303404\/"},"modified":"2025-08-07T19:00:12","modified_gmt":"2025-08-07T19:00:12","slug":"lalgerie-annonce-la-fin-de-la-gratuite-des-biens-pretes-a-lambassade-de-france","status":"publish","type":"post","link":"https:\/\/www.europesays.com\/fr\/303404\/","title":{"rendered":"L\u2019Alg\u00e9rie annonce la fin de la gratuit\u00e9 des biens pr\u00eat\u00e9s \u00e0 l\u2019ambassade de France"},"content":{"rendered":"<p>Symbole des tensions entre les deux pays, Alger a d\u00e9cid\u00e9 de mettre un terme aux tarifs tr\u00e8s avantageux dont b\u00e9n\u00e9ficie la France pour la location de nombreux biens alg\u00e9riens.<\/p>\n<p class=\"fig-paragraph\">Alger a annonc\u00e9 jeudi la fin de la gratuit\u00e9 des biens pr\u00eat\u00e9s depuis des d\u00e9cennies \u00e0 l\u2019ambassade de<a href=\"http:\/\/www.lefigaro.fr\/politique\/emmanuel-macron-au-figaro-nous-n-avons-pas-d-autre-choix-que-d-adopter-une-approche-de-plus-grande-fermete-avec-l-algerie-20250806\" data-fig-type=\"Article\" data-gtm-custom-categorie=\"navigation\" data-gtm-custom-action=\"crossclick\" data-gtm-custom-label=\"Contextuel\" data-gtm-event=\"customEventSPE\" data-fig-domain=\"LEFIGARO\" target=\"_blank\" rel=\"noopener\">\u00a0France en Alg\u00e9rie<\/a>\u00a0et une r\u00e9vision des baux contract\u00e9s pour d\u2019autres institutions fran\u00e7aises sur le territoire alg\u00e9rien.<\/p>\n<p class=\"fig-paragraph\">Le charg\u00e9 d\u2019affaires fran\u00e7ais \u00e0 Alger, convoqu\u00e9 au minist\u00e8re des Affaires \u00e9trang\u00e8res, a \u00e9t\u00e9 inform\u00e9 de \u00abla d\u00e9cision des autorit\u00e9s alg\u00e9riennes de mettre fin \u00e0 la mise \u00e0 disposition, \u00e0 titre gracieux, de biens immobiliers appartenant \u00e0 l\u2019\u00c9tat alg\u00e9rien au profit de l\u2019ambassade de France en Alg\u00e9rie\u00bb, a indiqu\u00e9 l\u2019agence alg\u00e9rienne APS citant un communiqu\u00e9 du minist\u00e8re.<\/p>\n<p>                                    <a class=\"fig-a11y-skip a11y-hidden\" href=\"#fig-a11y-skip-main-inarticle\"><br \/>\n        Passer la publicit\u00e9<br \/>\n    <\/a><\/p>\n<p class=\"fig-paragraph\">Selon une d\u00e9p\u00eache APS datant de mars, la France loue \u00e0 des tarifs tr\u00e8s avantageux et parfois m\u00eame pour un \u00abfranc symbolique\u00bb, 61 biens en Alg\u00e9rie dont 18 hectares pour l\u2019ambassade de France et 4 hectares pour la r\u00e9sidence de l\u2019ambassadeur \u00e0 Alger.<\/p>\n","protected":false},"excerpt":{"rendered":"Symbole des tensions entre les deux pays, Alger a d\u00e9cid\u00e9 de mettre un terme aux tarifs tr\u00e8s avantageux&hellip;\n","protected":false},"author":2,"featured_media":303405,"comment_status":"","ping_status":"","sticky":false,"template":"","format":"standard","meta":{"footnotes":""},"categories":[2],"tags":[11,15,8539,1011,27,12],"class_list":{"0":"post-303404","1":"post","2":"type-post","3":"status-publish","4":"format-standard","5":"has-post-thumbnail","7":"category-actualites","8":"tag-actualites","9":"tag-algerie","10":"tag-ambassade","11":"tag-fr","12":"tag-france","13":"tag-news"},"share_on_mastodon":{"url":"https:\/\/pubeurope.com\/@fr\/114989028124937232","error":""},"_links":{"self":[{"href":"https:\/\/www.europesays.com\/fr\/wp-json\/wp\/v2\/posts\/303404","targetHints":{"allow":["GET"]}}],"collection":[{"href":"https:\/\/www.europesays.com\/fr\/wp-json\/wp\/v2\/posts"}],"about":[{"href":"https:\/\/www.europesays.com\/fr\/wp-json\/wp\/v2\/types\/post"}],"author":[{"embeddable":true,"href":"https:\/\/www.europesays.com\/fr\/wp-json\/wp\/v2\/users\/2"}],"replies":[{"embeddable":true,"href":"https:\/\/www.europesays.com\/fr\/wp-json\/wp\/v2\/comments?post=303404"}],"version-history":[{"count":0,"href":"https:\/\/www.europesays.com\/fr\/wp-json\/wp\/v2\/posts\/303404\/revisions"}],"wp:featuredmedia":[{"embeddable":true,"href":"https:\/\/www.europesays.com\/fr\/wp-json\/wp\/v2\/media\/303405"}],"wp:attachment":[{"href":"https:\/\/www.europesays.com\/fr\/wp-json\/wp\/v2\/media?parent=303404"}],"wp:term":[{"taxonomy":"category","embeddable":true,"href":"https:\/\/www.europesays.com\/fr\/wp-json\/wp\/v2\/categories?post=303404"},{"taxonomy":"post_tag","embeddable":true,"href":"https:\/\/www.europesays.com\/fr\/wp-json\/wp\/v2\/tags?post=303404"}],"curies":[{"name":"wp","href":"https:\/\/api.w.org\/{rel}","templated":true}]}}