{"id":303406,"date":"2025-08-07T19:01:12","date_gmt":"2025-08-07T19:01:12","guid":{"rendered":"https:\/\/www.europesays.com\/fr\/303406\/"},"modified":"2025-08-07T19:01:12","modified_gmt":"2025-08-07T19:01:12","slug":"deux-soirees-theatre-les-12-et-13-aout","status":"publish","type":"post","link":"https:\/\/www.europesays.com\/fr\/303406\/","title":{"rendered":"deux soir\u00e9es th\u00e9\u00e2tre, les 12 et 13\u00a0ao\u00fbt"},"content":{"rendered":"<p>La Com\u00e9die Triomphe, en partenariat avec l\u2019association AVS, vous emm\u00e8ne cet \u00e9t\u00e9 au festival des com\u00e9dies.<\/p>\n<p>Mardi soir, on pourra rire devant 20 ans apr\u00e8s. Isabelle et Romain ont une vie rang\u00e9e. Tout va bien pour eux jusqu\u2019au jour o\u00f9 ils se retrouvent par le plus grand des hasards. Mercredi, ce sera au tour de Comment draguer 50 ans apr\u00e8s\u00a0?  Ou quand l\u2019amour et les maladresses se rencontrent.<\/p>\n<p class=\"note\">Mardi\u00a012 et mercredi 13\u00a0ao\u00fbt \u00e0 20\u00a0h\u00a030. Amphith\u00e9\u00e2tre du ch\u00e2teau. De 10 \u00e0 15\u00a0\u20ac. Site\u00a0: <a href=\"http:\/\/www.comedietriomphe.fr\" title=\"www.comedietriomphe.fr\" target=\"_blank\" rel=\"noopener\">http:\/\/www.comedietriomphe.fr<\/a><\/p>\n","protected":false},"excerpt":{"rendered":"La Com\u00e9die Triomphe, en partenariat avec l\u2019association AVS, vous emm\u00e8ne cet \u00e9t\u00e9 au festival des com\u00e9dies. Mardi soir,&hellip;\n","protected":false},"author":2,"featured_media":303407,"comment_status":"","ping_status":"","sticky":false,"template":"","format":"standard","meta":{"footnotes":""},"categories":[9653],"tags":[1111,11,2430,1687,1777,674,1011,27,12,25,4001,3140],"class_list":{"0":"post-303406","1":"post","2":"type-post","3":"status-publish","4":"format-standard","5":"has-post-thumbnail","7":"category-saint-etienne","8":"tag-actu","9":"tag-actualites","10":"tag-auvergne-rhone-alpes","11":"tag-culture-loisirs","12":"tag-eu","13":"tag-europe","14":"tag-fr","15":"tag-france","16":"tag-news","17":"tag-republique-francaise","18":"tag-saint-etienne","19":"tag-spectacle"},"share_on_mastodon":{"url":"https:\/\/pubeurope.com\/@fr\/114989032182509716","error":""},"_links":{"self":[{"href":"https:\/\/www.europesays.com\/fr\/wp-json\/wp\/v2\/posts\/303406","targetHints":{"allow":["GET"]}}],"collection":[{"href":"https:\/\/www.europesays.com\/fr\/wp-json\/wp\/v2\/posts"}],"about":[{"href":"https:\/\/www.europesays.com\/fr\/wp-json\/wp\/v2\/types\/post"}],"author":[{"embeddable":true,"href":"https:\/\/www.europesays.com\/fr\/wp-json\/wp\/v2\/users\/2"}],"replies":[{"embeddable":true,"href":"https:\/\/www.europesays.com\/fr\/wp-json\/wp\/v2\/comments?post=303406"}],"version-history":[{"count":0,"href":"https:\/\/www.europesays.com\/fr\/wp-json\/wp\/v2\/posts\/303406\/revisions"}],"wp:featuredmedia":[{"embeddable":true,"href":"https:\/\/www.europesays.com\/fr\/wp-json\/wp\/v2\/media\/303407"}],"wp:attachment":[{"href":"https:\/\/www.europesays.com\/fr\/wp-json\/wp\/v2\/media?parent=303406"}],"wp:term":[{"taxonomy":"category","embeddable":true,"href":"https:\/\/www.europesays.com\/fr\/wp-json\/wp\/v2\/categories?post=303406"},{"taxonomy":"post_tag","embeddable":true,"href":"https:\/\/www.europesays.com\/fr\/wp-json\/wp\/v2\/tags?post=303406"}],"curies":[{"name":"wp","href":"https:\/\/api.w.org\/{rel}","templated":true}]}}