{"id":303414,"date":"2025-08-07T19:05:12","date_gmt":"2025-08-07T19:05:12","guid":{"rendered":"https:\/\/www.europesays.com\/fr\/303414\/"},"modified":"2025-08-07T19:05:12","modified_gmt":"2025-08-07T19:05:12","slug":"suivez-le-guide-une-visite-commentee-pour-les-amateurs-de-street-art-a-toulon","status":"publish","type":"post","link":"https:\/\/www.europesays.com\/fr\/303414\/","title":{"rendered":"Suivez le guide: une visite comment\u00e9e pour les amateurs de street art \u00e0 Toulon"},"content":{"rendered":"<p>Rendez-vous est pris devant l\u2019\u00e9ph\u00e9m\u00e8re Boutique Bleue, install\u00e9e rue Pierre-S\u00e9mard jusqu\u2019au 16 ao\u00fbt prochain. \u00ab\u00a0Il y a du monde, aujourd\u2019hui! \u00a0\u00bb Anthony est le com\u00e9dien charg\u00e9 d\u2019assurer la visite comment\u00e9e de ce samedi apr\u00e8s-midi.<\/p>\n<p>L\u2019id\u00e9e vient de l\u2019office du commerce et de l\u2019artisanat de Toulon (OCAT) et son pr\u00e9sident Boris Touaty, qui, pour coller \u00e0 l\u2019actualit\u00e9 et \u00e0 l\u2019expo Banksy propos\u00e9e au mus\u00e9e d\u2019art de Toulon, a imagin\u00e9 une ligne bleue trac\u00e9e au sol dans la basse ville. Celle-ci m\u00e8ne les passants de boutique en boutique, dans lesquelles des artistes locaux ont cach\u00e9 des clins d\u2019\u0153il \u00e0 l\u2019univers du ma\u00eetre du Street art. L\u2019OCAT a ainsi confi\u00e9 \u00e0 la compagnie La Divine Usine le soin de \u00ab\u00a0cr\u00e9er ce projet, qui puisse b\u00e9n\u00e9ficier aux commer\u00e7ants, tout en faisant d\u00e9couvrir Banksy, explique St\u00e9phanie Slimani. Cette ligne au sol, c\u2019est tr\u00e8s simple, tr\u00e8s autonome, tr\u00e8s facile, et ces visites th\u00e9\u00e2tralis\u00e9es donnent aux gens l\u2019occasion de faire un petit pas de c\u00f4t\u00e9 et de d\u00e9couvrir cette ville autrement \u00ab\u00a0.<\/p>\n<p>Passage sous l\u2019eau et au (presque) ch\u00e2teau de Disney<\/p>\n<p>              <img ci-src=\"https:\/\/www.varmatin.com\/arts\/protec\/DATA_ART_16039494-Lxp3Tg3C.jpg?vh=c77847&amp;ci_seal=df3030790d\" alt=\"\"\/><\/p>\n<p>Voil\u00e0 donc pour le point de d\u00e9part. Mais revenons \u00e0 Anthony. Le guide du jour colle une gommette, bleue, bien s\u00fbr, sur chacun des membres de son groupe, et d\u00e9marre son petit parcours. Rue du Noyer, place Camille-Ledeau, rue de la Glaci\u00e8re&#8230; Dans chaque ruelle, dans chaque boutique travers\u00e9e, le com\u00e9dien tend le doigt vers des \u00e9l\u00e9ments d\u2019art urbain, Puis, toujours: \u00ab\u00a0Allez, on suit la ligne bleue! \u00ab\u00a0<\/p>\n<p>Rue d\u2019Alger, petite pause devant une chaise peinte par les Robin des Bancs, \u00ab\u00a0une association toulonnaise qui place des chaises et des d\u00e9cors pour qu\u2019on puisse se poser \u00ab\u00a0. \u00ab\u00a0Et maintenant, ici, on va prendre un passage qu\u2019on ne peut pas traverser en marchant, il faut nager \u00ab\u00a0, lance Anthony, intrigant. Le jeune homme commence \u00e0 mimer le crawl, et entre&#8230; dans le Passage des Riaux, fra\u00eechement transform\u00e9 en monde sous-marin par le collectif Les Mains Sales.<\/p>\n<p>On entre dans de nouvelles boutiques. \u00c0 la recherche de r\u00e9f\u00e9rences cach\u00e9es \u00e0 Banksy. Ici, dans une cabine d\u2019essayage, voici par exemple une reproduction du ch\u00e2teau de Disney sur lequel est plant\u00e9 un petit drapeau&#8230; sigl\u00e9 d\u2019un c\u00e9l\u00e8bre site pour adultes. \u00ab\u00a0a rappelle Dismaland, le parc d\u2019attractions cr\u00e9\u00e9 par Banksy, qui est une copie invers\u00e9e de Disneyland \u00ab\u00a0, explique Anthony.<\/p>\n<p>Ambiance d\u00e9contract\u00e9e et po\u00e9tique<\/p>\n<p>              <img ci-src=\"https:\/\/www.varmatin.com\/arts\/protec\/DATA_ART_16039495-9ymxwCln.jpg?vh=9f95a1&amp;ci_seal=f109bdb8f7\" alt=\"\"\/><\/p>\n<p>La bande aux gommettes bleues poursuit son petit bonhomme de chemin. Blagueuse et int\u00e9ress\u00e9e. Le guide encha\u00eene quant \u00e0 lui ses petites anecdotes, dans une ambiance d\u00e9contract\u00e9e, ludique et po\u00e9tique. Dans le d\u00e9dale des petites rues du Vieux Toulon, on ne s\u2019est m\u00eame pas rendu compte qu\u2019on \u00e9tait d\u00e9j\u00e0 de retour dans la rue des arts.<\/p>\n<p>Les chemins des uns et des autres se s\u00e9parent. Mais plusieurs d\u2019entre eux n\u2019en ont pas fini avec le centre ancien. Ici, on a un petit creux, et rep\u00e9r\u00e9 de quoi satisfaire sa gourmandise. L\u00e0, un petit groupe s\u2019attable en terrasse autour d\u2019un caf\u00e9. Par l\u00e0-bas, on a flash\u00e9 sur des cr\u00e9ations de mode 100% locale. Les commerces travers\u00e9s ont donn\u00e9 quelques id\u00e9es, semble-t-il&#8230; Gagnant &#8211; gagnant!<\/p>\n<p>Visites guid\u00e9es gratuites ce samedi 9 ao\u00fbt, \u00e0 10h30, 14h et 16h. R\u00e9servation obligatoire, directement \u00e0 la boutique bleue (19 rue Pierre-S\u00e9mard), par mail (ladivineusine@gmail.com) ou sur Instagram (@Bleustreettoulon).<\/p>\n","protected":false},"excerpt":{"rendered":"Rendez-vous est pris devant l\u2019\u00e9ph\u00e9m\u00e8re Boutique Bleue, install\u00e9e rue Pierre-S\u00e9mard jusqu\u2019au 16 ao\u00fbt prochain. \u00ab\u00a0Il y a du&hellip;\n","protected":false},"author":2,"featured_media":303415,"comment_status":"","ping_status":"","sticky":false,"template":"","format":"standard","meta":{"footnotes":""},"categories":[9619],"tags":[1111,11,1348,251,1777,674,1011,27,12,882,25,2310,3366],"class_list":{"0":"post-303414","1":"post","2":"type-post","3":"status-publish","4":"format-standard","5":"has-post-thumbnail","7":"category-toulon","8":"tag-actu","9":"tag-actualites","10":"tag-arts","11":"tag-culture","12":"tag-eu","13":"tag-europe","14":"tag-fr","15":"tag-france","16":"tag-news","17":"tag-provence-alpes-cote-dazur","18":"tag-republique-francaise","19":"tag-toulon","20":"tag-vie-locale"},"share_on_mastodon":{"url":"https:\/\/pubeurope.com\/@fr\/114989047719317930","error":""},"_links":{"self":[{"href":"https:\/\/www.europesays.com\/fr\/wp-json\/wp\/v2\/posts\/303414","targetHints":{"allow":["GET"]}}],"collection":[{"href":"https:\/\/www.europesays.com\/fr\/wp-json\/wp\/v2\/posts"}],"about":[{"href":"https:\/\/www.europesays.com\/fr\/wp-json\/wp\/v2\/types\/post"}],"author":[{"embeddable":true,"href":"https:\/\/www.europesays.com\/fr\/wp-json\/wp\/v2\/users\/2"}],"replies":[{"embeddable":true,"href":"https:\/\/www.europesays.com\/fr\/wp-json\/wp\/v2\/comments?post=303414"}],"version-history":[{"count":0,"href":"https:\/\/www.europesays.com\/fr\/wp-json\/wp\/v2\/posts\/303414\/revisions"}],"wp:featuredmedia":[{"embeddable":true,"href":"https:\/\/www.europesays.com\/fr\/wp-json\/wp\/v2\/media\/303415"}],"wp:attachment":[{"href":"https:\/\/www.europesays.com\/fr\/wp-json\/wp\/v2\/media?parent=303414"}],"wp:term":[{"taxonomy":"category","embeddable":true,"href":"https:\/\/www.europesays.com\/fr\/wp-json\/wp\/v2\/categories?post=303414"},{"taxonomy":"post_tag","embeddable":true,"href":"https:\/\/www.europesays.com\/fr\/wp-json\/wp\/v2\/tags?post=303414"}],"curies":[{"name":"wp","href":"https:\/\/api.w.org\/{rel}","templated":true}]}}