{"id":303419,"date":"2025-08-07T19:10:20","date_gmt":"2025-08-07T19:10:20","guid":{"rendered":"https:\/\/www.europesays.com\/fr\/303419\/"},"modified":"2025-08-07T19:10:20","modified_gmt":"2025-08-07T19:10:20","slug":"best-of-etang-de-thau-abbaye-notre-dame-des-dombes-chartres-marly-et-rouen","status":"publish","type":"post","link":"https:\/\/www.europesays.com\/fr\/303419\/","title":{"rendered":"BEST OF &#8211; \u00c9tang de Thau, abbaye Notre-Dame des Dombes, Chartres, Marly et Rouen"},"content":{"rendered":"<p>            Description de l&rsquo;\u00e9pisode<\/p>\n<p>William Leymergie propose aux auditeurs une balade originale, hors des sentiers battus, \u00e0 la d\u00e9couverte des diff\u00e9rentes r\u00e9gions de France, de leurs sites les plus insolites, mais \u00e9galement de ceux poss\u00e9dant un savoir-faire unique, ajout\u00e9 \u00e0 cela des balades culturelles et culinaires in\u00e9dites pour mettre \u00e0 l\u2019honneur la diversit\u00e9 du patrimoine fran\u00e7ais.<\/p>\n<p>R\u00e9f\u00e9rences de l&rsquo;\u00e9mission<\/p>\n<p><strong>Site plein air \u2013 Les balades artistiques en M\u00e9diterran\u00e9e autour de l\u2019\u00e9tang de Thau (H\u00e9rault)<\/strong><\/p>\n<p>&#8211; Renseignements aupr\u00e8s de l\u2019office de tourisme Archipel de Thau<\/p>\n<p>&#8211; <a href=\"https:\/\/www.archipel-thau.com\/\" target=\"_blank\" rel=\"nofollow noopener\">www.archipel-thau.com<\/a><\/p>\n<p>\u00a0<\/p>\n<p>Restauration :<\/p>\n<p>&#8211; La poulperie<\/p>\n<p>o \u00c0 S\u00e8te<\/p>\n<p>o <a href=\"www.instagram.com\/la_poulperie\/\" target=\"_blank\">www.instagram.com\/la_poulperie\/<\/a><\/p>\n<p>\u00a0<\/p>\n<p>\u00a0<\/p>\n<p><strong>Site insolite \u2013 L\u2019Abbaye Notre-Dame des Dombes et sa fabrication de musculine (Ain)<\/strong><\/p>\n<p>&#8211; Ouvert tous les jours sauf le mardi de 10 h \u00e0 11 h 45 et de 14 h 30 \u00e0 18 h<\/p>\n<p>&#8211; Visite libre et gratuite<\/p>\n<p>&#8211; Visites guid\u00e9es \u00ab Historiques \u00bb de l\u2019abbaye le 3\u00e8me dimanche de chaque mois : 5\u20ac<\/p>\n<p>&#8211; <a href=\"https:\/\/www.musculine.fr\/\" target=\"_blank\" rel=\"nofollow noopener\">www.musculine.fr<\/a><\/p>\n<p>&#8211; <a href=\"www.dombes.chemin-neuf.fr\" target=\"_blank\">www.dombes.chemin-neuf.fr<\/a><\/p>\n<p>\u00a0<\/p>\n<p>H\u00e9bergement :<\/p>\n<p>&#8211; Le domaine de la Belli\u00e8re<\/p>\n<p>o \u00c0 Villars-les-Dombes (\u00e0 7km de l\u2019abbaye)<\/p>\n<p>o \u00c0 partir de 190\u20ac la nuit<\/p>\n<p>o <a href=\"https:\/\/www.domainedelabelliere.fr\/fr\" target=\"_blank\" rel=\"nofollow noopener\">www.domainedelabelliere.fr<\/a><\/p>\n<p>\u00a0<\/p>\n<p>\u00a0<\/p>\n<p><strong>Site savoir-faire \u2013 Le Compa, Conservatoire du Machinisme et des Pratiques agricoles \u00e0 Chartres (Eure-et-Loire)<\/strong><\/p>\n<p>&#8211; Ouvert du mercredi au dimanche, de 10 h \u00e0 12 h 30 et de 14 h \u00e0 18 h<\/p>\n<p>&#8211; Tarif : 5\u20ac<\/p>\n<p>&#8211; <a href=\"https:\/\/lecompa.fr\/\" target=\"_blank\" rel=\"nofollow noopener\">www.lecompa.fr<\/a><\/p>\n<p>\u00a0<\/p>\n<p>Restauration :<\/p>\n<p>&#8211; Le Grand Monarque<\/p>\n<p>o \u00c0 Chartres<\/p>\n<p>o <a href=\"https:\/\/www.grand-monarque.com\/fr\/\" target=\"_blank\" rel=\"nofollow noopener\">www.grand-monarque.com<\/a><\/p>\n<p>\u00a0<\/p>\n<p>\u00a0<\/p>\n<p><strong>Balade culinaire \u2013 Fabrice Mignot \u2013 Le tourteau fromag\u00e9<\/strong><\/p>\n<p>\u00a0<\/p>\n<p>Ingr\u00e9dients :<\/p>\n<p>sel fin<\/p>\n<p>150 g de sucre en poudre<\/p>\n<p>150 g de beurre<\/p>\n<p>250 g de farine<\/p>\n<p>1 jaune d&rsquo;\u0153uf<\/p>\n<p>250 g de fromage de ch\u00e8vre frais<\/p>\n<p>5 \u0153ufs entiers<\/p>\n<p>Lait<\/p>\n<p>2 cuill\u00e8res \u00e0 soupe de f\u00e9cule de pomme de terre<\/p>\n<p>\u00a0<\/p>\n<p>Pr\u00e9paration :<\/p>\n<p>&#8211; \u00c9tape 1<\/p>\n<p>Pr\u00e9parer d&rsquo;abord une p\u00e2te bris\u00e9e avec la farine, 125 g de beurre, le jaune d&rsquo;\u0153uf, 1 pinc\u00e9e de sel et 1 ou 2 cuiller\u00e9es \u00e0 soupe d&rsquo;eau. Ramasser la p\u00e2te en boule et l&rsquo;envelopper dans un film alimentaire pour la laisser reposer pendant 1 heure au moins. Pendant ce temps, laisser le fromage de ch\u00e8vre frais s&rsquo;\u00e9goutter soigneusement.<\/p>\n<p>&#8211; \u00c9tape 2<\/p>\n<p>Mettre le fromage de ch\u00e8vre dans une terrine. Casser les \u0153ufs et s\u00e9parer les blancs des jaunes. Battre le fromage avec 125 g de sucre en poudre et 1 ou 2 cuiller\u00e9es \u00e0 soupe de lait jusqu&rsquo;\u00e0 consistance homog\u00e8ne et onctueuse. Incorporer ensuite les jaunes d&rsquo;\u0153ufs et la f\u00e9cule en m\u00e9langeant d\u00e9licatement.<\/p>\n<p>&#8211; \u00c9tape 3<\/p>\n<p>En parall\u00e8le, battre les blancs d&rsquo;\u0153ufs en neige tr\u00e8s ferme avec le reste du sucre en poudre.<\/p>\n<p>Les incorporer ensuite d\u00e9licatement \u00e0 la pr\u00e9paration pr\u00e9c\u00e9dente. On peut parfumer le tout avec un trait d&rsquo;essence de vanille, un peu de cognac ou d&rsquo;eau de eur d&rsquo;oranger. Beurrer le moule avec le reste du beurre, soit un moule sp\u00e9cial \u00e0 tourteau, \u00e0 fond arrondi, soit un moule \u00e0 manquer rond.<\/p>\n<p>&#8211; \u00c9tape 4<\/p>\n<p>Abaisser la p\u00e2te bris\u00e9e et en garnir le moule. Verser la pr\u00e9paration au fromage frais dessus et lisser la surface de la p\u00e2te avec une spatule, tr\u00e8s d\u00e9licatement. Faire cuire dans le four \u00e0 180\u00b0C pendant 50 minutes environ, jusqu&rsquo;\u00e0 ce que le dessus se soul\u00e8ve en forme de d\u00f4me et brunisse de mani\u00e8re homog\u00e8ne.<\/p>\n<p>&#8211; \u00c9tape 5<\/p>\n<p>Sortir le tourteau du four, le laisser refroidir et le d\u00e9mouler.<\/p>\n<p>\u00a0<\/p>\n<p>\u00a0<\/p>\n<p><strong>Site patrimoine \u2013 Le domaine royal de Marly (Yvelines)<\/strong><\/p>\n<p>&#8211; Ouvert du mercredi au dimanche, de 14 h \u00e0 18 h jusqu\u2019en octobre<\/p>\n<p>&#8211; Tarif : 7\u20ac pour le mus\u00e9e \/ 10 \u20ac pour l\u2019exp\u00e9rience de r\u00e9alit\u00e9 virtuelle de l\u2019\u00e9clipse<\/p>\n<p>&#8211; <a href=\"https:\/\/musee-domaine-marly.fr\/\" target=\"_blank\" rel=\"nofollow noopener\">www.musee-domaine-marly.fr<\/a><\/p>\n<p>&#8211; <a href=\"www.chateaudeversailles.fr\/decouvrir\/domaine\/domaine-marly\" target=\"_blank\">www.chateaudeversailles.fr\/decouvrir\/domaine\/domaine-marly<\/a><\/p>\n<p>\u00a0<\/p>\n<p>Restauration :<\/p>\n<p>&#8211; La cantine de Marius<\/p>\n<p>o \u00c0 Saint-Germain-en-Laye<\/p>\n<p>o Formule midi en semaine \u00e0 22,50\u20ac<\/p>\n<p>o <a href=\"https:\/\/www.lacantinedemarius.fr\/\" target=\"_blank\" rel=\"nofollow noopener\">www.lacantinedemarius.fr<\/a><\/p>\n<p>\u00a0<\/p>\n<p>\u00a0<\/p>\n<p><strong>Site plein air \u2013 Balade lumineuse le long du GR34 dans le Finist\u00e8re nord<\/strong><\/p>\n<p>&#8211; R\u00e9servation sur le site d\u2019Abers Tourisme<\/p>\n<p>&#8211; Tarif : 6\u20ac pour 2 heures<\/p>\n<p>&#8211; <a href=\"https:\/\/www.abers-tourisme.com\/lagenda\/agenda\/\" target=\"_blank\" rel=\"nofollow noopener\">www.abers-tourisme.com\/agenda\/balade-guidee-nocturne-2\/<\/a><\/p>\n<p>\u00a0<\/p>\n<p>Restauration :<\/p>\n<p>&#8211; Cr\u00eaperie \u00ab La route des phares \u00bb<\/p>\n<p>o \u00c0 Lilia (\u00c0 5km de Plouguerneau)<\/p>\n<p>o Cr\u00eaperie familiale face \u00e0 la mer<\/p>\n<p>o <a href=\"https:\/\/www.famille-bleunven.fr\/creperie-la-route-des-phares-plougerneau-art3.html\" target=\"_blank\" rel=\"nofollow noopener\">www.famille-bleunven.fr\/creperie-la-route-des-phares-plouguerneau-art3.html<\/a><\/p>\n<p>\u00a0<\/p>\n<p>\u00a0<\/p>\n<p><strong>Site insolite \u2013 La cit\u00e9 immersive viking \u00e0 Rouen (Seine-Maritime)<\/strong><\/p>\n<p>&#8211; R\u00e9servation sur leur site internet<\/p>\n<p>&#8211; Tarif : 14,90\u20ac \/ adulte<\/p>\n<p>&#8211; <a href=\"https:\/\/cites-immersives.fr\/\" target=\"_blank\" rel=\"nofollow noopener\">www.cites-immersives.fr<\/a><\/p>\n<p>\u00a0<\/p>\n<p>Restauration :<\/p>\n<p>&#8211; Caf\u00e9 Hamlet<\/p>\n<p>o \u00c0 Rouen<\/p>\n<p>o Dans un lieu historique : l\u2019A\u00eetre Saint-Maclou<\/p>\n<p>o Formule le midi en semaine \u00e0 21,50\u20ac<\/p>\n<p>o <a href=\"https:\/\/www.cafe-hamlet.fr\/\" target=\"_blank\" rel=\"nofollow noopener\">www.cafe-hamlet.fr<\/a><\/p>\n<p>    <script async src=\"\/\/www.instagram.com\/embed.js\"><\/script><\/p>\n","protected":false},"excerpt":{"rendered":"Description de l&rsquo;\u00e9pisode William Leymergie propose aux auditeurs une balade originale, hors des sentiers battus, \u00e0 la d\u00e9couverte&hellip;\n","protected":false},"author":2,"featured_media":303420,"comment_status":"","ping_status":"","sticky":false,"template":"","format":"standard","meta":{"footnotes":""},"categories":[9587],"tags":[1111,11,1777,674,1011,27,12,5161,25,9590],"class_list":{"0":"post-303419","1":"post","2":"type-post","3":"status-publish","4":"format-standard","5":"has-post-thumbnail","7":"category-rouen","8":"tag-actu","9":"tag-actualites","10":"tag-eu","11":"tag-europe","12":"tag-fr","13":"tag-france","14":"tag-news","15":"tag-normandie","16":"tag-republique-francaise","17":"tag-rouen"},"share_on_mastodon":{"url":"https:\/\/pubeurope.com\/@fr\/114989067520645055","error":""},"_links":{"self":[{"href":"https:\/\/www.europesays.com\/fr\/wp-json\/wp\/v2\/posts\/303419","targetHints":{"allow":["GET"]}}],"collection":[{"href":"https:\/\/www.europesays.com\/fr\/wp-json\/wp\/v2\/posts"}],"about":[{"href":"https:\/\/www.europesays.com\/fr\/wp-json\/wp\/v2\/types\/post"}],"author":[{"embeddable":true,"href":"https:\/\/www.europesays.com\/fr\/wp-json\/wp\/v2\/users\/2"}],"replies":[{"embeddable":true,"href":"https:\/\/www.europesays.com\/fr\/wp-json\/wp\/v2\/comments?post=303419"}],"version-history":[{"count":0,"href":"https:\/\/www.europesays.com\/fr\/wp-json\/wp\/v2\/posts\/303419\/revisions"}],"wp:featuredmedia":[{"embeddable":true,"href":"https:\/\/www.europesays.com\/fr\/wp-json\/wp\/v2\/media\/303420"}],"wp:attachment":[{"href":"https:\/\/www.europesays.com\/fr\/wp-json\/wp\/v2\/media?parent=303419"}],"wp:term":[{"taxonomy":"category","embeddable":true,"href":"https:\/\/www.europesays.com\/fr\/wp-json\/wp\/v2\/categories?post=303419"},{"taxonomy":"post_tag","embeddable":true,"href":"https:\/\/www.europesays.com\/fr\/wp-json\/wp\/v2\/tags?post=303419"}],"curies":[{"name":"wp","href":"https:\/\/api.w.org\/{rel}","templated":true}]}}