{"id":303422,"date":"2025-08-07T19:12:14","date_gmt":"2025-08-07T19:12:14","guid":{"rendered":"https:\/\/www.europesays.com\/fr\/303422\/"},"modified":"2025-08-07T19:12:14","modified_gmt":"2025-08-07T19:12:14","slug":"coup-dur-pour-grenoble-un-joueur-qui-avait-donne-son-accord-ne-peut-finalement-pas-venir","status":"publish","type":"post","link":"https:\/\/www.europesays.com\/fr\/303422\/","title":{"rendered":"Coup dur pour Grenoble : Un joueur qui avait donn\u00e9 son accord ne peut finalement pas venir !"},"content":{"rendered":"<p>Le FCG poursuit activement la construction de son effectif pour la saison \u00e0 venir. Si certaines arriv\u00e9es sont d\u00e9sormais officielles, d\u2019autres ont capot\u00e9. Et bonne nouvelle pour les supporters : les internationaux vont bient\u00f4t faire leur retour \u00e0 l\u2019entra\u00eenement.<\/p>\n<p><strong>James Fender, une piste qui s\u2019effondre<\/strong><\/p>\n<p>Annonc\u00e9 depuis plusieurs semaines du c\u00f4t\u00e9 de Grenoble pour la saison 2025\/2026, James Fender ne portera finalement pas le maillot rouge et bleu.<\/p>\n<p>Le deuxi\u00e8me ligne gallois (2,04 m, 125 kg) avait pourtant donn\u00e9 son accord au club is\u00e9rois et exprim\u00e9 son enthousiasme \u00e0 rejoindre le FCG. Mais les n\u00e9gociations avec les Ospreys, son club actuel, o\u00f9 il lui restait une ann\u00e9e de contrat, n\u2019ont pas abouti comme l\u2019annonce <a href=\"https:\/\/c.ledauphine.com\/sport\/2025\/08\/07\/fender-ne-viendra-pas-costa-sorti-est-arrive-les-echos-de-lesdiguieres\" rel=\"nofollow noopener\" target=\"_blank\">Midi Libre<\/a>.<\/p>\n<p>La franchise galloise n\u2019a jamais envoy\u00e9 les documents officiels n\u00e9cessaires \u00e0 la lib\u00e9ration du joueur, bloquant d\u00e9finitivement le transfert. Un coup dur pour Grenoble, qui misait sur le gabarit impressionnant de Fender pour renforcer sa deuxi\u00e8me ligne.<\/p>\n<p><strong>Costa-Storti d\u00e9j\u00e0 \u00e0 l\u2019\u0153uvre, Thompson attendu<\/strong><\/p>\n<p>En revanche, deux recrues ont bien pris (ou vont bient\u00f4t prendre) leurs quartiers en Is\u00e8re. L\u2019ailier portugais Raffaele Costa-Storti est arriv\u00e9 ce jeudi au stade Lesdigui\u00e8res. \u00c2g\u00e9 de 24 ans, l\u2019ancien joueur du Stade Fran\u00e7ais a entam\u00e9 sa phase de r\u00e9athl\u00e9tisation et devrait int\u00e9grer le groupe d\u2019ici une semaine. Frein\u00e9 par des blessures \u00e0 Paris, il n\u2019a disput\u00e9 que trois matchs la saison derni\u00e8re, mais son potentiel reste intact.<\/p>\n<p>De son c\u00f4t\u00e9, le Fidjien Josh Thompson (24 ans) est attendu ce dimanche 10 ao\u00fbt \u00e0 Grenoble. Il rejoindra ses nouveaux co\u00e9quipiers d\u00e8s le lendemain pour d\u00e9buter l\u2019aventure avec le FCG.<\/p>\n","protected":false},"excerpt":{"rendered":"Le FCG poursuit activement la construction de son effectif pour la saison \u00e0 venir. Si certaines arriv\u00e9es sont&hellip;\n","protected":false},"author":2,"featured_media":303423,"comment_status":"","ping_status":"","sticky":false,"template":"","format":"standard","meta":{"footnotes":""},"categories":[9566],"tags":[1111,11,2430,1777,674,1011,27,2731,12,25],"class_list":{"0":"post-303422","1":"post","2":"type-post","3":"status-publish","4":"format-standard","5":"has-post-thumbnail","7":"category-grenoble","8":"tag-actu","9":"tag-actualites","10":"tag-auvergne-rhone-alpes","11":"tag-eu","12":"tag-europe","13":"tag-fr","14":"tag-france","15":"tag-grenoble","16":"tag-news","17":"tag-republique-francaise"},"share_on_mastodon":{"url":"https:\/\/pubeurope.com\/@fr\/114989075241004456","error":""},"_links":{"self":[{"href":"https:\/\/www.europesays.com\/fr\/wp-json\/wp\/v2\/posts\/303422","targetHints":{"allow":["GET"]}}],"collection":[{"href":"https:\/\/www.europesays.com\/fr\/wp-json\/wp\/v2\/posts"}],"about":[{"href":"https:\/\/www.europesays.com\/fr\/wp-json\/wp\/v2\/types\/post"}],"author":[{"embeddable":true,"href":"https:\/\/www.europesays.com\/fr\/wp-json\/wp\/v2\/users\/2"}],"replies":[{"embeddable":true,"href":"https:\/\/www.europesays.com\/fr\/wp-json\/wp\/v2\/comments?post=303422"}],"version-history":[{"count":0,"href":"https:\/\/www.europesays.com\/fr\/wp-json\/wp\/v2\/posts\/303422\/revisions"}],"wp:featuredmedia":[{"embeddable":true,"href":"https:\/\/www.europesays.com\/fr\/wp-json\/wp\/v2\/media\/303423"}],"wp:attachment":[{"href":"https:\/\/www.europesays.com\/fr\/wp-json\/wp\/v2\/media?parent=303422"}],"wp:term":[{"taxonomy":"category","embeddable":true,"href":"https:\/\/www.europesays.com\/fr\/wp-json\/wp\/v2\/categories?post=303422"},{"taxonomy":"post_tag","embeddable":true,"href":"https:\/\/www.europesays.com\/fr\/wp-json\/wp\/v2\/tags?post=303422"}],"curies":[{"name":"wp","href":"https:\/\/api.w.org\/{rel}","templated":true}]}}