{"id":303424,"date":"2025-08-07T19:13:21","date_gmt":"2025-08-07T19:13:21","guid":{"rendered":"https:\/\/www.europesays.com\/fr\/303424\/"},"modified":"2025-08-07T19:13:21","modified_gmt":"2025-08-07T19:13:21","slug":"mercredi-27-aout-2025-15h-20h-le-bam-rennes-27-aout-2025","status":"publish","type":"post","link":"https:\/\/www.europesays.com\/fr\/303424\/","title":{"rendered":"Mercredi 27 ao\u00fbt 2025 15h-20h Le BAM Rennes 27 ao\u00fbt 2025"},"content":{"rendered":"\n<p>\t<img loading=\"lazy\" width=\"700\" height=\"990\" src=\"https:\/\/www.europesays.com\/fr\/wp-content\/uploads\/2025\/08\/parents-delires-3-mercredi-27-aout-2025-15h-20h-le-bam-rennes-2025-08-27t150000.0000200.jpg\" class=\"attachment-full size-full wp-post-image\" alt=\"Par\u2019ents D\u00e9lires 3 : Mercredi 27 ao\u00fbt 2025 15h-20h Le BAM Rennes\" decoding=\"async\"  \/><br \/>\n\t\t<strong>Par\u2019ents D\u00e9lires 3 : Mercredi 27 ao\u00fbt 2025 15h-20h Le BAM Rennes mercredi 27 ao\u00fbt 2025.<\/strong> <\/p>\n<p>Par\u2019ents D\u00e9lires 3 : Mercredi 27 ao\u00fbt 2025 15h-20h Le BAM Rennes Mercredi 27 ao\u00fbt, 15h00 Ille-et-Vilaine<\/p>\n<p>L\u2019art sous toutes ses formes !<\/p>\n<p>**Par\u2019ents D\u00e9lires 3 : Mercredi 27 ao\u00fbt 2025 15h-20h**<br \/>**de 0 \u00e0 99 ans**<br \/>**Entr\u00e9e libre et gratuite**<br \/>**Apr\u00e8s deux \u00e9ditions qui ont \u00e9t\u00e9 festives, f\u00e9d\u00e9ratrice et joyeuse et qui ont rassembl\u00e9 un grand nombre de partenaires, de b\u00e9n\u00e9voles et permis la rencontre entre les habitant.es, Par\u2019ents D\u00e9lires 3 vous donne rdv pour sa troisi\u00e8me \u00e9dition le mercredi 27 ao\u00fbt \u00e0 partir de 15h !**<br \/>**Venez d\u00e9couvrir de nouveaux espaces de jeu dans une ambiance musicale et conviviale sous le th\u00e8me : \u00ab\u00a0L\u2019art sous toutes ses formes\u00a0\u00bb**<br \/>**Petite restauration payante sur place, toilettes s\u00e8ches et buvette.**<br \/>**Un cin\u00e9 plein air sera propos\u00e9 \u00e0 l\u2019issue de la f\u00eate \u00e0 21h30 avec la projection du film Kirikou et les hommes et les femmes**<br \/>**Programme d\u00e9taill\u00e9 \u00e0 d\u00e9couvrir prochainement !**<\/p>\n<p>Dates et horaires de d\u00e9but et de fin (ann\u00e9e \u2013 mois \u2013 jour et heure) :<br \/>D\u00e9but : 2025-08-27T15:00:00.000+02:00<br \/>Fin : 2025-08-27T20:00:00.000+02:00<\/p>\n<p>  1<br \/>\u00a0   <\/p>\n<p>Le BAM 2 rue Andr\u00e9 Trasbot Cleunay \u2013 Arsenal-Redon Rennes 35000 Ille-et-Vilaine<\/p>\n","protected":false},"excerpt":{"rendered":"Par\u2019ents D\u00e9lires 3 : Mercredi 27 ao\u00fbt 2025 15h-20h Le BAM Rennes mercredi 27 ao\u00fbt 2025. Par\u2019ents D\u00e9lires&hellip;\n","protected":false},"author":2,"featured_media":303425,"comment_status":"","ping_status":"","sticky":false,"template":"","format":"standard","meta":{"footnotes":""},"categories":[2821],"tags":[1111,11,829,1777,674,1011,27,12,584,25],"class_list":{"0":"post-303424","1":"post","2":"type-post","3":"status-publish","4":"format-standard","5":"has-post-thumbnail","7":"category-rennes","8":"tag-actu","9":"tag-actualites","10":"tag-bretagne","11":"tag-eu","12":"tag-europe","13":"tag-fr","14":"tag-france","15":"tag-news","16":"tag-rennes","17":"tag-republique-francaise"},"share_on_mastodon":{"url":"https:\/\/pubeurope.com\/@fr\/114989079353150884","error":""},"_links":{"self":[{"href":"https:\/\/www.europesays.com\/fr\/wp-json\/wp\/v2\/posts\/303424","targetHints":{"allow":["GET"]}}],"collection":[{"href":"https:\/\/www.europesays.com\/fr\/wp-json\/wp\/v2\/posts"}],"about":[{"href":"https:\/\/www.europesays.com\/fr\/wp-json\/wp\/v2\/types\/post"}],"author":[{"embeddable":true,"href":"https:\/\/www.europesays.com\/fr\/wp-json\/wp\/v2\/users\/2"}],"replies":[{"embeddable":true,"href":"https:\/\/www.europesays.com\/fr\/wp-json\/wp\/v2\/comments?post=303424"}],"version-history":[{"count":0,"href":"https:\/\/www.europesays.com\/fr\/wp-json\/wp\/v2\/posts\/303424\/revisions"}],"wp:featuredmedia":[{"embeddable":true,"href":"https:\/\/www.europesays.com\/fr\/wp-json\/wp\/v2\/media\/303425"}],"wp:attachment":[{"href":"https:\/\/www.europesays.com\/fr\/wp-json\/wp\/v2\/media?parent=303424"}],"wp:term":[{"taxonomy":"category","embeddable":true,"href":"https:\/\/www.europesays.com\/fr\/wp-json\/wp\/v2\/categories?post=303424"},{"taxonomy":"post_tag","embeddable":true,"href":"https:\/\/www.europesays.com\/fr\/wp-json\/wp\/v2\/tags?post=303424"}],"curies":[{"name":"wp","href":"https:\/\/api.w.org\/{rel}","templated":true}]}}