{"id":303428,"date":"2025-08-07T19:15:13","date_gmt":"2025-08-07T19:15:13","guid":{"rendered":"https:\/\/www.europesays.com\/fr\/303428\/"},"modified":"2025-08-07T19:15:13","modified_gmt":"2025-08-07T19:15:13","slug":"neuf-pompes-pour-la-filtration-de-leau-a-changer","status":"publish","type":"post","link":"https:\/\/www.europesays.com\/fr\/303428\/","title":{"rendered":"\u00ab\u00a0Neuf pompes pour la filtration de l\u2019eau \u00e0 changer\u00a0\u00bb"},"content":{"rendered":"<p>La piscine du Wacken a rouvert samedi 2\u00a0ao\u00fbt, avec son bassin sportif et l\u2019un des deux d\u00e9di\u00e9s aux enfants (le carrel\u00e9), puis celui de d\u00e9tente ce mercredi 6\u00a0ao\u00fbt. Le second bassin des enfants (l\u2019inox) sera \u00e0 nouveau accessible ce samedi 9\u00a0ao\u00fbt. Les courants et jets massants du bassin de d\u00e9tente, eux, devraient \u00eatre r\u00e9par\u00e9s d\u2019ici la prochaine saison estivale.<\/p>\n<p>Envoy\u00e9es chez la soci\u00e9t\u00e9 sp\u00e9cialis\u00e9e<\/p>\n<p>Le 24\u00a0juillet, une importante panne technique avait contraint \u00e0 la fermeture. \u00ab\u00a0Une vanne d\u2019apport d\u2019eau s\u2019est bloqu\u00e9e, provoquant une inondation dans la station de pompage\u00a0\u00bb, retrace &#8211; en r\u00e9sum\u00e9 &#8211; un des trois techniciens de maintenance, Julien Diebold. \u00ab\u00a0Neuf pompes sur les dix que compte la station ont d\u00fb \u00eatre d\u00e9mont\u00e9es et&#8230;<\/p>\n","protected":false},"excerpt":{"rendered":"La piscine du Wacken a rouvert samedi 2\u00a0ao\u00fbt, avec son bassin sportif et l\u2019un des deux d\u00e9di\u00e9s aux&hellip;\n","protected":false},"author":2,"featured_media":303429,"comment_status":"","ping_status":"","sticky":false,"template":"","format":"standard","meta":{"footnotes":""},"categories":[2820],"tags":[1111,11,1687,2880,1777,674,107,1011,27,775,5216,12,25,517,640,2879],"class_list":{"0":"post-303428","1":"post","2":"type-post","3":"status-publish","4":"format-standard","5":"has-post-thumbnail","7":"category-strasbourg","8":"tag-actu","9":"tag-actualites","10":"tag-culture-loisirs","11":"tag-edition-strasbourg","12":"tag-eu","13":"tag-europe","14":"tag-fil-info","15":"tag-fr","16":"tag-france","17":"tag-grand-est","18":"tag-natation","19":"tag-news","20":"tag-republique-francaise","21":"tag-sport","22":"tag-strasbourg","23":"tag-strasbourg-ville"},"share_on_mastodon":{"url":"https:\/\/pubeurope.com\/@fr\/114989087123248412","error":""},"_links":{"self":[{"href":"https:\/\/www.europesays.com\/fr\/wp-json\/wp\/v2\/posts\/303428","targetHints":{"allow":["GET"]}}],"collection":[{"href":"https:\/\/www.europesays.com\/fr\/wp-json\/wp\/v2\/posts"}],"about":[{"href":"https:\/\/www.europesays.com\/fr\/wp-json\/wp\/v2\/types\/post"}],"author":[{"embeddable":true,"href":"https:\/\/www.europesays.com\/fr\/wp-json\/wp\/v2\/users\/2"}],"replies":[{"embeddable":true,"href":"https:\/\/www.europesays.com\/fr\/wp-json\/wp\/v2\/comments?post=303428"}],"version-history":[{"count":0,"href":"https:\/\/www.europesays.com\/fr\/wp-json\/wp\/v2\/posts\/303428\/revisions"}],"wp:featuredmedia":[{"embeddable":true,"href":"https:\/\/www.europesays.com\/fr\/wp-json\/wp\/v2\/media\/303429"}],"wp:attachment":[{"href":"https:\/\/www.europesays.com\/fr\/wp-json\/wp\/v2\/media?parent=303428"}],"wp:term":[{"taxonomy":"category","embeddable":true,"href":"https:\/\/www.europesays.com\/fr\/wp-json\/wp\/v2\/categories?post=303428"},{"taxonomy":"post_tag","embeddable":true,"href":"https:\/\/www.europesays.com\/fr\/wp-json\/wp\/v2\/tags?post=303428"}],"curies":[{"name":"wp","href":"https:\/\/api.w.org\/{rel}","templated":true}]}}