{"id":303430,"date":"2025-08-07T19:16:13","date_gmt":"2025-08-07T19:16:13","guid":{"rendered":"https:\/\/www.europesays.com\/fr\/303430\/"},"modified":"2025-08-07T19:16:13","modified_gmt":"2025-08-07T19:16:13","slug":"courrier-des-lecteurs-cabanon-a-churros-vs-albert-schweitzer-carte-bancaire-a-strasbourg-cest-vous-qui-le-dites","status":"publish","type":"post","link":"https:\/\/www.europesays.com\/fr\/303430\/","title":{"rendered":"Courrier des lecteurs. Cabanon \u00e0 churros VS Albert Schweitzer, carte bancaire \u00e0 Strasbourg&#8230; c&rsquo;est vous qui le dites"},"content":{"rendered":"<p>  <strong>Ind\u00e9sirable cabanon \u00e0 churros<\/strong><\/p>\n<p><strong>A.\u00a0Creyen, Strasbourg\u00a0:<\/strong><\/p>\n<p>\u00ab\u00a0Les DNA ont publi\u00e9, il y a quelques jours, <a href=\"https:\/\/www.dna.fr\/societe\/2025\/08\/02\/albert-schweitzer-de-kaysersberg-a-lambarene-le-parcours-du-premier-french-doctor\" target=\"_blank\" rel=\"noopener\">une magnifique page portant sur la vie et l\u2019\u0153uvre de notre compatriote, Albert Schweitzer<\/a>, n\u00e9 il y a 150 ans. C\u2019est un bel hommage rendu au prix Nobel de la Paix \u00e0 cette occasion. La statue d\u2019Albert Schweitzer, inaugur\u00e9e par la maire de Strasbourg sur la place Saint- Thomas, fait d\u2019ailleurs l\u2019objet d\u2019un passage et d\u2019un arr\u00eat largement comment\u00e9 par les guides strasbourgeois, avec leurs groupes de touristes.<\/p>\n<p>Malheureusement, depuis maintenant deux ans, la mairie a autoris\u00e9 une cabane \u00e0 churros \u00e0 s\u2019installer \u00e0 5 m\u00e8tres de cette statue, alors que la partie ombrag\u00e9e de la place Saint-Thomas pourrait accueillir ce commerce sans d\u00e9naturer les environs. En plus, du matin au soir, de grands sacs-poubelles gris sont d\u00e9pos\u00e9s \u00e0 l\u2019ext\u00e9rieur, derri\u00e8re la cabane, au vu et au su de tous les passants.<\/p>\n<p>C\u2019est vraiment un spectacle affligeant qui est propos\u00e9 \u00e0 nos visiteurs. Il est regrettable qu\u2019il n\u2019y ait pas plus de discernement et de respect dans l\u2019attribution des autorisations d\u2019emplacement de food truck.<\/p>\n<p>Ce n\u2019est pas le principe m\u00eame de ces commerces ambulants qui est remis en cause, car ils font partie de l\u2019animation d\u2019une ville, mais c\u2019est le choix de leur emplacement qui pose probl\u00e8me.<\/p>\n<p>Esp\u00e9rons que ce signalement citoyen ait une r\u00e9action positive aupr\u00e8s des services municipaux.\u00a0\u00bb<\/p>\n<p>  La contrainte de la carte bancaire<\/p>\n<p><strong>Gabrielle Schwartz, Strasbourg\u00a0:<\/strong><\/p>\n<p>\u00ab\u00a0Au supermarch\u00e9 Lidl de Koenigshoffen, depuis ce printemps, il est impossible de r\u00e9gler en esp\u00e8ces aux caisses rapides, avec les difficult\u00e9s concr\u00e8tes que cela engendre pour toute personne souhaitant acheter tr\u00e8s simplement, tr\u00e8s peu de choses. Je donne deux exemples\u00a0: l\u2019achat d\u2019une boisson ou de deux croissants\u2026<\/p>\n<p>L\u2019acheteur est dor\u00e9navant contraint de payer par carte bancaire. Je trouve cela un peu scandaleux pour le confort de la client\u00e8le qui souhaitait payer vite avec deux, trois pi\u00e8ces de monnaie et sortir rapidement du magasin.<\/p>\n<p>La notion \u00ab\u00a0du rapide\u00a0\u00bb est tomb\u00e9e aux oubliettes. D\u00e8s lors, il faut sagement attendre avec l\u2019article dans les mains et patienter en faisant la queue aux caisses principales. Bravo\u00a0!\u00a0\u00bb<\/p>\n","protected":false},"excerpt":{"rendered":"Ind\u00e9sirable cabanon \u00e0 churros A.\u00a0Creyen, Strasbourg\u00a0: \u00ab\u00a0Les DNA ont publi\u00e9, il y a quelques jours, une magnifique page&hellip;\n","protected":false},"author":2,"featured_media":303431,"comment_status":"","ping_status":"","sticky":false,"template":"","format":"standard","meta":{"footnotes":""},"categories":[2820],"tags":[1111,11,130,1687,33,2880,1777,674,107,1011,27,775,12,2661,25,640,2879],"class_list":{"0":"post-303430","1":"post","2":"type-post","3":"status-publish","4":"format-standard","5":"has-post-thumbnail","7":"category-strasbourg","8":"tag-actu","9":"tag-actualites","10":"tag-consommation","11":"tag-culture-loisirs","12":"tag-economie","13":"tag-edition-strasbourg","14":"tag-eu","15":"tag-europe","16":"tag-fil-info","17":"tag-fr","18":"tag-france","19":"tag-grand-est","20":"tag-news","21":"tag-patrimoine-culturel","22":"tag-republique-francaise","23":"tag-strasbourg","24":"tag-strasbourg-ville"},"share_on_mastodon":{"url":"https:\/\/pubeurope.com\/@fr\/114989091360758132","error":""},"_links":{"self":[{"href":"https:\/\/www.europesays.com\/fr\/wp-json\/wp\/v2\/posts\/303430","targetHints":{"allow":["GET"]}}],"collection":[{"href":"https:\/\/www.europesays.com\/fr\/wp-json\/wp\/v2\/posts"}],"about":[{"href":"https:\/\/www.europesays.com\/fr\/wp-json\/wp\/v2\/types\/post"}],"author":[{"embeddable":true,"href":"https:\/\/www.europesays.com\/fr\/wp-json\/wp\/v2\/users\/2"}],"replies":[{"embeddable":true,"href":"https:\/\/www.europesays.com\/fr\/wp-json\/wp\/v2\/comments?post=303430"}],"version-history":[{"count":0,"href":"https:\/\/www.europesays.com\/fr\/wp-json\/wp\/v2\/posts\/303430\/revisions"}],"wp:featuredmedia":[{"embeddable":true,"href":"https:\/\/www.europesays.com\/fr\/wp-json\/wp\/v2\/media\/303431"}],"wp:attachment":[{"href":"https:\/\/www.europesays.com\/fr\/wp-json\/wp\/v2\/media?parent=303430"}],"wp:term":[{"taxonomy":"category","embeddable":true,"href":"https:\/\/www.europesays.com\/fr\/wp-json\/wp\/v2\/categories?post=303430"},{"taxonomy":"post_tag","embeddable":true,"href":"https:\/\/www.europesays.com\/fr\/wp-json\/wp\/v2\/tags?post=303430"}],"curies":[{"name":"wp","href":"https:\/\/api.w.org\/{rel}","templated":true}]}}