{"id":303435,"date":"2025-08-07T19:19:55","date_gmt":"2025-08-07T19:19:55","guid":{"rendered":"https:\/\/www.europesays.com\/fr\/303435\/"},"modified":"2025-08-07T19:19:55","modified_gmt":"2025-08-07T19:19:55","slug":"apres-la-serie-dagressions-homophobes-a-nantes-un-nouveau-guet-apens-tendu-dans-un-parc","status":"publish","type":"post","link":"https:\/\/www.europesays.com\/fr\/303435\/","title":{"rendered":"apr\u00e8s la s\u00e9rie d&rsquo;agressions homophobes \u00e0 Nantes, un nouveau guet-apens tendu dans un parc"},"content":{"rendered":"<p>            Par<br \/>\n        <strong><br \/>\n            <a href=\"https:\/\/actu.fr\/auteur\/clemence-pays02-actu-fr\" title=\"Consulter tous les articles de Cl\u00e9mence Pays\" rel=\"nofollow noopener\" target=\"_blank\">Cl\u00e9mence Pays<\/a><br \/>\n        <\/strong><\/p>\n<p>        Publi\u00e9 le<\/p>\n<p>            7 ao\u00fbt 2025 \u00e0 11h55        <\/p>\n<p><strong>\u00ab\u2009C\u2019est tr\u00e8s rapide et tr\u00e8s violent\u2009\u00bb,<\/strong> d\u00e9crit la Direction interd\u00e9partementale de la Police nationale (DIPN 44) aupr\u00e8s d\u2019<a href=\"https:\/\/actu.fr\/nantes\/\" rel=\"nofollow noopener\" target=\"_blank\">actu Nantes<\/a>. Depuis plusieurs semaines, <strong>les agressions homophobes se multiplient<\/strong> dans la cit\u00e9 des ducs.<\/p>\n<p class=\" wall-content\">La derni\u00e8re en date est survenue \u00e0 1h, dans la nuit du mercredi\u00a06 au jeudi 7\u00a0ao\u00fbt 2025. <strong>\u00ab\u2009Au moins trois personnes\u2009\u00bb<\/strong> s\u2019en sont prises \u00e0 un individu dans le parc de Praud, \u00e0 <a href=\"https:\/\/actu.fr\/pays-de-la-loire\/reze_44143\" rel=\"nofollow noopener\" target=\"_blank\">Rez\u00e9<\/a>, dans la m\u00e9tropole de Nantes.<\/p>\n<p class=\" wall-content\">La victime avait <strong>rendez-vous pour une rencontre <\/strong>apr\u00e8s avoir \u00e9chang\u00e9 par message avec un homme. Seulement, c\u2019\u00e9tait <strong>\u00ab\u2009un guet-apens\u2009\u00bb,<\/strong> d\u00e9clare une source polici\u00e8re. Plusieurs individus se sont pr\u00e9sent\u00e9s, \u00ab\u2009ils l\u2019ont<strong> tap\u00e9 violemment et d\u00e9pouill\u00e9<\/strong>\u2009; ils lui ont pris sa carte bancaire, ses cl\u00e9s\u2026\u2009\u00bb<\/p>\n<p class=\" wall-content\">Les agresseurs sont m\u00eames venus<strong> arm\u00e9s d\u2019un \u00ab\u2009marteau\u2009\u00bb.<\/strong> L\u2019homme agress\u00e9 a \u00e9t\u00e9 \u00ab\u2009l\u00e9g\u00e8rement <strong>bless\u00e9<\/strong> et est <strong>choqu\u00e9\u2009\u00bb,<\/strong> poursuit la police.<\/p>\n<p>Les agresseurs en libert\u00e9<\/p>\n<p class=\" wall-content\">Malheureusement, <strong>les agresseurs n\u2019ont pu \u00eatre interpell\u00e9s.<\/strong> \u00ab\u2009Le temps que la personne appelle les secours, ils \u00e9taient partis\u2009\u00bb, apprend-on. \u00ab\u2009\u00c7a se passe tr\u00e8s vite\u2009\u00bb, appuie la DIPN 44.<\/p>\n<p class=\" wall-content\">Cette nouvelle agression<strong> inqui\u00e8te les forces de l\u2019ordre<\/strong> d\u2019autant qu\u2019\u00ab\u2009il y a d\u00e9j\u00e0 eu un cas d\u2019agression homophobe dans ce parc, le soir\u2009\u00bb.<\/p>\n<p class=\" wall-content\">En juillet, <a href=\"https:\/\/actu.fr\/pays-de-la-loire\/nantes_44109\/huit-hommes-homosexuels-agresses-dans-un-parc-a-nantes-un-suspect-arrete_62941914.html\" rel=\"nofollow noopener\" target=\"_blank\">huit hommes avaient d\u00e9j\u00e0 port\u00e9 plainte pour des violences et des vols apr\u00e8s avoir \u00e9t\u00e9 agress\u00e9s au parc Crapa<\/a>, sur l\u2019\u00eele Beaulieu \u00e0 Nantes. \u00ab\u2009Des patrouilles VTT et la Brigade sp\u00e9cialis\u00e9e de terrain (BST) ont fait des contr\u00f4les et surveillances\u2009\u00bb, sur ce lieu de rencontre gay bien connu \u00e0 Nantes. Une surveillance qui avait permis de <strong>surprendre en flagrant d\u00e9lit l\u2019agresseur,<\/strong> un jeune de 18\u00a0ans, interpell\u00e9 dans la foul\u00e9e.<\/p>\n<p class=\" wall-content\">Le 27\u00a0juillet, c\u2019est <a href=\"https:\/\/actu.fr\/pays-de-la-loire\/nantes_44109\/agression-dans-un-parc-a-nantes-il-prend-rendez-vous-sur-grindr-et-tombe-dans-un-piege_62965027.html\" rel=\"nofollow noopener\" target=\"_blank\">au parc de la Roseraie qu\u2019un homme de 38\u00a0ans avait \u00e9t\u00e9 agress\u00e9 par plusieurs individus<\/a>, lors d\u2019un rendez-vous fix\u00e9 via l\u2019application de rencontre Grindr. Dans le cadre de cette agression,<strong> \u00ab\u2009une personne a \u00e9t\u00e9 interpell\u00e9e<\/strong> et sera bient\u00f4t convoqu\u00e9e au tribunal\u2009\u00bb, indique la police \u00e0 actu Nantes.<\/p>\n<p class=\" wall-content\">Suivez toute l\u2019actualit\u00e9 de vos villes et m\u00e9dias favoris en vous inscrivant \u00e0 <a href=\"https:\/\/moncompte.actu.fr\" title=\"D\u00e9couvez Mon Actu\" rel=\"nofollow noopener\" data-trk=\"{&quot;cta&quot;:{&quot;action&quot;:&quot;https:\\\/\\\/moncompte.actu.fr&quot;,&quot;category&quot;:&quot;mon compte&quot;,&quot;from&quot;:&quot;article footer&quot;,&quot;name&quot;:&quot;Mon actu&quot;,&quot;type&quot;:&quot;cta&quot;}}\" target=\"_blank\">Mon Actu<\/a>.<\/p>\n","protected":false},"excerpt":{"rendered":"Par Cl\u00e9mence Pays Publi\u00e9 le 7 ao\u00fbt 2025 \u00e0 11h55 \u00ab\u2009C\u2019est tr\u00e8s rapide et tr\u00e8s violent\u2009\u00bb, d\u00e9crit la&hellip;\n","protected":false},"author":2,"featured_media":303436,"comment_status":"","ping_status":"","sticky":false,"template":"","format":"standard","meta":{"footnotes":""},"categories":[2818],"tags":[1111,11,1777,674,118,1011,27,8717,766,12,2636,1072,25],"class_list":{"0":"post-303435","1":"post","2":"type-post","3":"status-publish","4":"format-standard","5":"has-post-thumbnail","7":"category-nantes","8":"tag-actu","9":"tag-actualites","10":"tag-eu","11":"tag-europe","12":"tag-faits-divers","13":"tag-fr","14":"tag-france","15":"tag-homophobie","16":"tag-nantes","17":"tag-news","18":"tag-pays-de-la-loire","19":"tag-police","20":"tag-republique-francaise"},"share_on_mastodon":{"url":"https:\/\/pubeurope.com\/@fr\/114989106691332809","error":""},"_links":{"self":[{"href":"https:\/\/www.europesays.com\/fr\/wp-json\/wp\/v2\/posts\/303435","targetHints":{"allow":["GET"]}}],"collection":[{"href":"https:\/\/www.europesays.com\/fr\/wp-json\/wp\/v2\/posts"}],"about":[{"href":"https:\/\/www.europesays.com\/fr\/wp-json\/wp\/v2\/types\/post"}],"author":[{"embeddable":true,"href":"https:\/\/www.europesays.com\/fr\/wp-json\/wp\/v2\/users\/2"}],"replies":[{"embeddable":true,"href":"https:\/\/www.europesays.com\/fr\/wp-json\/wp\/v2\/comments?post=303435"}],"version-history":[{"count":0,"href":"https:\/\/www.europesays.com\/fr\/wp-json\/wp\/v2\/posts\/303435\/revisions"}],"wp:featuredmedia":[{"embeddable":true,"href":"https:\/\/www.europesays.com\/fr\/wp-json\/wp\/v2\/media\/303436"}],"wp:attachment":[{"href":"https:\/\/www.europesays.com\/fr\/wp-json\/wp\/v2\/media?parent=303435"}],"wp:term":[{"taxonomy":"category","embeddable":true,"href":"https:\/\/www.europesays.com\/fr\/wp-json\/wp\/v2\/categories?post=303435"},{"taxonomy":"post_tag","embeddable":true,"href":"https:\/\/www.europesays.com\/fr\/wp-json\/wp\/v2\/tags?post=303435"}],"curies":[{"name":"wp","href":"https:\/\/api.w.org\/{rel}","templated":true}]}}