{"id":303439,"date":"2025-08-07T19:22:19","date_gmt":"2025-08-07T19:22:19","guid":{"rendered":"https:\/\/www.europesays.com\/fr\/303439\/"},"modified":"2025-08-07T19:22:19","modified_gmt":"2025-08-07T19:22:19","slug":"la-renovation-de-la-place-des-chartrons-confortee-par-le-rejet-du-recours-de-riverains","status":"publish","type":"post","link":"https:\/\/www.europesays.com\/fr\/303439\/","title":{"rendered":"La r\u00e9novation de la place des Chartrons confort\u00e9e par le rejet du recours de riverains"},"content":{"rendered":"<p class=\"wp-block-post-excerpt__excerpt\">[INFO RUE89 BORDEAUX] Le tribunal administratif de Bordeaux a rejet\u00e9 le r\u00e9f\u00e9r\u00e9-suspension d\u00e9pos\u00e9 par C les Chartrons. Oppos\u00e9 \u00e0 la requalification et \u00e0 la pi\u00e9tonisation de la place des Chartrons, ce collectif de riverains et de commer\u00e7ants avait engag\u00e9 cette proc\u00e9dure contre la Mairie de Bordeaux et la M\u00e9tropole dans l\u2019espoir de stopper les travaux en cours. <\/p>\n","protected":false},"excerpt":{"rendered":"[INFO RUE89 BORDEAUX] Le tribunal administratif de Bordeaux a rejet\u00e9 le r\u00e9f\u00e9r\u00e9-suspension d\u00e9pos\u00e9 par C les Chartrons. Oppos\u00e9&hellip;\n","protected":false},"author":2,"featured_media":303440,"comment_status":"","ping_status":"","sticky":false,"template":"","format":"standard","meta":{"footnotes":""},"categories":[2817],"tags":[1111,11,1997,44346,1777,674,1011,27,12,2219,10636,25,1352,17076],"class_list":{"0":"post-303439","1":"post","2":"type-post","3":"status-publish","4":"format-standard","5":"has-post-thumbnail","7":"category-bordeaux","8":"tag-actu","9":"tag-actualites","10":"tag-bordeaux","11":"tag-chartrons","12":"tag-eu","13":"tag-europe","14":"tag-fr","15":"tag-france","16":"tag-news","17":"tag-nouvelle-aquitaine","18":"tag-pietons","19":"tag-republique-francaise","20":"tag-urbanisme","21":"tag-ville-de-bordeaux"},"share_on_mastodon":{"url":"https:\/\/pubeurope.com\/@fr\/114989114596655169","error":""},"_links":{"self":[{"href":"https:\/\/www.europesays.com\/fr\/wp-json\/wp\/v2\/posts\/303439","targetHints":{"allow":["GET"]}}],"collection":[{"href":"https:\/\/www.europesays.com\/fr\/wp-json\/wp\/v2\/posts"}],"about":[{"href":"https:\/\/www.europesays.com\/fr\/wp-json\/wp\/v2\/types\/post"}],"author":[{"embeddable":true,"href":"https:\/\/www.europesays.com\/fr\/wp-json\/wp\/v2\/users\/2"}],"replies":[{"embeddable":true,"href":"https:\/\/www.europesays.com\/fr\/wp-json\/wp\/v2\/comments?post=303439"}],"version-history":[{"count":0,"href":"https:\/\/www.europesays.com\/fr\/wp-json\/wp\/v2\/posts\/303439\/revisions"}],"wp:featuredmedia":[{"embeddable":true,"href":"https:\/\/www.europesays.com\/fr\/wp-json\/wp\/v2\/media\/303440"}],"wp:attachment":[{"href":"https:\/\/www.europesays.com\/fr\/wp-json\/wp\/v2\/media?parent=303439"}],"wp:term":[{"taxonomy":"category","embeddable":true,"href":"https:\/\/www.europesays.com\/fr\/wp-json\/wp\/v2\/categories?post=303439"},{"taxonomy":"post_tag","embeddable":true,"href":"https:\/\/www.europesays.com\/fr\/wp-json\/wp\/v2\/tags?post=303439"}],"curies":[{"name":"wp","href":"https:\/\/api.w.org\/{rel}","templated":true}]}}