{"id":303445,"date":"2025-08-07T19:25:10","date_gmt":"2025-08-07T19:25:10","guid":{"rendered":"https:\/\/www.europesays.com\/fr\/303445\/"},"modified":"2025-08-07T19:25:10","modified_gmt":"2025-08-07T19:25:10","slug":"toulouse-deux-maisons-prennent-feu-coup-sur-coup-des-personnes-evacuees","status":"publish","type":"post","link":"https:\/\/www.europesays.com\/fr\/303445\/","title":{"rendered":"Toulouse. Deux maisons prennent feu coup sur coup : des personnes \u00e9vacu\u00e9es"},"content":{"rendered":"<p>            Par<br \/>\n        <strong><br \/>\n            <a href=\"https:\/\/actu.fr\/auteur\/lea-afonso\" title=\"Consulter tous les articles de L\u00e9a Afonso\" rel=\"nofollow noopener\" target=\"_blank\">L\u00e9a Afonso<\/a><br \/>\n        <\/strong><\/p>\n<p>        Publi\u00e9 le<\/p>\n<p>            7 ao\u00fbt 2025 \u00e0 19h36        <\/p>\n<p>Deux <strong>feux de maisons<\/strong> se sont d\u00e9clench\u00e9s coup sur coup ce jeudi 7\u00a0ao\u00fbt 2025 \u00e0 <a href=\"https:\/\/actu.fr\/toulouse\/\" rel=\"nofollow noopener\" target=\"_blank\">Toulouse<\/a> et dans la commune de<a href=\"https:\/\/actu.fr\/occitanie\/saint-orens-de-gameville_31506\" rel=\"nofollow noopener\" target=\"_blank\"> Saint-Orens-de-Gameville<\/a>. Ce qu\u2019il s\u2019est pass\u00e9.<\/p>\n<p>Un premier feu \u00e0 Toulouse<\/p>\n<p class=\" wall-content\">Le premier feu de maison s\u2019est d\u00e9clench\u00e9 aux alentours de midi, <strong>chemin de Fenouillet \u00e0 Toulouse<\/strong>. 26 sapeurs-pompiers ont \u00e9t\u00e9 appel\u00e9s pour \u00e9teindre les flammes sur <strong>cinq voitures et utilitaires<\/strong>, ainsi qu\u2019une benne \u00e0 mati\u00e8res recyclables au sein d\u2019une entreprise sp\u00e9cialis\u00e9e en traitement de m\u00e9taux.<\/p>\n<p class=\" wall-content\"><strong>Cinq personnes<\/strong> ont l\u00e9g\u00e8rement \u00e9t\u00e9 <strong>impact\u00e9es<\/strong> par les fum\u00e9es et ont fait l\u2019objet d\u2019un bilan de sant\u00e9. Aucun bless\u00e9 n\u2019est \u00e0 d\u00e9plorer.<\/p>\n<p>Des personnes \u00e9vacu\u00e9es \u00e0 Saint-Orens<\/p>\n<p class=\" wall-content\">25 soldats du feu sont intervenus sur la commune de<strong> Saint-Orens-de-Gameville<\/strong> pour un <strong>feu de garage<\/strong> dans une maison \u00e0 un \u00e9tage. \u00c0 leur arriv\u00e9e, le sinistre mena\u00e7ait le reste de l\u2019habitation. Un contr\u00f4le des points chauds a \u00e9t\u00e9 effectu\u00e9 au moyen de cam\u00e9ras thermiques et le feu a \u00e9t\u00e9 limit\u00e9.<\/p>\n<p class=\" wall-content\"><strong>Quatre personnes ont \u00e9t\u00e9 \u00e9vacu\u00e9es et seront relog\u00e9es.<\/strong><\/p>\n<p>Vid\u00e9os : en ce moment sur Actu<\/p>\n<p class=\" wall-content\">Suivez toute l\u2019actualit\u00e9 de vos villes et m\u00e9dias favoris en vous inscrivant \u00e0 <a href=\"https:\/\/moncompte.actu.fr\" title=\"D\u00e9couvez Mon Actu\" rel=\"nofollow noopener\" data-trk=\"{&quot;cta&quot;:{&quot;action&quot;:&quot;https:\\\/\\\/moncompte.actu.fr&quot;,&quot;category&quot;:&quot;mon compte&quot;,&quot;from&quot;:&quot;article footer&quot;,&quot;name&quot;:&quot;Mon actu&quot;,&quot;type&quot;:&quot;cta&quot;}}\" target=\"_blank\">Mon Actu<\/a>.<\/p>\n","protected":false},"excerpt":{"rendered":"Par L\u00e9a Afonso Publi\u00e9 le 7 ao\u00fbt 2025 \u00e0 19h36 Deux feux de maisons se sont d\u00e9clench\u00e9s coup&hellip;\n","protected":false},"author":2,"featured_media":303446,"comment_status":"","ping_status":"","sticky":false,"template":"","format":"standard","meta":{"footnotes":""},"categories":[2816],"tags":[1111,11,1777,674,118,1011,27,12,2680,1311,25,2312],"class_list":{"0":"post-303445","1":"post","2":"type-post","3":"status-publish","4":"format-standard","5":"has-post-thumbnail","7":"category-toulouse","8":"tag-actu","9":"tag-actualites","10":"tag-eu","11":"tag-europe","12":"tag-faits-divers","13":"tag-fr","14":"tag-france","15":"tag-news","16":"tag-occitanie","17":"tag-pompiers","18":"tag-republique-francaise","19":"tag-toulouse"},"share_on_mastodon":{"url":"https:\/\/pubeurope.com\/@fr\/114989126274834007","error":""},"_links":{"self":[{"href":"https:\/\/www.europesays.com\/fr\/wp-json\/wp\/v2\/posts\/303445","targetHints":{"allow":["GET"]}}],"collection":[{"href":"https:\/\/www.europesays.com\/fr\/wp-json\/wp\/v2\/posts"}],"about":[{"href":"https:\/\/www.europesays.com\/fr\/wp-json\/wp\/v2\/types\/post"}],"author":[{"embeddable":true,"href":"https:\/\/www.europesays.com\/fr\/wp-json\/wp\/v2\/users\/2"}],"replies":[{"embeddable":true,"href":"https:\/\/www.europesays.com\/fr\/wp-json\/wp\/v2\/comments?post=303445"}],"version-history":[{"count":0,"href":"https:\/\/www.europesays.com\/fr\/wp-json\/wp\/v2\/posts\/303445\/revisions"}],"wp:featuredmedia":[{"embeddable":true,"href":"https:\/\/www.europesays.com\/fr\/wp-json\/wp\/v2\/media\/303446"}],"wp:attachment":[{"href":"https:\/\/www.europesays.com\/fr\/wp-json\/wp\/v2\/media?parent=303445"}],"wp:term":[{"taxonomy":"category","embeddable":true,"href":"https:\/\/www.europesays.com\/fr\/wp-json\/wp\/v2\/categories?post=303445"},{"taxonomy":"post_tag","embeddable":true,"href":"https:\/\/www.europesays.com\/fr\/wp-json\/wp\/v2\/tags?post=303445"}],"curies":[{"name":"wp","href":"https:\/\/api.w.org\/{rel}","templated":true}]}}