{"id":303449,"date":"2025-08-07T19:28:15","date_gmt":"2025-08-07T19:28:15","guid":{"rendered":"https:\/\/www.europesays.com\/fr\/303449\/"},"modified":"2025-08-07T19:28:15","modified_gmt":"2025-08-07T19:28:15","slug":"canicule-alerte-secheresse-a-marseille-et-dans-les-bouches-du-rhone-ce-qui-change-pour-les-habitants","status":"publish","type":"post","link":"https:\/\/www.europesays.com\/fr\/303449\/","title":{"rendered":"Canicule. \u00ab\u00a0Alerte s\u00e9cheresse\u00a0\u00bb \u00e0 Marseille et dans les Bouches-du-Rh\u00f4ne, ce qui change pour les habitants"},"content":{"rendered":"<p>            Par<br \/>\n        <strong><br \/>\n            <a href=\"https:\/\/actu.fr\/auteur\/fabien-binacchi\" title=\"Consulter tous les articles de Fabien Binacchi\" rel=\"nofollow noopener\" target=\"_blank\">Fabien Binacchi<\/a><br \/>\n        <\/strong><\/p>\n<p>        Publi\u00e9 le<\/p>\n<p>            7 ao\u00fbt 2025 \u00e0 18h08        <\/p>\n<p>Les habitants des <a href=\"https:\/\/actu.fr\/provence-alpes-cote-d-azur\/bouches-du-rhone_13\" rel=\"nofollow noopener\" target=\"_blank\">Bouches-du-Rh\u00f4ne<\/a> pri\u00e9s de fermer le robinet.<\/p>\n<p class=\" wall-content\">L\u2019\u00ab\u2009alerte s\u00e9cheresse\u2009\u00bb, d\u00e9j\u00e0 en vigueur dans une partie du d\u00e9partement depuis plusieurs semaines, concerne d\u00e9sormais \u00e9galement <a href=\"https:\/\/actu.fr\/provence-alpes-cote-d-azur\/marseille_13055\/canicule-a-marseille-et-dans-les-bouches-du-rhone-la-vague-de-chaleur-va-frapper-les-details_63004727.html\" rel=\"nofollow noopener\" target=\"_blank\">Marseille<\/a> et <strong>l\u2019ensemble du littoral,<\/strong> de la C\u00f4te bleue jusqu\u2019\u00e0 <a href=\"https:\/\/actu.fr\/provence-alpes-cote-d-azur\/la-ciotat_13028\" rel=\"nofollow noopener\" target=\"_blank\">La Ciotat<\/a>, annonce la pr\u00e9fecture.<\/p>\n<p class=\" wall-content\">Alors que la canicule ne va rien arranger, de nouvelles restrictions s\u2019imposent, de fait. Et des contr\u00f4les seront op\u00e9r\u00e9s, pr\u00e9viennent les services de l\u2019\u00c9tat.<\/p>\n<p>La canicule ne va rien n\u2019arranger<\/p>\n<p class=\" wall-content\">Si les r\u00e9serves sont encore, \u00e0 date, \u00ab\u2009satisfaisantes\u2009\u00bb, cela pourrait ne pas durer, redoutent les autorit\u00e9s. <strong>Le cocktail actuel est explosif<\/strong>\u2009: les pr\u00e9visions m\u00e9t\u00e9o, qui n\u2019annoncent aucune goutte de pluie \u00e0 l\u2019horizon, coupl\u00e9es au <a href=\"https:\/\/actu.fr\/provence-alpes-cote-d-azur\/marseille_13055\/canicule-a-marseille-et-dans-les-bouches-du-rhone-la-vague-de-chaleur-va-frapper-les-details_63004727.html\" rel=\"nofollow noopener\" target=\"_blank\">nouvel \u00e9pisode caniculaire<\/a> \u00e0 venir d\u00e8s la fin de cette semaine vont peser sur une situation d\u00e9j\u00e0 compliqu\u00e9e.<\/p>\n<blockquote class=\"ac-article-quote wall-content\">\n<p>Le d\u00e9ficit pluviom\u00e9trique enregistr\u00e9 ces derniers mois et les temp\u00e9ratures particuli\u00e8rement \u00e9lev\u00e9es du d\u00e9but d\u2019\u00e9t\u00e9 ont engendr\u00e9 une baisse des niveaux des cours d\u2019eau et des nappes du d\u00e9partement.<\/p>\n<p>    <strong>La pr\u00e9fecture des Bouches-du-Rh\u00f4ne<\/strong>\n            <\/p><\/blockquote>\n<p class=\" wall-content\">De nouvelles mesures ont donc \u00e9t\u00e9 d\u00e9cid\u00e9es.<\/p>\n<p>Diff\u00e9rents niveaux d\u2019alerte<\/p>\n<p class=\" wall-content\">Le littoral du d\u00e9partement, <strong>de la C\u00f4te bleue jusqu\u2019\u00e0 La Ciotat<\/strong> en englobant Marseille, passe en \u00ab\u2009alerte s\u00e9cheresse\u2009\u00bb. Il n\u2019\u00e9tait jusque-l\u00e0 qu\u2019au stade de la simple \u00ab\u2009vigilance\u2009\u00bb.<\/p>\n<p>    <img   decoding=\"async\" loading=\"lazy\" src=\"https:\/\/www.europesays.com\/fr\/wp-content\/uploads\/2025\/08\/niveaux-secheresse-hd-2025semaine32-reference-1-960x640.jpg\" alt=\"L'ouest du d\u00e9partement est pour le moment \u00e9pargn\u00e9\" width=\"960\" height=\"640\"\/><br \/>\n    L\u2019ouest du d\u00e9partement est pour le moment \u00e9pargn\u00e9 (\u00a9Pr\u00e9fecture des Bouches-du-Rh\u00f4ne)<\/p>\n<p class=\" wall-content\">Le secteur rejoint donc celui de la Touloubre amont, \u00e9galement en \u00ab\u2009alerte\u2009\u00bb. Les zones du R\u00e9al de Jouques et de l\u2019Huveaune, ainsi que ceux de l\u2019Arc amont et de l\u2019Arc aval sont eux, <strong>au stade de la \u00ab\u2009crise\u2009\u00bb,<\/strong> le plus haut, selon une carte diffus\u00e9e par les autorit\u00e9s.<\/p>\n<p>Arrosage diurne et lavage des voitures interdits<\/p>\n<p class=\" wall-content\">De nouvelles restrictions s\u2019imposent donc aux habitants de la cit\u00e9 phoc\u00e9enne.<\/p>\n<p class=\" wall-content\">Sont notamment interdits\u2009:<\/p>\n<ul class=\" wall-content\">\n<li>L\u2019arrosage des pelouses, massifs fleuris, arbustes, arbres et potagers entre 9h et 19h,<\/li>\n<li>Le lavage des v\u00e9hicules chez les particuliers,<\/li>\n<li>Le nettoyage des fa\u00e7ades, toitures, trottoirs et autres surfaces imperm\u00e9abilis\u00e9es sauf si r\u00e9alis\u00e9 par une collectivit\u00e9 ou une entreprise de nettoyage professionnel utilisant un syst\u00e8me de nettoyage sous pression.<\/li>\n<\/ul>\n<p class=\" wall-content\">Le remplissage et la remise \u00e0 niveau des piscines restent autoris\u00e9s, selon <a href=\"https:\/\/www.bouches-du-rhone.gouv.fr\/index.php\/contenu\/telechargement\/59980\/424710\/file\/Tableaux%20alerte%20particuliers.pdf\" rel=\"nofollow noopener\" target=\"_blank\">les donn\u00e9es communiqu\u00e9es par la pr\u00e9fecture<\/a>, qui appelle tout de m\u00eame \u00ab\u2009l\u2019ensemble des usagers \u00e0 avoir <strong>un usage \u00e9conome de l\u2019eau<\/strong>\u2009\u00bb. La fin de l\u2019\u00e9t\u00e9 s\u2019annon\u00e7ant particuli\u00e8rement s\u00e8che.<\/p>\n<p class=\" wall-content\">Suivez toute l\u2019actualit\u00e9 de vos villes et m\u00e9dias favoris en vous inscrivant \u00e0 <a href=\"https:\/\/moncompte.actu.fr\" title=\"D\u00e9couvez Mon Actu\" rel=\"nofollow noopener\" data-trk=\"{&quot;cta&quot;:{&quot;action&quot;:&quot;https:\\\/\\\/moncompte.actu.fr&quot;,&quot;category&quot;:&quot;mon compte&quot;,&quot;from&quot;:&quot;article footer&quot;,&quot;name&quot;:&quot;Mon actu&quot;,&quot;type&quot;:&quot;cta&quot;}}\" target=\"_blank\">Mon Actu<\/a>.<\/p>\n","protected":false},"excerpt":{"rendered":"Par Fabien Binacchi Publi\u00e9 le 7 ao\u00fbt 2025 \u00e0 18h08 Les habitants des Bouches-du-Rh\u00f4ne pri\u00e9s de fermer le&hellip;\n","protected":false},"author":2,"featured_media":303450,"comment_status":"","ping_status":"","sticky":false,"template":"","format":"standard","meta":{"footnotes":""},"categories":[2814],"tags":[1111,11,6698,1777,674,1011,27,884,12,882,25,12817,104],"class_list":{"0":"post-303449","1":"post","2":"type-post","3":"status-publish","4":"format-standard","5":"has-post-thumbnail","7":"category-marseille","8":"tag-actu","9":"tag-actualites","10":"tag-canicule","11":"tag-eu","12":"tag-europe","13":"tag-fr","14":"tag-france","15":"tag-marseille","16":"tag-news","17":"tag-provence-alpes-cote-dazur","18":"tag-republique-francaise","19":"tag-secheresse","20":"tag-societe"},"share_on_mastodon":{"url":"https:\/\/pubeurope.com\/@fr\/114989138188954191","error":""},"_links":{"self":[{"href":"https:\/\/www.europesays.com\/fr\/wp-json\/wp\/v2\/posts\/303449","targetHints":{"allow":["GET"]}}],"collection":[{"href":"https:\/\/www.europesays.com\/fr\/wp-json\/wp\/v2\/posts"}],"about":[{"href":"https:\/\/www.europesays.com\/fr\/wp-json\/wp\/v2\/types\/post"}],"author":[{"embeddable":true,"href":"https:\/\/www.europesays.com\/fr\/wp-json\/wp\/v2\/users\/2"}],"replies":[{"embeddable":true,"href":"https:\/\/www.europesays.com\/fr\/wp-json\/wp\/v2\/comments?post=303449"}],"version-history":[{"count":0,"href":"https:\/\/www.europesays.com\/fr\/wp-json\/wp\/v2\/posts\/303449\/revisions"}],"wp:featuredmedia":[{"embeddable":true,"href":"https:\/\/www.europesays.com\/fr\/wp-json\/wp\/v2\/media\/303450"}],"wp:attachment":[{"href":"https:\/\/www.europesays.com\/fr\/wp-json\/wp\/v2\/media?parent=303449"}],"wp:term":[{"taxonomy":"category","embeddable":true,"href":"https:\/\/www.europesays.com\/fr\/wp-json\/wp\/v2\/categories?post=303449"},{"taxonomy":"post_tag","embeddable":true,"href":"https:\/\/www.europesays.com\/fr\/wp-json\/wp\/v2\/tags?post=303449"}],"curies":[{"name":"wp","href":"https:\/\/api.w.org\/{rel}","templated":true}]}}