{"id":303453,"date":"2025-08-07T19:30:15","date_gmt":"2025-08-07T19:30:15","guid":{"rendered":"https:\/\/www.europesays.com\/fr\/303453\/"},"modified":"2025-08-07T19:30:15","modified_gmt":"2025-08-07T19:30:15","slug":"deux-enfants-abandonnes-passent-plusieurs-jours-dehors-a-venissieux","status":"publish","type":"post","link":"https:\/\/www.europesays.com\/fr\/303453\/","title":{"rendered":"deux enfants abandonn\u00e9s passent plusieurs jours dehors \u00e0 V\u00e9nissieux"},"content":{"rendered":"<p itemprop=\"description\"><strong>INFO LYONMAG.<\/strong><\/p>\n<p>Cruel destin que celui de ses deux enfants \u00e2g\u00e9s de 6 et 2 ans.<\/p>\n<p>Cette grande soeur et son petit fr\u00e8re auraient pass\u00e9 plusieurs jours dans les rues des Minguettes \u00e0 V\u00e9nissieux apr\u00e8s avoir \u00e9t\u00e9 abandonn\u00e9s par leur m\u00e8re dans des circonstances qui restent \u00e0 \u00e9claircir.<\/p>\n<p>D\u00e9shydrat\u00e9s, pieds nus et tr\u00e8s affaiblis, notamment \u00e0 cause d&rsquo;agressions physiques de la part d&rsquo;adolescents du quartier, ils ont \u00e9t\u00e9 recueillis par des habitants ce jeudi apr\u00e8s-midi puis confi\u00e9s \u00e0 la police municipale.<\/p>\n<p>Une enqu\u00eate devra \u00eatre ouverte afin d&rsquo;identifier les enfants et retrouver leurs parents.<\/p>\n<p>Contact\u00e9, le parquet de Lyon n&rsquo;a pas encore r\u00e9pondu \u00e0 nos sollicitations.<\/p>\n","protected":false},"excerpt":{"rendered":"INFO LYONMAG. Cruel destin que celui de ses deux enfants \u00e2g\u00e9s de 6 et 2 ans. Cette grande&hellip;\n","protected":false},"author":2,"featured_media":303454,"comment_status":"","ping_status":"","sticky":false,"template":"","format":"standard","meta":{"footnotes":""},"categories":[1889],"tags":[1111,11,2813,2190,2430,1109,251,1112,2811,1777,674,118,1011,27,1922,1110,1114,2428,2810,12,241,316,25,2812,517,800],"class_list":{"0":"post-303453","1":"post","2":"type-post","3":"status-publish","4":"format-standard","5":"has-post-thumbnail","7":"category-lyon","8":"tag-actu","9":"tag-actualites","10":"tag-article","11":"tag-asvel","12":"tag-auvergne-rhone-alpes","13":"tag-breves","14":"tag-culture","15":"tag-depeches","16":"tag-economique","17":"tag-eu","18":"tag-europe","19":"tag-faits-divers","20":"tag-fr","21":"tag-france","22":"tag-info","23":"tag-informations","24":"tag-infos","25":"tag-lyon","26":"tag-lyonmag","27":"tag-news","28":"tag-ol","29":"tag-politique","30":"tag-republique-francaise","31":"tag-sociale","32":"tag-sport","33":"tag-transports"},"share_on_mastodon":{"url":"https:\/\/pubeurope.com\/@fr\/114989145977734687","error":""},"_links":{"self":[{"href":"https:\/\/www.europesays.com\/fr\/wp-json\/wp\/v2\/posts\/303453","targetHints":{"allow":["GET"]}}],"collection":[{"href":"https:\/\/www.europesays.com\/fr\/wp-json\/wp\/v2\/posts"}],"about":[{"href":"https:\/\/www.europesays.com\/fr\/wp-json\/wp\/v2\/types\/post"}],"author":[{"embeddable":true,"href":"https:\/\/www.europesays.com\/fr\/wp-json\/wp\/v2\/users\/2"}],"replies":[{"embeddable":true,"href":"https:\/\/www.europesays.com\/fr\/wp-json\/wp\/v2\/comments?post=303453"}],"version-history":[{"count":0,"href":"https:\/\/www.europesays.com\/fr\/wp-json\/wp\/v2\/posts\/303453\/revisions"}],"wp:featuredmedia":[{"embeddable":true,"href":"https:\/\/www.europesays.com\/fr\/wp-json\/wp\/v2\/media\/303454"}],"wp:attachment":[{"href":"https:\/\/www.europesays.com\/fr\/wp-json\/wp\/v2\/media?parent=303453"}],"wp:term":[{"taxonomy":"category","embeddable":true,"href":"https:\/\/www.europesays.com\/fr\/wp-json\/wp\/v2\/categories?post=303453"},{"taxonomy":"post_tag","embeddable":true,"href":"https:\/\/www.europesays.com\/fr\/wp-json\/wp\/v2\/tags?post=303453"}],"curies":[{"name":"wp","href":"https:\/\/api.w.org\/{rel}","templated":true}]}}