{"id":303459,"date":"2025-08-07T19:34:14","date_gmt":"2025-08-07T19:34:14","guid":{"rendered":"https:\/\/www.europesays.com\/fr\/303459\/"},"modified":"2025-08-07T19:34:14","modified_gmt":"2025-08-07T19:34:14","slug":"la-patronne-des-ecologistes-marine-tondelier-se-dit-tres-soulagee-par-la-decision-du-conseil-constitutionnel","status":"publish","type":"post","link":"https:\/\/www.europesays.com\/fr\/303459\/","title":{"rendered":"la patronne des \u00c9cologistes Marine Tondelier se dit \u00ab\u00a0tr\u00e8s soulag\u00e9e\u00a0\u00bb par la d\u00e9cision du Conseil constitutionnel"},"content":{"rendered":"<p class=\"c-chapo \">\n  Le Conseil constitutionnel a censur\u00e9 jeudi la disposition la plus contest\u00e9e de la loi Duplomb, qui pr\u00e9voyait la r\u00e9introduction sous conditions d&rsquo;un pesticide interdit de la famille des n\u00e9onicotino\u00efdes, jug\u00e9e par les Sages contraire \u00e0 la Charte de l&rsquo;environnement.\n<\/p>\n<p>            lire plus tard<\/p>\n<p id=\"dialog__title\" class=\"dialog__title\">Pour sauvegarder cet article, connectez-vous ou cr\u00e9ez un compte franceinfo<\/p>\n<p class=\"dialog__description\">Sans paiement. Sans abonnement.<\/p>\n<p>        Fermer la fen\u00eatre d\u2019activation des notifications France Info<\/p>\n<p>            cr\u00e9er votre compte<\/p>\n<p>            se connecter<\/p>\n<p>        Fermer la fen\u00eatre de pr\u00e9sentation<\/p>\n<p>    <img loading=\"lazy\" decoding=\"async\" class=\"signature__image lazyload\" width=\"100\" height=\"100\" data- alt=\"\" src=\"https:\/\/www.europesays.com\/fr\/wp-content\/uploads\/2025\/05\/64a7df4c5fe71_placeholder-36b69ec8.png\"\/><\/p>\n<p>    Publi\u00e9 le 07\/08\/2025 19:46<\/p>\n<p>        Temps de lecture : 1min<\/p>\n<p>    <img decoding=\"async\"  alt=\"Marine Tondelier, secr\u00e9taire g\u00e9n\u00e9rale des Ecologistes, sur franceinfo le 27\u00a0mai 2025. (FRANCEINFO \/ RADIO FRANCE)\" width=\"432\" height=\"243\" src=\"https:\/\/www.europesays.com\/fr\/wp-content\/uploads\/2025\/08\/marine-tondelier2-6835f6ddbd567490642884.jpg\" fetchpriority=\"high\"\/><\/p>\n<p>      Marine Tondelier, secr\u00e9taire g\u00e9n\u00e9rale des Ecologistes, sur franceinfo le 27\u00a0mai 2025. (FRANCEINFO \/ RADIO FRANCE)<\/p>\n<p>La patronne des \u00c9cologistes Marine Tondelier s&rsquo;est dite jeudi 7 ao\u00fbt sur franceinfo, \u00ab\u00a0tr\u00e8s soulag\u00e9e\u00a0\u00bb, apr\u00e8s la censure partielle par le Conseil constitutionnel <a href=\"https:\/\/www.franceinfo.fr\/environnement\/loi-duplomb\/\" rel=\"nofollow noopener\" target=\"_blank\">de la loi Duplomb<\/a>, notamment de la r\u00e9introduction de l&rsquo;ac\u00e9tamipride, un insecticide tr\u00e8s contest\u00e9 de la famille des n\u00e9onicotino\u00efdes.<\/p>\n<p>\u00ab\u00a0Il y a une partie de moi qui est tr\u00e8s tr\u00e8s soulag\u00e9e par la censure de cette r\u00e9introduction de l&rsquo;ac\u00e9tamipride. \u00c7a, \u00e7a me r\u00e9jouit\u00a0\u00bb, a-t-elle d\u00e9clar\u00e9 sur franceinfo. Sauf que pour elle, \u00ab\u00a0c&rsquo;est une occasion de se r\u00e9jouir mais \u00e0 moiti\u00e9 seulement car cette loi Duplomb, ce n&rsquo;\u00e9tait pas seulement la r\u00e9introduction de l&rsquo;ac\u00e9tamipride\u00a0\u00bb. \u00a0<\/p>\n<p>\u00ab\u00a0Quand l&rsquo;Ordre des m\u00e9decins monte au cr\u00e9neau, quand des milliers de scientifiques montent au cr\u00e9neau, il faut quand m\u00eame se poser des questions, a-t-elle poursuivi. J&rsquo;ai une pens\u00e9e ce soir pour les agriculteurs, en leur adressant un message de paix. Je suis disponible, je viendrai \u00e0 leur rencontre et on trouvera des solutions.\u00a0\u00bb<\/p>\n<p>D\u00e9sormais, le pr\u00e9sident Emmanuel Macron va promulguer cette loi, expurg\u00e9e des dispositions censur\u00e9es. \u00ab\u00a0Nous continuons \u00e0 lui demander une nouvelle d\u00e9lib\u00e9ration, une nouvelle lecture, car on consid\u00e9re toujours que le d\u00e9bat n&rsquo;a pas eu lieu proprement \u00e0 l&rsquo;Assembl\u00e9e nationale\u00a0\u00bb, a conclu Marine Tondelier. \u00a0<\/p>\n<p class=\"related-tags__title\" role=\"heading\" aria-level=\"2\">les mots-cl\u00e9s associ\u00e9s \u00e0 cet article\n    <\/p>\n","protected":false},"excerpt":{"rendered":"Le Conseil constitutionnel a censur\u00e9 jeudi la disposition la plus contest\u00e9e de la loi Duplomb, qui pr\u00e9voyait la&hellip;\n","protected":false},"author":2,"featured_media":303460,"comment_status":"","ping_status":"","sticky":false,"template":"","format":"standard","meta":{"footnotes":""},"categories":[1888],"tags":[1111,1928,11,1927,1777,674,1011,27,12,1926,626,1925,25],"class_list":{"0":"post-303459","1":"post","2":"type-post","3":"status-publish","4":"format-standard","5":"has-post-thumbnail","7":"category-paris","8":"tag-actu","9":"tag-actu-paris","10":"tag-actualites","11":"tag-actualites-paris","12":"tag-eu","13":"tag-europe","14":"tag-fr","15":"tag-france","16":"tag-news","17":"tag-news-paris","18":"tag-paris","19":"tag-paris-news","20":"tag-republique-francaise"},"share_on_mastodon":{"url":"https:\/\/pubeurope.com\/@fr\/114989161851731985","error":""},"_links":{"self":[{"href":"https:\/\/www.europesays.com\/fr\/wp-json\/wp\/v2\/posts\/303459","targetHints":{"allow":["GET"]}}],"collection":[{"href":"https:\/\/www.europesays.com\/fr\/wp-json\/wp\/v2\/posts"}],"about":[{"href":"https:\/\/www.europesays.com\/fr\/wp-json\/wp\/v2\/types\/post"}],"author":[{"embeddable":true,"href":"https:\/\/www.europesays.com\/fr\/wp-json\/wp\/v2\/users\/2"}],"replies":[{"embeddable":true,"href":"https:\/\/www.europesays.com\/fr\/wp-json\/wp\/v2\/comments?post=303459"}],"version-history":[{"count":0,"href":"https:\/\/www.europesays.com\/fr\/wp-json\/wp\/v2\/posts\/303459\/revisions"}],"wp:featuredmedia":[{"embeddable":true,"href":"https:\/\/www.europesays.com\/fr\/wp-json\/wp\/v2\/media\/303460"}],"wp:attachment":[{"href":"https:\/\/www.europesays.com\/fr\/wp-json\/wp\/v2\/media?parent=303459"}],"wp:term":[{"taxonomy":"category","embeddable":true,"href":"https:\/\/www.europesays.com\/fr\/wp-json\/wp\/v2\/categories?post=303459"},{"taxonomy":"post_tag","embeddable":true,"href":"https:\/\/www.europesays.com\/fr\/wp-json\/wp\/v2\/tags?post=303459"}],"curies":[{"name":"wp","href":"https:\/\/api.w.org\/{rel}","templated":true}]}}