{"id":303461,"date":"2025-08-07T19:35:14","date_gmt":"2025-08-07T19:35:14","guid":{"rendered":"https:\/\/www.europesays.com\/fr\/303461\/"},"modified":"2025-08-07T19:35:14","modified_gmt":"2025-08-07T19:35:14","slug":"le-fantasme-de-fox-news-une-dynastie-trump-avec-un-mariage-entre-barron-trump-et-sydney-sweeney","status":"publish","type":"post","link":"https:\/\/www.europesays.com\/fr\/303461\/","title":{"rendered":"Le fantasme de Fox News ? Une dynastie Trump avec un mariage entre Barron Trump et Sydney Sweeney"},"content":{"rendered":"<p>Barron Trump, 19 ans, \u00e9tudiant \u00e0 la Stern School of Business de New York, peut-il s\u00e9duire Sydney Sweeney, 27 ans, star d&rsquo;Hollywood ?\u00a0\u00c9g\u00e9rie de la nouvelle campagne pour la marque de jeans American Eagles, l\u2019actrice est devenue l&rsquo;ic\u00f4ne de la galaxie Trump, au point que Fox News a imagin\u00e9 un sc\u00e9nario encore plus improbable : un mariage entre la jolie blonde r\u00e9v\u00e9l\u00e9e par la s\u00e9rie \u00ab Euphoria \u00bb et&#8230; le fils pr\u00e9f\u00e9r\u00e9 du pr\u00e9sident des Etats-Unis, le cinqui\u00e8me enfant de Donald Trump et son troisi\u00e8me fils, le seul qu&rsquo;il a eu avec son \u00e9pouse actuelle, Melania Trump.<\/p>\n<p>\u00c0 lire aussi <a href=\"https:\/\/www.parismatch.com\/actu\/international\/barron-trump-lheritier-245713\" rel=\"nofollow noopener\" target=\"_blank\" data-ylk=\"slk:Barron Trump, l&#039;h\u00e9ritier;elm:context_link;itc:0;sec:content-canvas\" class=\"link \">Barron Trump, l&rsquo;h\u00e9ritier <\/a><\/p>\n<p>\u00ab La plus grande dynastie des Etats-Unis \u00bb<\/p>\n<p>C&rsquo;est le pr\u00e9sentateur de Fox News, Jesse Watters, qui a propos\u00e9 cette union, provoquant l&rsquo;hilarit\u00e9 du plateau. \u00ab Vous savez comment cette histoire se terminera ? Elle va se marier avec Barron. Et cela va cr\u00e9er la plus grande dynastie politique de l&rsquo;histoire des Etats-Unis \u00bb. Dommage pour les conservateurs am\u00e9ricains que les mariages arrang\u00e9s n&rsquo;existent plus, du moins en Am\u00e9rique&#8230;<\/p>\n<p>Dans un long message publi\u00e9 en fin d\u2019apr\u00e8s-midi, ce lundi 4\u00a0ao\u00fbt, Donald Trump avait pris la d\u00e9fense de\u00a0<a href=\"https:\/\/www.parismatch.com\/bio\/sydney-sweeney\" rel=\"nofollow noopener\" target=\"_blank\" data-ylk=\"slk:Sydney Sweeney;elm:context_link;itc:0;sec:content-canvas\" class=\"link \">Sydney Sweeney<\/a>\u00a0accabl\u00e9e par les critiques depuis la diffusion de\u00a0<a href=\"https:\/\/www.parismatch.com\/actu\/economie\/une-campagne-de-pub-anti-woke-lactrice-sydney-sweeney-dechaine-les-passions-dans-un-jean-moulant-254903\" rel=\"nofollow noopener\" target=\"_blank\" data-ylk=\"slk:la campagne American Eagle jug\u00e9e raciste;elm:context_link;itc:0;sec:content-canvas\" class=\"link \">la campagne American Eagle jug\u00e9e raciste<\/a>, \u00ab\u00a0Sydney Sweeney, une r\u00e9publicaine d\u00e9clar\u00e9e, a la pub la plus \u00ab\u00a0HOT\u00a0\u00bb du moment. C\u2019est pour American Eagle, et les jeans s\u2019envolent comme des petits pains. Allez, Sydney\u00a0!\u00a0\u00bb<\/p>\n<p>Par ce message, le pr\u00e9sident tente d&rsquo;accr\u00e9diter la rumeur selon laque&#8230;<\/p>\n<p><a href=\"https:\/\/www.parismatch.com\/actu\/international\/le-fantasme-de-fox-news-une-dynastie-trump-avec-un-mariage-entre-barron-trump-et-sydney-sweeney-255321?at_medium=affiliate&amp;at_campaign=Yahoo\" rel=\"nofollow noopener\" target=\"_blank\" data-ylk=\"slk:Lire la suite sur ParisMatch;elm:context_link;itc:0;sec:content-canvas\" class=\"link \">Lire la suite sur ParisMatch<\/a><\/p>\n","protected":false},"excerpt":{"rendered":"Barron Trump, 19 ans, \u00e9tudiant \u00e0 la Stern School of Business de New York, peut-il s\u00e9duire Sydney Sweeney,&hellip;\n","protected":false},"author":2,"featured_media":303462,"comment_status":"","ping_status":"","sticky":false,"template":"","format":"standard","meta":{"footnotes":""},"categories":[1888],"tags":[1111,1928,11,1927,44347,29673,75,1777,674,12445,1011,27,12,1926,626,1925,1325,25,44348,41445],"class_list":{"0":"post-303461","1":"post","2":"type-post","3":"status-publish","4":"format-standard","5":"has-post-thumbnail","7":"category-paris","8":"tag-actu","9":"tag-actu-paris","10":"tag-actualites","11":"tag-actualites-paris","12":"tag-american-eagle","13":"tag-barron-trump","14":"tag-donald-trump","15":"tag-eu","16":"tag-europe","17":"tag-fox-news","18":"tag-fr","19":"tag-france","20":"tag-news","21":"tag-news-paris","22":"tag-paris","23":"tag-paris-news","24":"tag-president-des-etats-unis","25":"tag-republique-francaise","26":"tag-stern-school-of-business","27":"tag-sydney-sweeney"},"share_on_mastodon":{"url":"https:\/\/pubeurope.com\/@fr\/114989165712374090","error":""},"_links":{"self":[{"href":"https:\/\/www.europesays.com\/fr\/wp-json\/wp\/v2\/posts\/303461","targetHints":{"allow":["GET"]}}],"collection":[{"href":"https:\/\/www.europesays.com\/fr\/wp-json\/wp\/v2\/posts"}],"about":[{"href":"https:\/\/www.europesays.com\/fr\/wp-json\/wp\/v2\/types\/post"}],"author":[{"embeddable":true,"href":"https:\/\/www.europesays.com\/fr\/wp-json\/wp\/v2\/users\/2"}],"replies":[{"embeddable":true,"href":"https:\/\/www.europesays.com\/fr\/wp-json\/wp\/v2\/comments?post=303461"}],"version-history":[{"count":0,"href":"https:\/\/www.europesays.com\/fr\/wp-json\/wp\/v2\/posts\/303461\/revisions"}],"wp:featuredmedia":[{"embeddable":true,"href":"https:\/\/www.europesays.com\/fr\/wp-json\/wp\/v2\/media\/303462"}],"wp:attachment":[{"href":"https:\/\/www.europesays.com\/fr\/wp-json\/wp\/v2\/media?parent=303461"}],"wp:term":[{"taxonomy":"category","embeddable":true,"href":"https:\/\/www.europesays.com\/fr\/wp-json\/wp\/v2\/categories?post=303461"},{"taxonomy":"post_tag","embeddable":true,"href":"https:\/\/www.europesays.com\/fr\/wp-json\/wp\/v2\/tags?post=303461"}],"curies":[{"name":"wp","href":"https:\/\/api.w.org\/{rel}","templated":true}]}}