{"id":303463,"date":"2025-08-07T19:36:21","date_gmt":"2025-08-07T19:36:21","guid":{"rendered":"https:\/\/www.europesays.com\/fr\/303463\/"},"modified":"2025-08-07T19:36:21","modified_gmt":"2025-08-07T19:36:21","slug":"martin-parr-est-de-retour-en-2026-avec-une-exposition-blockbuster-au-jeu-de-paume","status":"publish","type":"post","link":"https:\/\/www.europesays.com\/fr\/303463\/","title":{"rendered":"Martin Parr est de retour en 2026, avec une exposition blockbuster au Jeu de Paume"},"content":{"rendered":"<p>Martin Parr, mais jamais longtemps. Apr\u00e8s avoir inaugur\u00e9 le <a href=\"https:\/\/www.timeout.fr\/paris\/actualites\/en-2023-un-centre-dart-flottant-entierement-dedie-a-la-photo-accoste-dans-le-13e-110922\" target=\"_blank\" rel=\"noopener\">Quai de la Photo<\/a> (centre d\u2019art photographique flottant sur la Seine) en 2023 avec son <a href=\"https:\/\/www.timeout.fr\/paris\/culture\" target=\"_blank\" rel=\"noopener\">exposition<\/a> \u00ab Life\u2019s Beach \u00bb, <a href=\"https:\/\/www.timeout.fr\/paris\/art\/martin-parr-a-la-plage\" target=\"_blank\" rel=\"noopener\">le photographe britannique<\/a> est de retour \u00e0 Paris en 2026. Pr\u00e9sent\u00e9e au Jeu de Paume, cette nouvelle r\u00e9trospective intitul\u00e9e \u00ab Global warning \u00bb r\u00e9unira 180 de ses \u0153uvres, r\u00e9alis\u00e9es \u00e0 travers le monde depuis la fin des ann\u00e9es 1970. Pr\u00e9sentant plusieurs de ses s\u00e9ries les plus embl\u00e9matiques, en couleur et en noir et blanc (qu\u2019il privil\u00e9gie au tout d\u00e9but de sa carri\u00e8re), l\u2019exposition sera \u00e0 d\u00e9couvrir entre le 30 janvier et le 24 mai 2026.\u00a0<\/p>\n<p><img decoding=\"async\" id=\"1c433260-bb50-0bc2-da0f-30053114d9a1\" class=\"photo lazy inline\" loading=\"lazy\" data-component=\"lazy-embed\" src=\"https:\/\/www.europesays.com\/fr\/wp-content\/uploads\/2025\/08\/1754595381_388_image.webp.webp\" alt=\"Martin Parr SPAIN. Benidorm 1997 \u00a9 Martin Parr\/Magnum Photos\" data-caption=\"\" data-credit=\"Martin Parr SPAIN. Benidorm 1997 \u00a9 Martin Parr\/Magnum Photos\" data-width-class=\"\" data-image-id=\"106304213\"\/>&#13;<br \/>\nMartin Parr SPAIN. Benidorm 1997 \u00a9 Martin Parr\/Magnum Photos&#13;<\/p>\n<p><strong>Le trivial, une affaire s\u00e9rieuse\u00a0<\/strong><\/p>\n<p>Imagin\u00e9e main dans la main entre l\u2019artiste et le directeur du Jeu de Paume, Quentin Bajac, cette r\u00e9trospective montre que la fascination du photographe pour les loisirs et le trivial\u00a0n&rsquo;a rien de superficiel. C\u2019est m\u00eame tout le contraire. Derri\u00e8re l\u2019humour et l\u2019apparente l\u00e9g\u00e8ret\u00e9 des images, le regard caustique de Martin Parr, documentaire et r\u00e9solument attach\u00e9 \u00e0 nos modes de vie contemporains, est aussi (surtout?) mati\u00e8re \u00e0 r\u00e9flexion. Sur-tourisme, sur-consommation\u2026 S\u2019il\u00a0le manie sans jugement ni m\u00e9chancet\u00e9, l\u2019objectif de Parr n\u2019en demeure pas moins un outil d\u2019analyse critique. Et mettre en perspective cinquante ans d\u2019images marqu\u00e9es par une forme aigu\u00eb d\u2019insouciance pourrait bien\u00a0donner lieu\u00a0\u00e0 une alarmante prise de conscience.\u00a0<br \/><strong>O\u00f9 ?<\/strong> Jeu de Paume, 1, place de la Concorde, Paris 8e. <br \/><strong>Quand ?<\/strong> Du 30 janvier au 24 mai 2026.\u00a0<\/p>\n","protected":false},"excerpt":{"rendered":"Martin Parr, mais jamais longtemps. Apr\u00e8s avoir inaugur\u00e9 le Quai de la Photo (centre d\u2019art photographique flottant sur&hellip;\n","protected":false},"author":2,"featured_media":303464,"comment_status":"","ping_status":"","sticky":false,"template":"","format":"standard","meta":{"footnotes":""},"categories":[1888],"tags":[11,19909,3734,19908,1777,674,1011,27,12,626,25],"class_list":{"0":"post-303463","1":"post","2":"type-post","3":"status-publish","4":"format-standard","5":"has-post-thumbnail","7":"category-paris","8":"tag-actualites","9":"tag-actualites-art","10":"tag-art","11":"tag-categories-art","12":"tag-eu","13":"tag-europe","14":"tag-fr","15":"tag-france","16":"tag-news","17":"tag-paris","18":"tag-republique-francaise"},"share_on_mastodon":{"url":"https:\/\/pubeurope.com\/@fr\/114989169654879389","error":""},"_links":{"self":[{"href":"https:\/\/www.europesays.com\/fr\/wp-json\/wp\/v2\/posts\/303463","targetHints":{"allow":["GET"]}}],"collection":[{"href":"https:\/\/www.europesays.com\/fr\/wp-json\/wp\/v2\/posts"}],"about":[{"href":"https:\/\/www.europesays.com\/fr\/wp-json\/wp\/v2\/types\/post"}],"author":[{"embeddable":true,"href":"https:\/\/www.europesays.com\/fr\/wp-json\/wp\/v2\/users\/2"}],"replies":[{"embeddable":true,"href":"https:\/\/www.europesays.com\/fr\/wp-json\/wp\/v2\/comments?post=303463"}],"version-history":[{"count":0,"href":"https:\/\/www.europesays.com\/fr\/wp-json\/wp\/v2\/posts\/303463\/revisions"}],"wp:featuredmedia":[{"embeddable":true,"href":"https:\/\/www.europesays.com\/fr\/wp-json\/wp\/v2\/media\/303464"}],"wp:attachment":[{"href":"https:\/\/www.europesays.com\/fr\/wp-json\/wp\/v2\/media?parent=303463"}],"wp:term":[{"taxonomy":"category","embeddable":true,"href":"https:\/\/www.europesays.com\/fr\/wp-json\/wp\/v2\/categories?post=303463"},{"taxonomy":"post_tag","embeddable":true,"href":"https:\/\/www.europesays.com\/fr\/wp-json\/wp\/v2\/tags?post=303463"}],"curies":[{"name":"wp","href":"https:\/\/api.w.org\/{rel}","templated":true}]}}