{"id":303465,"date":"2025-08-07T19:37:11","date_gmt":"2025-08-07T19:37:11","guid":{"rendered":"https:\/\/www.europesays.com\/fr\/303465\/"},"modified":"2025-08-07T19:37:11","modified_gmt":"2025-08-07T19:37:11","slug":"le-conseil-constitutionnel-valide-le-nouveau-mode-de-scrutin-a-paris-lyon-et-marseille-3","status":"publish","type":"post","link":"https:\/\/www.europesays.com\/fr\/303465\/","title":{"rendered":"le Conseil constitutionnel valide le nouveau mode de scrutin \u00e0 Paris, Lyon et Marseille"},"content":{"rendered":"<p class=\"article-p mdl\">Le Conseil constitutionnel a valid\u00e9 ce jeudi 7 ao\u00fbt un <strong>nouveau mode de scrutin<\/strong> pour les\u00a0<a class=\"link\" href=\"https:\/\/www.rtl.fr\/actu\/politique\/edito-les-elections-municipales-de-villeneuve-saint-georges-illustrent-cruellement-la-tragedie-du-ps-estime-etienne-gernelle-7900466320\" title=\"\u00c9DITO - &quot;Les \u00e9lections municipales de Villeneuve-Saint-Georges illustrent cruellement la trag\u00e9die du PS&quot;, estime Etienne Gernelle\" target=\"_blank\" rel=\"noopener\">\u00e9lections municipales<\/a>\u00a0\u00e0 <strong>Paris, Lyon et Marseille<\/strong>, dont les conseillers des mairies centrales seront d\u00e9sormais \u00e9lus directement, en plus des repr\u00e9sentants d&rsquo;arrondissements et de secteurs.<\/p>\n<p class=\"article-p mdl\">Les \u00ab\u00a0Sages\u00a0\u00bb ont relev\u00e9 que pour ces trois communes, les plus peupl\u00e9es de France, le l\u00e9gislateur \u00e9tait fond\u00e9 \u00e0 vouloir \u00ab\u00a0am\u00e9liorer la repr\u00e9sentation des diverses sensibilit\u00e9s politiques au sein (de leurs) assembl\u00e9es d\u00e9lib\u00e9rantes\u00a0\u00bb, \u00ab\u00a0conform\u00e9ment \u00e0 l&rsquo;objectif de valeur constitutionnelle de pluralisme des courants de pens\u00e9es et d&rsquo;opinions\u00a0\u00bb.<\/p>\n<p class=\"article-p mdl\">La r\u00e9forme, port\u00e9e par le d\u00e9put\u00e9 de Paris Renaissance\u00a0<a class=\"link\" href=\"https:\/\/www.rtl.fr\/actu\/politique\/anne-hidalgo-a-tahiti-le-depute-sylvain-maillard-a-saisi-le-procureur-de-la-republique-7900323753\" title=\"Anne Hidalgo \u00e0 Tahiti : le d\u00e9put\u00e9 Sylvain Maillard a saisi le procureur de la R\u00e9publique\" target=\"_blank\" rel=\"noopener\">Sylvain Maillard<\/a>\u00a0qui s&rsquo;est r\u00e9joui jeudi de \u00ab\u00a0<strong>la fin d&rsquo;une anomalie d\u00e9mocratique<\/strong>\u00ab\u00a0, \u00e9tait soutenue par le gouvernement. Elle avait \u00e9t\u00e9 vot\u00e9e d\u00e9but juillet par l&rsquo;Assembl\u00e9e malgr\u00e9 l&rsquo;hostilit\u00e9 du S\u00e9nat.\u00a0\u00a0<\/p>\n<p class=\"article-p mdl\">Elle doit s&rsquo;appliquer d\u00e8s le <strong>prochain scrutin municipal de mars 2026<\/strong>, conduisant \u00e0 un syst\u00e8me de double \u00e9lection, et donc deux urnes, l&rsquo;une pour \u00e9lire les membres du Conseil de la mairie centrale (Conseil de Paris, Conseils municipaux de Lyon et de Marseille), lesquels \u00e9lisent ensuite le maire, l&rsquo;autre pour \u00e9lire ceux de l&rsquo;arrondissement (\u00e0 Paris) ou du secteur (\u00e0 Lyon et Marseille).<\/p>\n<p class=\"article-p mdl\">\u00c0\u00a0Lyon, la r\u00e9forme entra\u00eene l&rsquo;organisation d&rsquo;un triple scrutin, puisque les administr\u00e9s des communes de la M\u00e9tropole de Lyon votent d\u00e9j\u00e0 directement pour leurs repr\u00e9sentants m\u00e9tropolitains, en m\u00eame temps que pour leurs conseillers municipaux.<\/p>\n<p>    La r\u00e9daction vous recommande<\/p>\n<p class=\"s-newsletter__title\">\n                L\u2019actualit\u00e9 par la r\u00e9daction de RTL dans votre bo\u00eete mail.\n            <\/p>\n<p class=\"s-newsletter__subtitle\">\n                Gr\u00e2ce \u00e0 votre compte RTL abonnez-vous \u00e0 la newsletter RTL info pour suivre toute l&rsquo;actualit\u00e9 au quotidien\n            <\/p>\n<p>\n                                    Lire la suite\n                                <\/p>\n","protected":false},"excerpt":{"rendered":"Le Conseil constitutionnel a valid\u00e9 ce jeudi 7 ao\u00fbt un nouveau mode de scrutin pour les\u00a0\u00e9lections municipales\u00a0\u00e0 Paris,&hellip;\n","protected":false},"author":2,"featured_media":303466,"comment_status":"","ping_status":"","sticky":false,"template":"","format":"standard","meta":{"footnotes":""},"categories":[1888],"tags":[11,4188,1777,674,107,1011,27,2428,12258,884,12,626,25],"class_list":{"0":"post-303465","1":"post","2":"type-post","3":"status-publish","4":"format-standard","5":"has-post-thumbnail","7":"category-paris","8":"tag-actualites","9":"tag-elections-municipales","10":"tag-eu","11":"tag-europe","12":"tag-fil-info","13":"tag-fr","14":"tag-france","15":"tag-lyon","16":"tag-maire-de-paris","17":"tag-marseille","18":"tag-news","19":"tag-paris","20":"tag-republique-francaise"},"share_on_mastodon":{"url":"https:\/\/pubeurope.com\/@fr\/114989173561661611","error":""},"_links":{"self":[{"href":"https:\/\/www.europesays.com\/fr\/wp-json\/wp\/v2\/posts\/303465","targetHints":{"allow":["GET"]}}],"collection":[{"href":"https:\/\/www.europesays.com\/fr\/wp-json\/wp\/v2\/posts"}],"about":[{"href":"https:\/\/www.europesays.com\/fr\/wp-json\/wp\/v2\/types\/post"}],"author":[{"embeddable":true,"href":"https:\/\/www.europesays.com\/fr\/wp-json\/wp\/v2\/users\/2"}],"replies":[{"embeddable":true,"href":"https:\/\/www.europesays.com\/fr\/wp-json\/wp\/v2\/comments?post=303465"}],"version-history":[{"count":0,"href":"https:\/\/www.europesays.com\/fr\/wp-json\/wp\/v2\/posts\/303465\/revisions"}],"wp:featuredmedia":[{"embeddable":true,"href":"https:\/\/www.europesays.com\/fr\/wp-json\/wp\/v2\/media\/303466"}],"wp:attachment":[{"href":"https:\/\/www.europesays.com\/fr\/wp-json\/wp\/v2\/media?parent=303465"}],"wp:term":[{"taxonomy":"category","embeddable":true,"href":"https:\/\/www.europesays.com\/fr\/wp-json\/wp\/v2\/categories?post=303465"},{"taxonomy":"post_tag","embeddable":true,"href":"https:\/\/www.europesays.com\/fr\/wp-json\/wp\/v2\/tags?post=303465"}],"curies":[{"name":"wp","href":"https:\/\/api.w.org\/{rel}","templated":true}]}}