{"id":303467,"date":"2025-08-07T19:38:10","date_gmt":"2025-08-07T19:38:10","guid":{"rendered":"https:\/\/www.europesays.com\/fr\/303467\/"},"modified":"2025-08-07T19:38:10","modified_gmt":"2025-08-07T19:38:10","slug":"poutine-qui-pourrait-se-reunir-avec-trump-dans-les-prochains-jours-refuse-toujours-de-rencontrer-zelensky","status":"publish","type":"post","link":"https:\/\/www.europesays.com\/fr\/303467\/","title":{"rendered":"Poutine, qui pourrait se r\u00e9unir avec Trump \u00ab\u00a0dans les prochains jours\u00a0\u00bb, refuse toujours de rencontrer Zelensky"},"content":{"rendered":"\n<p class=\"post__live-container--answer-text post__space-node\">Donald Trump a inform\u00e9 les partenaires europ\u00e9ens et Volodymyr Zelensky que Vladimir Poutine est ouvert \u00e0 des n\u00e9gociations si des \u00e9changes de territoires sont discut\u00e9s, rapporte l\u2019agence <a href=\"https:\/\/www.bloomberg.com\/news\/articles\/2025-08-07\/russia-says-putin-trump-meeting-to-take-place-in-next-few-days\" target=\"_blank\" rel=\"noopener nofollow\" title=\"Nouvelle fen\u00eatre\">Bloomberg<\/a>.<\/p>\n<p class=\"post__live-container--answer-text post__space-node\">Le pr\u00e9sident aurait fait cette annonce lors d\u2019un appel t\u00e9l\u00e9phonique mercredi, deux jours avant la fin de l\u2019ultimatum fix\u00e9 \u00e0 la Russie pour qu\u2019elle accepte un cessez-le-feu ou subisse des sanctions plus s\u00e9v\u00e8res des Etats-Unis.<\/p>\n<p class=\"post__live-container--answer-text post__space-node\">Selon le <a href=\"https:\/\/www.nytimes.com\/2025\/08\/06\/us\/politics\/trump-meeting-putin-zelensky.html\" target=\"_blank\" rel=\"noopener nofollow\" title=\"Nouvelle fen\u00eatre\">New York Times<\/a>, Voldoymyr Zelensky, le premier ministre britannique, Keir Starmer, le pr\u00e9sident finlandais, Alexander Stubb, le chancelier allemand, Friedrich Merz, le secr\u00e9taire g\u00e9n\u00e9ral de l\u2019OTAN, Mark Rutte, le vice-pr\u00e9sident am\u00e9ricain, J.\u00a0D. Vance, et le secr\u00e9taire d\u2019\u00c9tat am\u00e9ricain, Marco Rubio, ont particip\u00e9 \u00e0 l\u2019appel.<\/p>\n","protected":false},"excerpt":{"rendered":"Donald Trump a inform\u00e9 les partenaires europ\u00e9ens et Volodymyr Zelensky que Vladimir Poutine est ouvert \u00e0 des n\u00e9gociations&hellip;\n","protected":false},"author":2,"featured_media":302809,"comment_status":"","ping_status":"","sticky":false,"template":"","format":"standard","meta":{"footnotes":""},"categories":[1591],"tags":[11,1887,12,1885,1886,132],"class_list":{"0":"post-303467","1":"post","2":"type-post","3":"status-publish","4":"format-standard","5":"has-post-thumbnail","7":"category-russie","8":"tag-actualites","9":"tag-federation-de-russie","10":"tag-news","11":"tag-russia","12":"tag-russian-federation","13":"tag-russie"},"share_on_mastodon":{"url":"https:\/\/pubeurope.com\/@fr\/114989177457941593","error":""},"_links":{"self":[{"href":"https:\/\/www.europesays.com\/fr\/wp-json\/wp\/v2\/posts\/303467","targetHints":{"allow":["GET"]}}],"collection":[{"href":"https:\/\/www.europesays.com\/fr\/wp-json\/wp\/v2\/posts"}],"about":[{"href":"https:\/\/www.europesays.com\/fr\/wp-json\/wp\/v2\/types\/post"}],"author":[{"embeddable":true,"href":"https:\/\/www.europesays.com\/fr\/wp-json\/wp\/v2\/users\/2"}],"replies":[{"embeddable":true,"href":"https:\/\/www.europesays.com\/fr\/wp-json\/wp\/v2\/comments?post=303467"}],"version-history":[{"count":0,"href":"https:\/\/www.europesays.com\/fr\/wp-json\/wp\/v2\/posts\/303467\/revisions"}],"wp:featuredmedia":[{"embeddable":true,"href":"https:\/\/www.europesays.com\/fr\/wp-json\/wp\/v2\/media\/302809"}],"wp:attachment":[{"href":"https:\/\/www.europesays.com\/fr\/wp-json\/wp\/v2\/media?parent=303467"}],"wp:term":[{"taxonomy":"category","embeddable":true,"href":"https:\/\/www.europesays.com\/fr\/wp-json\/wp\/v2\/categories?post=303467"},{"taxonomy":"post_tag","embeddable":true,"href":"https:\/\/www.europesays.com\/fr\/wp-json\/wp\/v2\/tags?post=303467"}],"curies":[{"name":"wp","href":"https:\/\/api.w.org\/{rel}","templated":true}]}}