{"id":303470,"date":"2025-08-07T19:40:10","date_gmt":"2025-08-07T19:40:10","guid":{"rendered":"https:\/\/www.europesays.com\/fr\/303470\/"},"modified":"2025-08-07T19:40:10","modified_gmt":"2025-08-07T19:40:10","slug":"son-va-remporter-la-cdm-pour-les-usa","status":"publish","type":"post","link":"https:\/\/www.europesays.com\/fr\/303470\/","title":{"rendered":"Son va remporter la CDM&#8230; pour les USA"},"content":{"rendered":"<p><strong>Son Heung-min signe officiellement au LAFC pour 20 millions d\u2019euros. Il quitte Tottenham apr\u00e8s 10 saisons.<\/strong><\/p>\n<p>L\u2019arriv\u00e9e de <strong><a href=\"https:\/\/www.les-transferts.com\/joueur\/heung-min-son\/\" rel=\"nofollow noopener\" target=\"_blank\">Son Heung-min<\/a><\/strong> au <strong><a href=\"https:\/\/www.les-transferts.com\/club\/los-angeles-fc\/\" rel=\"nofollow noopener\" target=\"_blank\">Los Angeles FC<\/a><\/strong> marque un tournant majeur pour la Major League Soccer. \u00c0 33 ans, l\u2019ancien capitaine de <strong><a href=\"https:\/\/www.les-transferts.com\/club\/tottenham\/\" rel=\"nofollow noopener\" target=\"_blank\">Tottenham<\/a><\/strong> quitte la Premier League apr\u00e8s plus de <strong>10 saisons remarquables<\/strong>. Ce transfert est estim\u00e9 \u00e0 <strong><strong>23 millions d\u2019euros<\/strong><\/strong>.<\/p>\n<p>L\u2019international sud-cor\u00e9en a \u00e9t\u00e9 accueilli avec faste dans la m\u00e9tropole californienne. Lors d\u2019une c\u00e9r\u00e9monie publique, il a notamment rencontr\u00e9 la <strong>mairesse de Los Angeles, Karen Bass<\/strong>, et plusieurs figures politiques locales. Ce transfert s\u2019inscrit dans une strat\u00e9gie de <strong>renforcer la visibilit\u00e9 de la MLS \u00e0 l\u2019approche du Mondial 2026<\/strong>.<\/p>\n<p>Une pr\u00e9sentation marqu\u00e9e par une confusion diplomatique<\/p>\n<p>Lors de la conf\u00e9rence de pr\u00e9sentation, un <strong>moment g\u00eanant<\/strong> a suscit\u00e9 la surprise. La conseill\u00e8re municipale <strong>Heather Hutt<\/strong> a salu\u00e9 Son en \u00e9voquant son soutien\u2026 \u00e0 l\u2019\u00e9quipe des <strong>\u00c9tats-Unis<\/strong> pour la Coupe du monde 2026. Elle a d\u00e9clar\u00e9 publiquement :<\/p>\n<blockquote class=\"wp-block-quote is-layout-flow wp-block-quote-is-layout-flow\">\n<p>\u00ab<strong> Quand la Coupe du monde arrivera, nous attendons une victoire ici \u00e0 LA pour les USA. Nous sommes ici pour vous soutenir afin d\u2019y parvenir.<\/strong> \u00bb<\/p>\n<\/blockquote>\n<p>Une confusion de nationalit\u00e9 surprenante, surtout concernant l\u2019un des <strong>joueurs asiatiques les plus reconnus du football mondial<\/strong>. Malgr\u00e9 cette b\u00e9vue, <strong>Son est rest\u00e9 souriant<\/strong> et a maintenu une attitude respectueuse tout au long de l\u2019\u00e9v\u00e9nement.<\/p>\n<blockquote class=\"twitter-tweet\" data-width=\"500\" data-dnt=\"true\">\n<p lang=\"en\" dir=\"ltr\">\ud83c\uddfa\ud83c\uddf8\ud83c\uddf0\ud83c\uddf7 US politician mistakes Son Heung-min for an American<\/p>\n<p>\u201cWhen the World Cup comes, we are expecting a win here in LA for the USA. We are here to support you to get that done\u201d <a href=\"https:\/\/t.co\/eucc4YQFeB\" rel=\"nofollow\">pic.twitter.com\/eucc4YQFeB<\/a><\/p>\n<p>\u2014 Telegraph Football (@TeleFootball) <a href=\"https:\/\/twitter.com\/TeleFootball\/status\/1953381162413363396?ref_src=twsrc%5Etfw\" rel=\"nofollow noopener\" target=\"_blank\">August 7, 2025<\/a><\/p><\/blockquote>\n<p>Une l\u00e9gende de Tottenham tire sa r\u00e9v\u00e9rence<\/p>\n<p>Form\u00e9 au <strong>Hambourg SV<\/strong> avant d\u2019\u00e9clore au <strong>Bayer Leverkusen<\/strong>, Son Heung-min a rejoint Tottenham en 2015. En <strong>454 apparitions<\/strong> sous le maillot des Spurs, il a inscrit <strong>173 buts<\/strong>. Il a notamment remport\u00e9 le <strong>Prix Pusk\u00e1s 2020<\/strong> pour un but exceptionnel face \u00e0 Burnley.<\/p>\n<p>Capitaine des <strong>Spurs<\/strong> et de la <strong>Cor\u00e9e du Sud<\/strong>, il s\u2019est impos\u00e9 comme une r\u00e9f\u00e9rence en attaque gr\u00e2ce \u00e0 sa <strong>vitesse, sa technique et sa polyvalence<\/strong>. Son d\u00e9part, bien que pr\u00e9vu, a \u00e9mu les supporters londoniens.<\/p>\n<p>Une visibilit\u00e9 accrue pour le Mondial 2026<\/p>\n<p>La Coupe du monde 2026, organis\u00e9e conjointement par les <strong>\u00c9tats-Unis, le Canada et le Mexique<\/strong>, approche \u00e0 grands pas. Los Angeles figure parmi les <strong>villes h\u00f4tes<\/strong>. La signature d\u2019un joueur de la stature de Son contribue \u00e0 <strong>renforcer l\u2019int\u00e9r\u00eat mondial<\/strong> pour la MLS.<\/p>\n<p>Son profil international attire d\u00e9j\u00e0 <strong>les m\u00e9dias asiatiques<\/strong> et les sponsors. \u00c0 moyen terme, ce transfert pourrait engendrer <strong>une hausse de l\u2019audience<\/strong>, de la fr\u00e9quentation des stades et du <strong>merchandising autour du LAFC<\/strong>.<\/p>\n<p>Un passionn\u00e9 de football dont la seule crainte est de voir 3 d\u00e9fenseurs centraux dans les 11 !<\/p>\n<p><script async src=\"https:\/\/platform.twitter.com\/widgets.js\" charset=\"utf-8\"><\/script><\/p>\n","protected":false},"excerpt":{"rendered":"Son Heung-min signe officiellement au LAFC pour 20 millions d\u2019euros. Il quitte Tottenham apr\u00e8s 10 saisons. L\u2019arriv\u00e9e de&hellip;\n","protected":false},"author":2,"featured_media":303471,"comment_status":"","ping_status":"","sticky":false,"template":"","format":"standard","meta":{"footnotes":""},"categories":[1589],"tags":[11,73,1866,12,1864,1865,1863,308],"class_list":{"0":"post-303470","1":"post","2":"type-post","3":"status-publish","4":"format-standard","5":"has-post-thumbnail","7":"category-etats-unis","8":"tag-actualites","9":"tag-etats-unis","10":"tag-etats-unis-damerique","11":"tag-news","12":"tag-united-states","13":"tag-united-states-of-america","14":"tag-us","15":"tag-usa"},"share_on_mastodon":{"url":"https:\/\/pubeurope.com\/@fr\/114989185378316503","error":""},"_links":{"self":[{"href":"https:\/\/www.europesays.com\/fr\/wp-json\/wp\/v2\/posts\/303470","targetHints":{"allow":["GET"]}}],"collection":[{"href":"https:\/\/www.europesays.com\/fr\/wp-json\/wp\/v2\/posts"}],"about":[{"href":"https:\/\/www.europesays.com\/fr\/wp-json\/wp\/v2\/types\/post"}],"author":[{"embeddable":true,"href":"https:\/\/www.europesays.com\/fr\/wp-json\/wp\/v2\/users\/2"}],"replies":[{"embeddable":true,"href":"https:\/\/www.europesays.com\/fr\/wp-json\/wp\/v2\/comments?post=303470"}],"version-history":[{"count":0,"href":"https:\/\/www.europesays.com\/fr\/wp-json\/wp\/v2\/posts\/303470\/revisions"}],"wp:featuredmedia":[{"embeddable":true,"href":"https:\/\/www.europesays.com\/fr\/wp-json\/wp\/v2\/media\/303471"}],"wp:attachment":[{"href":"https:\/\/www.europesays.com\/fr\/wp-json\/wp\/v2\/media?parent=303470"}],"wp:term":[{"taxonomy":"category","embeddable":true,"href":"https:\/\/www.europesays.com\/fr\/wp-json\/wp\/v2\/categories?post=303470"},{"taxonomy":"post_tag","embeddable":true,"href":"https:\/\/www.europesays.com\/fr\/wp-json\/wp\/v2\/tags?post=303470"}],"curies":[{"name":"wp","href":"https:\/\/api.w.org\/{rel}","templated":true}]}}