{"id":303472,"date":"2025-08-07T19:41:13","date_gmt":"2025-08-07T19:41:13","guid":{"rendered":"https:\/\/www.europesays.com\/fr\/303472\/"},"modified":"2025-08-07T19:41:13","modified_gmt":"2025-08-07T19:41:13","slug":"mannequins-trop-maigres-zara-epingle-au-royaume-uni","status":"publish","type":"post","link":"https:\/\/www.europesays.com\/fr\/303472\/","title":{"rendered":"Mannequins trop maigres : Zara \u00e9pingl\u00e9 au Royaume-Uni"},"content":{"rendered":"<p><strong>\u00c0 l\u2019heure o\u00f9 les messages visuels circulent massivement en ligne, les autorit\u00e9s de r\u00e9gulation multiplient les mises en garde contre les standards esth\u00e9tiques jug\u00e9s dangereux, notamment pour les plus jeunes. Le Royaume-Uni, en particulier, surveille \u00e9troitement les pratiques publicitaires des grandes enseignes, appel\u00e9es \u00e0 assumer une responsabilit\u00e9 sociale dans le choix de leurs visuels.<\/strong><\/p>\n<p>Le r\u00e9gulateur britannique de la publicit\u00e9 a demand\u00e9 au groupe de v\u00eatements espagnol Zara de retirer deux images de son site internet, jug\u00e9es \u00abirresponsables\u00bb car mettant en sc\u00e8ne des mannequins \u00e0 la \u00abmaigreur malsaine\u00bb, selon une d\u00e9cision publi\u00e9e mercredi. Des photos, publi\u00e9es dans des carrousels li\u00e9s \u00e0 des fiches produit, \u00abne doivent plus appara\u00eetre sous la forme qui a fait l\u2019objet de la plainte\u00bb, \u00e9crit l\u2019Advertising standard authority (ASA) dans sa d\u00e9cision, demandant \u00e0 Zara de ne plus utiliser d\u2019images de mannequins \u00e0 la \u00abmaigreur malsaine\u00bb.<\/p>\n<p>L\u2019ASA estime que, dans l\u2019une des photos, qui montre un mannequin en chemise oversize, un \u00abpoint focal\u00bb est cr\u00e9\u00e9 autour de la clavicule, qui ressort \u00abvisiblement\u00bb. La position du mod\u00e8le, \u00abcombin\u00e9e au port d\u2019un haut ample\u00bb donne en outre \u00abl\u2019impression\u00bb que ses bras, ses \u00e9paules et sa poitrine sont \u00abtr\u00e8s minces\u00bb.<\/p>\n<p>La seconde image montre un mannequin en robe courte, au visage \u00abl\u00e9g\u00e8rement \u00e9maci\u00e9\u00bb, a la clavicule \u00abvisiblement saillante\u00bb et aux jambes \u00abparticuli\u00e8rement minces\u00bb. Zara a indiqu\u00e9 lors de l\u2019enqu\u00eate avoir suivi les recommandations britanniques, en demandant aux deux mod\u00e8les concern\u00e9es \u00abun certificat m\u00e9dical attestant de leur bonne sant\u00e9\u00bb avant de les embaucher.<\/p>\n<p>\u00abNous nous engageons \u00e0 proposer un contenu responsable et suivons des directives et des contr\u00f4les stricts dans la s\u00e9lection et la photographie des mannequins\u00bb, a assur\u00e9 mercredi un porte-parole de Zara au Royaume-Uni, confirmant que les images avaient \u00e9t\u00e9 retir\u00e9es.<\/p>\n<p>Dans des cas similaires, l\u2019ASA a d\u00e9j\u00e0 banni des images de Next ou de Marks &amp; Spencer cette ann\u00e9e.<\/p>\n<p>S.N. avec agences \/ Les Inspirations \u00c9CO<\/p>\n","protected":false},"excerpt":{"rendered":"\u00c0 l\u2019heure o\u00f9 les messages visuels circulent massivement en ligne, les autorit\u00e9s de r\u00e9gulation multiplient les mises en&hellip;\n","protected":false},"author":2,"featured_media":303473,"comment_status":"","ping_status":"","sticky":false,"template":"","format":"standard","meta":{"footnotes":""},"categories":[1588],"tags":[11,1777,674,12,473,1853,1851,1850,1852,30403],"class_list":{"0":"post-303472","1":"post","2":"type-post","3":"status-publish","4":"format-standard","5":"has-post-thumbnail","7":"category-royaume-uni","8":"tag-actualites","9":"tag-eu","10":"tag-europe","11":"tag-news","12":"tag-royaume-uni","13":"tag-royaume-uni-de-grande-bretagne-et-dirlande-du-nord","14":"tag-uk","15":"tag-united-kingdom","16":"tag-united-kingdom-of-great-britain-and-northern-ireland","17":"tag-zara"},"share_on_mastodon":{"url":"https:\/\/pubeurope.com\/@fr\/114989189328282090","error":""},"_links":{"self":[{"href":"https:\/\/www.europesays.com\/fr\/wp-json\/wp\/v2\/posts\/303472","targetHints":{"allow":["GET"]}}],"collection":[{"href":"https:\/\/www.europesays.com\/fr\/wp-json\/wp\/v2\/posts"}],"about":[{"href":"https:\/\/www.europesays.com\/fr\/wp-json\/wp\/v2\/types\/post"}],"author":[{"embeddable":true,"href":"https:\/\/www.europesays.com\/fr\/wp-json\/wp\/v2\/users\/2"}],"replies":[{"embeddable":true,"href":"https:\/\/www.europesays.com\/fr\/wp-json\/wp\/v2\/comments?post=303472"}],"version-history":[{"count":0,"href":"https:\/\/www.europesays.com\/fr\/wp-json\/wp\/v2\/posts\/303472\/revisions"}],"wp:featuredmedia":[{"embeddable":true,"href":"https:\/\/www.europesays.com\/fr\/wp-json\/wp\/v2\/media\/303473"}],"wp:attachment":[{"href":"https:\/\/www.europesays.com\/fr\/wp-json\/wp\/v2\/media?parent=303472"}],"wp:term":[{"taxonomy":"category","embeddable":true,"href":"https:\/\/www.europesays.com\/fr\/wp-json\/wp\/v2\/categories?post=303472"},{"taxonomy":"post_tag","embeddable":true,"href":"https:\/\/www.europesays.com\/fr\/wp-json\/wp\/v2\/tags?post=303472"}],"curies":[{"name":"wp","href":"https:\/\/api.w.org\/{rel}","templated":true}]}}