{"id":303474,"date":"2025-08-07T19:42:10","date_gmt":"2025-08-07T19:42:10","guid":{"rendered":"https:\/\/www.europesays.com\/fr\/303474\/"},"modified":"2025-08-07T19:42:10","modified_gmt":"2025-08-07T19:42:10","slug":"rayan-ghrieb-quitte-officiellement-en-avant-guingamp-pour-lallemagne","status":"publish","type":"post","link":"https:\/\/www.europesays.com\/fr\/303474\/","title":{"rendered":"Rayan Ghrieb quitte officiellement En Avant Guingamp pour l\u2019Allemagne"},"content":{"rendered":"<p>En Avant Guingamp savait bien qu\u2019il serait difficile de le retenir. Rayan Ghrieb quitte officiellement les C\u00f4tes-d\u2019Armor pour rejoindre l\u2019Allemagne et le club de Magdebourg, en deuxi\u00e8me division. Alors qu\u2019il \u00e9tait sous contrat avec le club breton jusqu\u2019en 2026, le gaucher de 26 ans aurait manifest\u00e9, ses derniers jours, <a href=\"https:\/\/www.letelegramme.fr\/sports\/football\/guingamp\/en-avant-guingamp-peut-il-encore-retenir-rayan-ghrieb-6864980.php\" target=\"_blank\" rel=\"noopener\">son souhait de partir selon nos informations<\/a>.<\/p>\n<blockquote class=\"twitter-tweet\">\n<p lang=\"fr\" dir=\"ltr\">\\ud83d\\udd34 Arriv\u00e9 \u00e0 \ud835\uddd8\ud835\uddfb \ud835\uddd4\ud835\ude03\ud835\uddee\ud835\uddfb\ud835\ude01 \ud835\uddda\ud835\ude02\ud835\uddf6\ud835\uddfb\ud835\uddf4\ud835\uddee\ud835\uddfa\ud835\uddfd en ao\u00fbt 2024 en provenance de Dunkerque, \ud835\udde5\ud835\uddee\ud835\ude06\ud835\uddee\ud835\uddfb \ud835\uddda\ud835\uddf5\ud835\uddff\ud835\uddf6\ud835\uddf2\ud835\uddef est transf\u00e9r\u00e9 \u00e0 Magdebourg, pensionnaire de deuxi\u00e8me division allemande.<a href=\"https:\/\/twitter.com\/hashtag\/TeamEAG?src=hash&amp;ref_src=twsrc%5Etfw\" target=\"_blank\" rel=\"noopener\">#TeamEAG<\/a><a href=\"https:\/\/twitter.com\/hashtag\/WarRaok?src=hash&amp;ref_src=twsrc%5Etfw\" target=\"_blank\" rel=\"noopener\">#WarRaok<\/a><\/p>\n<p>\\u2795 d&rsquo;infos \\u2935\\ufe0f<\/p>\n<p>\u2014 En Avant Guingamp (@EAGuingamp) <a href=\"https:\/\/twitter.com\/EAGuingamp\/status\/1953503969252389342?ref_src=twsrc%5Etfw\" target=\"_blank\" rel=\"noopener\">August 7, 2025<\/a><\/p><\/blockquote>\n<p>Une piste pour le remplacer<\/p>\n<p>Il avait port\u00e9 les couleurs rouge et noir \u00e0 32 reprises, toutes comp\u00e9titions confondues. Il avait inscrit 9 buts et d\u00e9livr\u00e9 3 passes d\u00e9cisives. C\u2019est donc un nouveau d\u00e9part de poids que Guingamp doit recenser apr\u00e8s ceux d\u2019Hugo Picard \u00e0 Colombus Crew (MLS) et de Brighton Labeau au FC Thoune (Suisse). Selon nos informations, le club costarmoricain aurait une piste pour remplacer Ghrieb. Il s\u2019agirait de Gautier Ott, gaucher de 23 ans, qui \u00e9voluait la saison pass\u00e9e \u00e0 l\u2019Acad\u00e9mico Viseu FC, en deuxi\u00e8me division portugaise.<\/p>\n<p>Pendant ce temps, les joueurs guingampais qui disposent d\u2019un bon de sortie pour ce mercato (Alpha Sissoko, Kalidou Sidib\u00e9 et Jacques Siwe) peinent \u00e0 susciter les convoitises.<\/p>\n<p><script async src=\"https:\/\/platform.twitter.com\/widgets.js\" charset=\"utf-8\"><\/script><\/p>\n","protected":false},"excerpt":{"rendered":"En Avant Guingamp savait bien qu\u2019il serait difficile de le retenir. Rayan Ghrieb quitte officiellement les C\u00f4tes-d\u2019Armor pour&hellip;\n","protected":false},"author":2,"featured_media":303475,"comment_status":"","ping_status":"","sticky":false,"template":"","format":"standard","meta":{"footnotes":""},"categories":[1587],"tags":[11,672,1804,1805,1803,9594,3166,1777,674,63,1801,4044,446,38331,30393,12,1802,60],"class_list":{"0":"post-303474","1":"post","2":"type-post","3":"status-publish","4":"format-standard","5":"has-post-thumbnail","7":"category-allemagne","8":"tag-actualites","9":"tag-allemagne","10":"tag-bundesrepublik-deutschland","11":"tag-de","12":"tag-deutschland","13":"tag-en-avant-guingamp","14":"tag-en-continu-sports","15":"tag-eu","16":"tag-europe","17":"tag-football","18":"tag-germany","19":"tag-guingamp","20":"tag-ligue-2","21":"tag-mercato-eag","22":"tag-mercato-pro","23":"tag-news","24":"tag-republique-federale-dallemagne","25":"tag-sports"},"share_on_mastodon":{"url":"https:\/\/pubeurope.com\/@fr\/114989193205248185","error":""},"_links":{"self":[{"href":"https:\/\/www.europesays.com\/fr\/wp-json\/wp\/v2\/posts\/303474","targetHints":{"allow":["GET"]}}],"collection":[{"href":"https:\/\/www.europesays.com\/fr\/wp-json\/wp\/v2\/posts"}],"about":[{"href":"https:\/\/www.europesays.com\/fr\/wp-json\/wp\/v2\/types\/post"}],"author":[{"embeddable":true,"href":"https:\/\/www.europesays.com\/fr\/wp-json\/wp\/v2\/users\/2"}],"replies":[{"embeddable":true,"href":"https:\/\/www.europesays.com\/fr\/wp-json\/wp\/v2\/comments?post=303474"}],"version-history":[{"count":0,"href":"https:\/\/www.europesays.com\/fr\/wp-json\/wp\/v2\/posts\/303474\/revisions"}],"wp:featuredmedia":[{"embeddable":true,"href":"https:\/\/www.europesays.com\/fr\/wp-json\/wp\/v2\/media\/303475"}],"wp:attachment":[{"href":"https:\/\/www.europesays.com\/fr\/wp-json\/wp\/v2\/media?parent=303474"}],"wp:term":[{"taxonomy":"category","embeddable":true,"href":"https:\/\/www.europesays.com\/fr\/wp-json\/wp\/v2\/categories?post=303474"},{"taxonomy":"post_tag","embeddable":true,"href":"https:\/\/www.europesays.com\/fr\/wp-json\/wp\/v2\/tags?post=303474"}],"curies":[{"name":"wp","href":"https:\/\/api.w.org\/{rel}","templated":true}]}}