{"id":303486,"date":"2025-08-07T19:50:11","date_gmt":"2025-08-07T19:50:11","guid":{"rendered":"https:\/\/www.europesays.com\/fr\/303486\/"},"modified":"2025-08-07T19:50:11","modified_gmt":"2025-08-07T19:50:11","slug":"top-14-pro-d2-le-challenge-vaquerin-naura-pas-lieu-en-2025","status":"publish","type":"post","link":"https:\/\/www.europesays.com\/fr\/303486\/","title":{"rendered":"Top 14 \/ Pro D2 \u2013 Le Challenge Vaquerin n\u2019aura pas lieu en 2025"},"content":{"rendered":"<p>\n                Habituel temps fort du calendrier estival, le c\u00e9l\u00e8bre Challenge Vaquerin n\u2019aura pas lieu en cet \u00e9t\u00e9 2025. Voici pourquoi\u2026\n            <\/p>\n<p>Depuis 30 ans, le Challenge Vaquerin \u00e9tait comme un phare dans l\u2019\u00e9t\u00e9 des rugbymen. Aux confins de l\u2019Aveyron et du Tarn, entre Millau, Saint-Affrique, Camar\u00e8s ou Mazamet, ce Tournoi amical cr\u00e9\u00e9\u00a0en hommage au l\u00e9gendaire pilier international biterrois Armand Vaquerin (26 s\u00e9lections) marquait le premier point de passage avant la reprise des comp\u00e9titions officielles.\u00a0Il permettait aux clubs de valider leurs pr\u00e9parations en s\u2019opposant \u00e0 des \u00e9quipes\u00a0aux profils divers et vari\u00e9s (parfois \u00e9trang\u00e8res) pour s\u2019offrir une derni\u00e8re revue d\u2019effectif en pr\u00e9ambule du rugby \u00ab\u00a0\u00e0 balles r\u00e9elles\u00a0\u00bb.\u00a0Le tout dans une ambiance d\u00e9tendue, loin de la pression des championnats, dans des stades champ\u00eatres baign\u00e9s par des effluves de bi\u00e8res et de\u00a0grillades.<\/p>\n<p><strong><a href=\"https:\/\/www.rugbyrama.fr\/2024\/08\/16\/elections-de-la-ffr-didier-codorniou-candidat-a-la-presidence-de-la-ffr-en-visite-au-challenge-vaquerin-12145028.php\" target=\"_self\" rel=\"nofollow noopener\">Tr\u00e8s appr\u00e9ci\u00e9 par tous les acteurs,<\/a><\/strong> le Challenge Vaquerin n\u2019aura pourtant pas lieu en 2025. La faute \u00e0 une certaine usure physique et mentale de l\u2019organisateur Franck Vaquerin, neveu d\u2019Armand, qui aurait aim\u00e9 trouver quelqu\u2019un pour le seconder et porter avec lui l\u2019organisation de cette \u00e9dition\u00a0: \u00ab\u00a0Il y a d\u00e9j\u00e0 deux ans que je tire la sonnette d\u2019alarme, explique Franck Vaquerin. Organiser le Challenge me demande beaucoup de temps et d\u2019\u00e9nergie depuis 30 ans. J\u2019aurais aim\u00e9 passer le flambeau, trouver quelqu\u2019un pour m\u2019aider mais personne ne s\u2019est manifest\u00e9.\u00a0\u00bb Il faut dire que l\u2019organisation de cet \u00e9v\u00e9n\u00e9ment, toujours salu\u00e9e par les diff\u00e9rentes parties prenantes, est un v\u00e9ritable travail de fourmi\u00a0: \u00ab\u00a0Financi\u00e8rement, il n\u2019y a aucun souci, le Challenge se porte tr\u00e8s bien. Attirer les \u00e9quipes n\u2019est pas un probl\u00e8me non plus. C\u2019est administrativement que c\u2019est beaucoup plus compliqu\u00e9.\u00a0\u00bb Il faut dire que les derni\u00e8res \u00e9ditions avaient \u00e9t\u00e9 quelque peu plomb\u00e9es par la suspension de certains\u00a0terrains d\u00e9di\u00e9s au tournoi et que les normes devenaient de plus en plus contraignantes \u00e0 tenir.<\/p>\n<p>Une lueur d\u2019espoir<\/p>\n<p>Bonne nouvelle toutefois, Franck Vaquerin ne ferme pas la porte \u00e0 un retour du Tournoi \u00e0 l\u2019\u00e9t\u00e9 2026\u00a0: \u00ab\u00a0Nous allons essayer de nous r\u00e9unir \u00e0 la rentr\u00e9e 2025 pour mettre les choses \u00e0 plat et essayer de relancer le Challenge.\u00a0\u00bb On l\u2019aura compris, toutes les bonnes volont\u00e9s seront les bienvenues pour redonner de l\u2019\u00e9lan \u00e0 la manifestation trentenaire.<\/p>\n","protected":false},"excerpt":{"rendered":"Habituel temps fort du calendrier estival, le c\u00e9l\u00e8bre Challenge Vaquerin n\u2019aura pas lieu en cet \u00e9t\u00e9 2025. Voici&hellip;\n","protected":false},"author":2,"featured_media":303487,"comment_status":"","ping_status":"","sticky":false,"template":"","format":"standard","meta":{"footnotes":""},"categories":[1416],"tags":[1011,27,479,1468,60],"class_list":{"0":"post-303486","1":"post","2":"type-post","3":"status-publish","4":"format-standard","5":"has-post-thumbnail","7":"category-rugby","8":"tag-fr","9":"tag-france","10":"tag-rugby","11":"tag-rugby-football","12":"tag-sports"},"share_on_mastodon":{"url":"https:\/\/pubeurope.com\/@fr\/114989224703793722","error":""},"_links":{"self":[{"href":"https:\/\/www.europesays.com\/fr\/wp-json\/wp\/v2\/posts\/303486","targetHints":{"allow":["GET"]}}],"collection":[{"href":"https:\/\/www.europesays.com\/fr\/wp-json\/wp\/v2\/posts"}],"about":[{"href":"https:\/\/www.europesays.com\/fr\/wp-json\/wp\/v2\/types\/post"}],"author":[{"embeddable":true,"href":"https:\/\/www.europesays.com\/fr\/wp-json\/wp\/v2\/users\/2"}],"replies":[{"embeddable":true,"href":"https:\/\/www.europesays.com\/fr\/wp-json\/wp\/v2\/comments?post=303486"}],"version-history":[{"count":0,"href":"https:\/\/www.europesays.com\/fr\/wp-json\/wp\/v2\/posts\/303486\/revisions"}],"wp:featuredmedia":[{"embeddable":true,"href":"https:\/\/www.europesays.com\/fr\/wp-json\/wp\/v2\/media\/303487"}],"wp:attachment":[{"href":"https:\/\/www.europesays.com\/fr\/wp-json\/wp\/v2\/media?parent=303486"}],"wp:term":[{"taxonomy":"category","embeddable":true,"href":"https:\/\/www.europesays.com\/fr\/wp-json\/wp\/v2\/categories?post=303486"},{"taxonomy":"post_tag","embeddable":true,"href":"https:\/\/www.europesays.com\/fr\/wp-json\/wp\/v2\/tags?post=303486"}],"curies":[{"name":"wp","href":"https:\/\/api.w.org\/{rel}","templated":true}]}}