{"id":303490,"date":"2025-08-07T19:53:19","date_gmt":"2025-08-07T19:53:19","guid":{"rendered":"https:\/\/www.europesays.com\/fr\/303490\/"},"modified":"2025-08-07T19:53:19","modified_gmt":"2025-08-07T19:53:19","slug":"un-talent-eclipse-par-la-crise-chez-ktm","status":"publish","type":"post","link":"https:\/\/www.europesays.com\/fr\/303490\/","title":{"rendered":"Un talent \u00e9clips\u00e9 par la crise chez KTM"},"content":{"rendered":"<p>\ud83c\uddea\ud83c\uddf8 Pedro Acosta : Un Jeune Ph\u00e9nom\u00e8ne sous le Feu des Projecteurs<img decoding=\"async\" src=\"https:\/\/www.europesays.com\/fr\/wp-content\/uploads\/2025\/08\/68946ad529d217d0ee05f174_GnG_1203049_HiRes.jpeg\" alt=\"Les d\u00e9monstrations d'Acosta d\u00e9tournent de la vraie probl\u00e9matique KTM\"\/><\/p>\n<p>Le nom de Pedro Acosta revient en boucle dans le paddock MotoGP. Certains l&rsquo;accusent de ne pas gagner assez, d\u2019autres pointent du doigt une attitude jug\u00e9e arrogante pour son parcours encore jeune ou la gestion maladroite des rumeurs l\u2019associant \u00e0 <a href=\"https:\/\/www.ducati.com\/fr\/fr\/home\" target=\"_blank\" rel=\"nofollow noopener\">Ducati<\/a>. Pourtant, Pedro Acosta occupe une place particuli\u00e8re dans l\u2019effectif <a href=\"https:\/\/www.ktm.com\/fr-fr.html\" target=\"_blank\" rel=\"nofollow noopener\">KTM<\/a>\u202f: il d\u00e9tient une avance de 55 points sur le second meilleur pilote de la marque autrichienne. Cette domination \u00e9crasante contraste avec les d\u00e9bats st\u00e9riles qui animent les discussions, alors m\u00eame que le probl\u00e8me fondamental de <a href=\"https:\/\/www.ktm.com\/fr-fr.html\" target=\"_blank\" rel=\"nofollow noopener\">KTM<\/a> n\u2019a rien \u00e0 voir avec le comportement d\u2019Acosta, mais bien avec l\u2019ensemble de leur organisation sportive.<\/p>\n<p>La majorit\u00e9 des reproches visant Acosta semblent d\u00e9connect\u00e9es de la r\u00e9alit\u00e9 du circuit. Oui, il fait parfois preuve d\u2019impulsivit\u00e9 m\u00e9diatique, reconnaissant d\u2019ailleurs lui-m\u00eame que son \u00ab\u202fcaract\u00e8re difficile\u202f\u00bb complique la gestion de son \u00e9quipe. Pourtant, ses erreurs sur la piste restent minoritaires\u202f: quelques abandons apr\u00e8s des accidents, ou des batailles perdues face \u00e0 Maverick Vinales, un pilote \u00e0 l\u2019exp\u00e9rience et au talent ind\u00e9niables.<\/p>\n<p>Apr\u00e8s une intervention chirurgicale post-Jerez pour un syndrome des loges, Acosta n\u2019a cess\u00e9 de rappeler ses performances remarquables, et avec raison\u202f: il est clairement le leader <a href=\"https:\/\/www.ktm.com\/fr-fr.html\" target=\"_blank\" rel=\"nofollow noopener\">KTM<\/a> depuis le d\u00e9but de la saison. Face \u00e0 la temp\u00eate, il incarne aujourd&rsquo;hui la constance, au point que ses d\u00e9tracteurs ne peuvent que constater les chiffres. Dans la myriade de d\u00e9fis que rencontre KTM, la r\u00e9gularit\u00e9 d\u2019Acosta ne fait pas d\u00e9faut\u202f: et au contraire, son co\u00e9quipier rencontre bien plus de soucis.<\/p>\n<p>\ud83d\udcc9 Un Tableau de Bord des Statistiques 2025\u202f: La Supr\u00e9matie d\u2019Acosta et la D\u00e9route Collective<img decoding=\"async\" src=\"https:\/\/www.europesays.com\/fr\/wp-content\/uploads\/2025\/08\/68946ad629d217d0ee05f1d0_GnG_1249612_HiRes.jpeg\" alt=\"Les d\u00e9monstrations d'Acosta d\u00e9tournent de la vraie probl\u00e9matique KTM\"\/>Points en 2025<\/p>\n<p><strong>Pedro Acosta<\/strong> &#8211; 124<br \/><strong>Maverick Vinales<\/strong> &#8211; 69<br \/><strong>Brad Binder<\/strong> &#8211; 68<br \/><strong>Enea Bastianini<\/strong> &#8211; 49<\/p>\n<p>Arriv\u00e9es dans le top cinq (sprints et GPs)<\/p>\n<p><strong>Pedro Acosta<\/strong> &#8211; 6<br \/><strong>Maverick Vinales<\/strong> &#8211; 5<br \/><strong>Enea Bastianini<\/strong> &#8211; 1<br \/><strong>Brad Binder<\/strong> &#8211; 0<\/p>\n<p>Classement moyen dans les \u00e9valuations pilotes<\/p>\n<p><strong>Pedro Acosta<\/strong> &#8211; 8.4<br \/><strong>Maverick Vinales<\/strong> &#8211; 8.8<br \/><strong>Brad Binder<\/strong> &#8211; 13.3<br \/><strong>Enea Bastianini<\/strong> &#8211; 15.3<\/p>\n<p><img decoding=\"async\" src=\"https:\/\/www.europesays.com\/fr\/wp-content\/uploads\/2025\/08\/68946ad629d217d0ee05f1dd_GnG_1249421_HiRes.jpeg\" alt=\"Les d\u00e9monstrations d'Acosta d\u00e9tournent de la vraie probl\u00e9matique KTM\"\/><\/p>\n<p>Brad Binder, autrefois mod\u00e8le de r\u00e9gularit\u00e9 chez KTM, traverse actuellement une saison difficile. Entre 2021 et 2024, il s\u2019\u00e9tait forg\u00e9 une r\u00e9putation solide avec des classements de sixi\u00e8me, sixi\u00e8me, quatri\u00e8me puis cinqui\u00e8me au championnat. Pourtant, en 2025, tout semble d\u00e9railler. Sa capacit\u00e9 \u00e0 grappiller des points dans des situations compliqu\u00e9es n\u2019\u00e9clipse plus la r\u00e9alit\u00e9\u202f: il n\u2019a plus la vitesse qui faisait autrefois sa force.<\/p>\n<p>Le d\u00e9tail des positions de d\u00e9part est r\u00e9v\u00e9lateur\u202f: Binder commence quasi-syst\u00e9matiquement loin sur la grille par manque de vitesse pure, for\u00e7ant ses remont\u00e9es spectaculaires pour limiter les d\u00e9g\u00e2ts. Mais malgr\u00e9 son fighting spirit, accumuler les positions gagn\u00e9es ne suffit plus lorsque chaque week-end d\u00e9bute avec un handicap\u202f: le peloton s\u2019est densifi\u00e9, et le temps file pour inverser la tendance.<\/p>\n<p><img decoding=\"async\" src=\"https:\/\/www.europesays.com\/fr\/wp-content\/uploads\/2025\/08\/68946ad629d217d0ee05f1cd_GnG_1242131_HiRes.jpeg\" alt=\"Les d\u00e9monstrations d'Acosta d\u00e9tournent de la vraie probl\u00e9matique KTM\"\/><\/p>\n<p>Face \u00e0 Acosta, la comparaison est frappante\u202f: 32-0 en qualifications face \u00e0 ses co\u00e9quipiers, dont 12 succ\u00e8s cons\u00e9cutifs sur Binder en 2025\u202f! Certes, la jeune \u00e9toile espagnole s\u2019est aussi confront\u00e9e \u00e0 un Augusto Fernandez peu comp\u00e9titif l\u2019ann\u00e9e pr\u00e9c\u00e9dente, mais en 2025, elle prouve que le leadership chez KTM a chang\u00e9 de visage. Si Vinales a d\u00e9montr\u00e9 cette saison que Binder n\u2019est pas imbattable, force est de constater que le Sud-Africain a perdu la main sur une de ses forces majeures.<\/p>\n<p>\u2699\ufe0f KTM sous Pression : MotoGP, L\u2019\u00c9volution Impossible ?<\/p>\n<p>\u00ab\u202fNous commen\u00e7ons \u00e0 comprendre certains \u00e9l\u00e9ments, m\u00eame si cela ne saute pas aux yeux\u202f\u00bb, analyse Binder avec sa franchise caract\u00e9ristique. Pourtant, un foss\u00e9 se creuse entre les intentions et la r\u00e9alit\u00e9 des r\u00e9sultats. L\u2019espoir de progresser lors de la deuxi\u00e8me moiti\u00e9 de saison se heurte \u00e0 une tendance persistante et peu encourageante : sur l\u2019ensemble de sa carri\u00e8re, son pourcentage de points marqu\u00e9s se situe autour de 31% sur chaque moiti\u00e9 de saison \u2014 preuve que le r\u00e9cit de la remont\u00e9e syst\u00e9matique au fil de l\u2019ann\u00e9e rel\u00e8ve davantage du wishful thinking que d\u2019une v\u00e9rit\u00e9 math\u00e9matique.<\/p>\n<p><img decoding=\"async\" src=\"https:\/\/www.europesays.com\/fr\/wp-content\/uploads\/2025\/08\/68946ad629d217d0ee05f1d3_GnG_1202532_HiRes.jpeg\" alt=\"Les d\u00e9monstrations d'Acosta d\u00e9tournent de la vraie probl\u00e9matique KTM\"\/><\/p>\n<p>Le c\u0153ur du probl\u00e8me r\u00e9side dans l\u2019\u00e9volution technique de la <a href=\"https:\/\/www.ktm.com\/fr-fr\/models\/supersport\/ktm-rc16.html\" target=\"_blank\" rel=\"nofollow noopener\">KTM RC16<\/a>. Les modifications apport\u00e9es entre la saison pr\u00e9c\u00e9dente et celle-ci semblent avoir p\u00e9nalis\u00e9 les pilotes au style incisif comme Binder. \u00ab\u202fJe ne suis pas un pilote fluide\u202f\u00bb, admet-il. Or, la nouvelle version de la machine exige un pilotage plus propre. Le Sud-Africain tente de s\u2019adapter, sans succ\u00e8s\u202f: chaque freinage brutal perturbe le ch\u00e2ssis et ruine son rythme.<\/p>\n<p>R\u00e9sultat\u202f: m\u00eame lorsqu\u2019il r\u00e9alise un week-end propre, un plafond invisible semble l\u2019emp\u00eacher d\u2019atteindre les places auxquelles il pouvait pr\u00e9tendre pr\u00e9c\u00e9demment. L\u2019\u00e9quilibre entre attaque et gestion du potentiel de la moto para\u00eet bris\u00e9.<\/p>\n<p><img decoding=\"async\" src=\"https:\/\/www.europesays.com\/fr\/wp-content\/uploads\/2025\/08\/68946ad629d217d0ee05f1c1_GnG_1246741_HiRes.jpeg\" alt=\"Les d\u00e9monstrations d'Acosta d\u00e9tournent de la vraie probl\u00e9matique KTM\"\/>Tours de Binder pass\u00e9s dans le top 4 le dimanche<\/p>\n<p><strong>2020<\/strong>: 30<br \/><strong>2021<\/strong>: 9<br \/><strong>2022<\/strong>: 87<br \/><strong>2023<\/strong>: 207<br \/><strong>2024<\/strong>: 81<br \/><strong>2025 (en cours)<\/strong>: 0<\/p>\n<p>Lorsque Binder prenait la piste avec la RC16 il y a deux ans, la moto semblait limiter son potentiel. Aujourd\u2019hui, le blocage semble invers\u00e9\u202f: il n\u2019arrive plus \u00e0 exploiter une machine qui ne se plie plus \u00e0 ses caprices. KTM reconna\u00eet la difficult\u00e9 d\u2019adapter la technologie \u00e0 chaque style, mais la dynamique ultra-comp\u00e9titive du MotoGP exige une adaptation permanente \u2013 de la machine, mais aussi du pilote. Seul Vinales semble avoir trouv\u00e9 la recette, puis Acosta a pris le relais. Pour Binder, la solution technique semble encore hors de port\u00e9e.<\/p>\n<p><img decoding=\"async\" src=\"https:\/\/www.europesays.com\/fr\/wp-content\/uploads\/2025\/08\/68946ad629d217d0ee05f1ca_GnG_1249593_HiRes.jpeg\" alt=\"Les d\u00e9monstrations d'Acosta d\u00e9tournent de la vraie probl\u00e9matique KTM\"\/><\/p>\n<p>Aucune r\u00e9volution n\u2019est \u00e0 l\u2019ordre du jour\u202f: KTM doit retrouver la confiance de son pilote historique, tout en donnant aux autres l\u2019opportunit\u00e9 de pousser la RC16 \u00e0 son apog\u00e9e. Le moral du groupe en d\u00e9pend : sans cette confiance, tous les r\u00e9glages deviennent st\u00e9riles. Le potentiel est pourtant l\u00e0, comme l\u2019a d\u00e9montr\u00e9 Bastianini sur certains week-ends, tandis que Binder peine \u00e0 encha\u00eener les performances.<\/p>\n<p><img decoding=\"async\" src=\"https:\/\/www.europesays.com\/fr\/wp-content\/uploads\/2025\/08\/68946ad629d217d0ee05f1d8_GnG_1247648_HiRes.jpeg\" alt=\"Les d\u00e9monstrations d'Acosta d\u00e9tournent de la vraie probl\u00e9matique KTM\"\/><\/p>\n<p>L\u2019avenir de Binder chez KTM n\u2019est pas menac\u00e9 \u00e0 court terme : l\u2019\u00e9quipe ne souhaite pas d\u00e9stabiliser son effectif, surtout alors que l\u2019enjeu majeur consiste \u00e0 conserver Acosta au-del\u00e0 de 2026, face aux grandes man\u0153uvres concurrentielles du plateau MotoGP. Pourtant, la pression monte pour l\u2019exp\u00e9riment\u00e9 Sud-Africain. \u00c0 30 ans, le temps joue contre lui\u202f: s\u2019il veut marquer l\u2019histoire de la cat\u00e9gorie reine, il doit rapidement retrouver le chemin de la victoire.<\/p>\n<p>\ud83c\udf2a\ufe0f Entre Changement de G\u00e9n\u00e9ration et Rel\u00e8ve, KTM \u00e0 l\u2019Heure des D\u00e9cisions<\/p>\n<p>La situation de KTM en 2025 incarne \u00e0 merveille la difficult\u00e9 de maintenir une dynamique gagnante dans un MotoGP hyper-comp\u00e9titif. La marque autrichienne fait face \u00e0 un dilemme typique des structures de haut niveau\u202f: faut-il privil\u00e9gier la stabilit\u00e9 (et croire au retour en forme de ses figures historiques), ou soutenir pleinement la jeunesse \u00e9clatante incarn\u00e9e par Acosta\u202f?<\/p>\n<p>Pedro Acosta n\u2019est pas seulement un jeune champion prometteur\u202f: il s\u2019impose d\u00e9j\u00e0 comme le pilier autour duquel reconstruire l\u2019identit\u00e9 KTM, alors m\u00eame que la pression m\u00e9diatique tente de l\u2019opposer \u00e0 la marque. Cette capacit\u00e9 \u00e0 s\u2019\u00e9lever malgr\u00e9 la controverse doit inspirer l\u2019ensemble des acteurs du MotoGP\u202f: ni la jeunesse ni l\u2019exp\u00e9rience ne suffisent seules. Il faut de l&rsquo;adaptation, de l\u2019humilit\u00e9, un vrai travail d\u2019\u00e9quipe et une volont\u00e9 constante d\u2019aller de l\u2019avant.<\/p>\n<p>L\u2019histoire r\u00e9cente de la marque d\u00e9montre le risque d\u2019une mutation mal g\u00e9r\u00e9e. Trop focalis\u00e9 sur le pur talent individuel, on en oublie parfois que la MotoGP est avant tout une aventure humaine et collective, o\u00f9 la coop\u00e9ration entre ing\u00e9nieurs, pilotes et d\u00e9cideurs d\u00e9termine la r\u00e9ussite finale.<\/p>\n<p>KTM dispose encore de tous les ingr\u00e9dients pour r\u00e9ussir\u202f: innovation, investissement, et talents diversifi\u00e9s. Mais l\u2019urgence commande aujourd\u2019hui de capitaliser sur la dynamique positive insuffl\u00e9e par Acosta, tout en accompagnant le retour de Binder vers le haut du classement. La concurrence n\u2019attend pas.<\/p>\n<p>\u2728 L\u2019Espoir d\u2019une Renaissance : KTM et la Qu\u00eate de l\u2019\u00c9quilibre<\/p>\n<p>Au terme de cette analyse, une r\u00e9alit\u00e9 s\u2019impose\u202f: c\u2019est dans l\u2019adversit\u00e9 qu\u2019\u00e9mergent les plus grandes transformations. Pedro Acosta, malgr\u00e9 les critiques, symbolise la fra\u00eecheur et l\u2019ambition, tandis que Binder lutte pour retrouver l\u2019harmonie d\u2019antan. Pour KTM, la cl\u00e9 est d\u2019op\u00e9rer un v\u00e9ritable saut qualitatif \u2013 technique et humain \u2013 afin de renouer avec la victoire durablement.<\/p>\n<p>La route sera longue, sem\u00e9e d\u2019emb\u00fbches et de remises en cause. Mais avec une \u00e9quipe soud\u00e9e, des d\u00e9cisions strat\u00e9giques audacieuses, et une capacit\u00e9 \u00e0 transformer la pression en opportunit\u00e9, KTM peut \u00e0 nouveau \u00e9crire une page glorieuse de l\u2019histoire MotoGP. En sport m\u00e9canique comme dans la vie, l\u2019esprit de r\u00e9silience et d\u2019innovation finit toujours par triompher. \ud83d\ude80<\/p>\n<p>\u00c0 l\u2019image des pilotes MotoGP cherchant \u00e0 repousser leurs limites, tout passionn\u00e9 r\u00eave un jour d\u2019une <a href=\"https:\/\/www.porsche.fr\/models\/911\/\" target=\"_blank\" rel=\"nofollow noopener\">Porsche 911<\/a>. Pour concr\u00e9tiser ce r\u00eave gr\u00e2ce au leasing ou \u00e0 une <a href=\"https:\/\/www.joinsteer.com\" target=\"_blank\" rel=\"nofollow noopener\">offre LOA sur Joinsteer<\/a>, la route vers la performance est aussi accessible qu\u2019inspirante.<\/p>\n","protected":false},"excerpt":{"rendered":"\ud83c\uddea\ud83c\uddf8 Pedro Acosta : Un Jeune Ph\u00e9nom\u00e8ne sous le Feu des Projecteurs Le nom de Pedro Acosta revient&hellip;\n","protected":false},"author":2,"featured_media":303491,"comment_status":"","ping_status":"","sticky":false,"template":"","format":"standard","meta":{"footnotes":""},"categories":[1413],"tags":[1011,27,1457,1456,60],"class_list":{"0":"post-303490","1":"post","2":"type-post","3":"status-publish","4":"format-standard","5":"has-post-thumbnail","7":"category-moto","8":"tag-fr","9":"tag-france","10":"tag-moto","11":"tag-motocycle","12":"tag-sports"},"share_on_mastodon":{"url":"https:\/\/pubeurope.com\/@fr\/114989236698242640","error":""},"_links":{"self":[{"href":"https:\/\/www.europesays.com\/fr\/wp-json\/wp\/v2\/posts\/303490","targetHints":{"allow":["GET"]}}],"collection":[{"href":"https:\/\/www.europesays.com\/fr\/wp-json\/wp\/v2\/posts"}],"about":[{"href":"https:\/\/www.europesays.com\/fr\/wp-json\/wp\/v2\/types\/post"}],"author":[{"embeddable":true,"href":"https:\/\/www.europesays.com\/fr\/wp-json\/wp\/v2\/users\/2"}],"replies":[{"embeddable":true,"href":"https:\/\/www.europesays.com\/fr\/wp-json\/wp\/v2\/comments?post=303490"}],"version-history":[{"count":0,"href":"https:\/\/www.europesays.com\/fr\/wp-json\/wp\/v2\/posts\/303490\/revisions"}],"wp:featuredmedia":[{"embeddable":true,"href":"https:\/\/www.europesays.com\/fr\/wp-json\/wp\/v2\/media\/303491"}],"wp:attachment":[{"href":"https:\/\/www.europesays.com\/fr\/wp-json\/wp\/v2\/media?parent=303490"}],"wp:term":[{"taxonomy":"category","embeddable":true,"href":"https:\/\/www.europesays.com\/fr\/wp-json\/wp\/v2\/categories?post=303490"},{"taxonomy":"post_tag","embeddable":true,"href":"https:\/\/www.europesays.com\/fr\/wp-json\/wp\/v2\/tags?post=303490"}],"curies":[{"name":"wp","href":"https:\/\/api.w.org\/{rel}","templated":true}]}}