{"id":30350,"date":"2025-04-17T00:30:10","date_gmt":"2025-04-17T00:30:10","guid":{"rendered":"https:\/\/www.europesays.com\/fr\/30350\/"},"modified":"2025-04-17T00:30:10","modified_gmt":"2025-04-17T00:30:10","slug":"de-nouvelles-regles-europeennes-pour-traiter-les-demandes-dasile","status":"publish","type":"post","link":"https:\/\/www.europesays.com\/fr\/30350\/","title":{"rendered":"de nouvelles r\u00e8gles europ\u00e9ennes pour traiter les demandes d\u2019asile"},"content":{"rendered":"<p>Bruxelles \u00e9tablit une liste de sept pays dits \u00abs\u00fbrs\u00bb dont les ressortissants auront peu de chance d\u2019obtenir l\u2019asile en Europe, au terme d\u2019un examen acc\u00e9l\u00e9r\u00e9 de leur demande.<\/p>\n<p class=\"fig-paragraph\">L\u2019Union europ\u00e9enne acc\u00e9l\u00e8re la mise en \u0153uvre de sa\u00a0<a href=\"http:\/\/www.lefigaro.fr\/flash-actu\/immigration-et-asile-bruxelles-devoile-une-liste-de-sept-pays-surs-20250416\" data-fig-type=\"NewsFlash\" data-gtm-custom-categorie=\"navigation\" data-gtm-custom-action=\"crossclick\" data-gtm-custom-label=\"Contextuel\" data-gtm-event=\"customEventSPE\" data-fig-domain=\"LEFIGARO\" rel=\"nofollow noopener\" target=\"_blank\">politique d\u2019immigration<\/a>. La Commission a annonc\u00e9, mercredi, une proposition l\u00e9gislative pour anticiper certaines mesures du Pacte asile et migration, qui doit entrer en vigueur mi-2026. Elle a \u00e9tabli une premi\u00e8re liste de sept pays d\u2019origine dits \u00abs\u00fbrs\u00bb, dont les ressortissants feront l\u2019objet d\u2019un examen de leur dossier acc\u00e9l\u00e9r\u00e9 en trois mois, au lieu de six, ou directement \u00e0 la fronti\u00e8re. Il s\u2019agit du Kosovo, de la Colombie, du Maroc, de la Tunisie, de l\u2019\u00c9gypte, du Bangladesh et de l\u2019Inde. Une liste qui pourra \u00eatre r\u00e9vis\u00e9e au fil du temps. Les pays\u00a0<a href=\"http:\/\/www.lefigaro.fr\/vox\/societe\/charles-jaigu-les-dilemmes-de-l-elargissement-de-l-union-europeenne-20231207\" data-fig-type=\"Article\" data-gtm-custom-categorie=\"navigation\" data-gtm-custom-action=\"crossclick\" data-gtm-custom-label=\"Contextuel\" data-gtm-event=\"customEventSPE\" data-fig-domain=\"LEFIGARO\" rel=\"nofollow noopener\" target=\"_blank\">candidats \u00e0 l\u2019adh\u00e9sion \u00e0 l\u2019UE<\/a>\u00a0(Albanie, Serbie, Mont\u00e9n\u00e9gro, Turquie&#8230;) sont \u00e9galement concern\u00e9s, la Commission consid\u00e9rant qu\u2019ils remplissent, pour la plupart, \u00ables crit\u00e8res pour \u00eatre d\u00e9sign\u00e9s comme pays d\u2019origine s\u00fbrs\u00bb. Les pays en guerre, comme l\u2019Ukraine, ou sous sanctions de l\u2019UE, font exception.<\/p>\n<p class=\"fig-paragraph\">La liste de ces pays a \u00e9t\u00e9 \u00e9tablie selon deux crit\u00e8res: un niveau \u00e9lev\u00e9 de demandes d\u2019asile en\u2026<\/p>\n<p class=\"fig-premium-paywall__infos\">\n        Cet article est r\u00e9serv\u00e9 aux abonn\u00e9s.        Il vous reste 78% \u00e0 d\u00e9couvrir.\n    <\/p>\n<p>                <img  data- alt=\"Le Figaro\" class=\"fig-img--complete fig-img\"\/><\/p>\n<p class=\"fig-premium-paywall__title\">Vous avez envie de lire la suite ?<\/p>\n<p class=\"fig-premium-paywall__subtitle\">D\u00e9bloquez tous les articles imm\u00e9diatement.<\/p>\n<p class=\"fig-premium-paywall__connect\">\n                D\u00e9j\u00e0 abonn\u00e9\u00a0?                <a class=\"fig-premium-paywall__connect-link\" href=\"https:\/\/connect.lefigaro.fr\/login?client=horizon_web&amp;type=main&amp;redirect_uri=https%3A%2F%2Fwww.lefigaro.fr%2Finternational%2Fimmigration-de-nouvelles-regles-europeennes-pour-traiter-les-demandes-d-asile-20250416\" data-js-gtm=\"{&quot;customCategorie&quot;: &quot;conversion&quot;, &quot;customAction&quot;: &quot;before_Landing_Connexion_paywall_auto&quot;, &quot;customLabel&quot;: &quot;bGVmaWdhcm8uZnJfXzFmMDFhZGZkLTY4NWEtNmFkYS1hNDI4LTM3YWJmYmQ1OGZkZl9fQXJ0aWNsZQ==_Immigration: de nouvelles r\u00e8gles europ\u00e9ennes pour traiter les demandes d\u2019asile_92&quot;, &quot;customIDSPE&quot;: &quot;bGVmaWdhcm8uZnJfXzFmMDFhZGZkLTY4NWEtNmFkYS1hNDI4LTM3YWJmYmQ1OGZkZl9fQXJ0aWNsZQ==&quot;, &quot;event&quot;: &quot;customEventSPE&quot;}\" rel=\"nofollow noopener\" target=\"_blank\"><br \/>\n                    Connectez-vous<br \/>\n                <\/a>\n            <\/p>\n","protected":false},"excerpt":{"rendered":"Bruxelles \u00e9tablit une liste de sept pays dits \u00abs\u00fbrs\u00bb dont les ressortissants auront peu de chance d\u2019obtenir l\u2019asile&hellip;\n","protected":false},"author":2,"featured_media":30351,"comment_status":"","ping_status":"","sticky":false,"template":"","format":"standard","meta":{"footnotes":""},"categories":[5],"tags":[259,11,260,674,1011,27,1061,14,261,12,262,28],"class_list":{"0":"post-30350","1":"post","2":"type-post","3":"status-publish","4":"format-standard","5":"has-post-thumbnail","7":"category-international","8":"tag-actualite-internationale","9":"tag-actualites","10":"tag-affaires-etrangeres","11":"tag-europe","12":"tag-fr","13":"tag-france","14":"tag-immigration","15":"tag-international","16":"tag-ministere-des-affaires-etrangeres","17":"tag-news","18":"tag-politique-etrangere","19":"tag-world"},"share_on_mastodon":{"url":"https:\/\/pubeurope.com\/@fr\/114350484603776450","error":""},"_links":{"self":[{"href":"https:\/\/www.europesays.com\/fr\/wp-json\/wp\/v2\/posts\/30350","targetHints":{"allow":["GET"]}}],"collection":[{"href":"https:\/\/www.europesays.com\/fr\/wp-json\/wp\/v2\/posts"}],"about":[{"href":"https:\/\/www.europesays.com\/fr\/wp-json\/wp\/v2\/types\/post"}],"author":[{"embeddable":true,"href":"https:\/\/www.europesays.com\/fr\/wp-json\/wp\/v2\/users\/2"}],"replies":[{"embeddable":true,"href":"https:\/\/www.europesays.com\/fr\/wp-json\/wp\/v2\/comments?post=30350"}],"version-history":[{"count":0,"href":"https:\/\/www.europesays.com\/fr\/wp-json\/wp\/v2\/posts\/30350\/revisions"}],"wp:featuredmedia":[{"embeddable":true,"href":"https:\/\/www.europesays.com\/fr\/wp-json\/wp\/v2\/media\/30351"}],"wp:attachment":[{"href":"https:\/\/www.europesays.com\/fr\/wp-json\/wp\/v2\/media?parent=30350"}],"wp:term":[{"taxonomy":"category","embeddable":true,"href":"https:\/\/www.europesays.com\/fr\/wp-json\/wp\/v2\/categories?post=30350"},{"taxonomy":"post_tag","embeddable":true,"href":"https:\/\/www.europesays.com\/fr\/wp-json\/wp\/v2\/tags?post=30350"}],"curies":[{"name":"wp","href":"https:\/\/api.w.org\/{rel}","templated":true}]}}