{"id":303505,"date":"2025-08-07T20:01:12","date_gmt":"2025-08-07T20:01:12","guid":{"rendered":"https:\/\/www.europesays.com\/fr\/303505\/"},"modified":"2025-08-07T20:01:12","modified_gmt":"2025-08-07T20:01:12","slug":"jai-trop-hate-slimane-sort-du-silence-et-annonce-une-nouvelle-date-de-concert-loin-de-la-france","status":"publish","type":"post","link":"https:\/\/www.europesays.com\/fr\/303505\/","title":{"rendered":"\u201cJ\u2019ai trop h\u00e2te\u201d : Slimane sort du silence et annonce une nouvelle date de concert, loin de la France"},"content":{"rendered":"<p>Apr\u00e8s plusieurs mois d&rsquo;absence m\u00e9diatique suite aux accusations port\u00e9es contre lui, Slimane refait surface en annon\u00e7ant sa participation au prestigieux Festival de Byblos au Liban. Une annonce qui marque son retour progressif sur sc\u00e8ne, mais uniquement \u00e0 l&rsquo;international.<\/p>\n<p><a id=\"eztoc103259960_1\"\/>Un retour sur sc\u00e8ne dans un cadre exceptionnel<\/p>\n<p>C&rsquo;est par le biais d&rsquo;Instagram que Slimane a officiellement rompu le silence qui l&rsquo;entoure depuis plusieurs mois. Dans une vid\u00e9o publi\u00e9e ce jeudi 7 ao\u00fbt, l&rsquo;interpr\u00e8te de \u00ab\u00a0Mon Amour\u00a0\u00bb a d\u00e9voil\u00e9 avec \u00e9motion sa prochaine apparition sc\u00e9nique : \u00ab\u00a0Je suis trop content, parce que pour la premi\u00e8re fois, je vais enfin me produire en concert au Liban. Ce sera le samedi 9 ao\u00fbt au festival de Byblos, et j&rsquo;ai trop h\u00e2te de vous y voir, de vous rencontrer et de partager cette soir\u00e9e ensemble.\u00a0\u00bb    <\/p>\n<p>                                                                                                                                            <img decoding=\"async\" src=\"https:\/\/www.europesays.com\/fr\/wp-content\/uploads\/2025\/08\/Design-sans-titre-3.jpg\" style=\"border: 0px  ;\" alt=\"Design sans titre (3)\" title=\"Design sans titre (3)\"\/><\/p>\n<\/p>\n<p>Le Byblos International Festival, organis\u00e9 par In Action Live, repr\u00e9sente un \u00e9v\u00e9nement culturel majeur qui se d\u00e9roule du 5 au 10 ao\u00fbt 2025. Situ\u00e9 dans l&rsquo;historique cit\u00e9 portuaire de Byblos, au bord de la M\u00e9diterran\u00e9e, ce festival attire depuis des d\u00e9cennies des artistes internationaux de renom.<\/p>\n<p>Sur le compte Instagram @in.action.live, l&rsquo;organisation se f\u00e9licite d&rsquo;accueillir \u00ab\u00a0l&rsquo;une des voix les plus \u00e9mouvantes de la pop fran\u00e7aise\u00a0\u00bb et pr\u00e9cise : \u00ab\u00a0Derni\u00e8re chance d&rsquo;obtenir vos billets pour Slimane en direct au Byblos International Festival !\u00a0\u00bb<\/p>\n<blockquote class=\"instagram-media\" data-instgrm-captioned=\"\" data-instgrm-permalink=\"https:\/\/www.instagram.com\/p\/DM-PQZFIN2o\/?utm_source=ig_embed&amp;utm_campaign=loading\" data-instgrm-version=\"14\" style=\" background:#FFF; border:0; border-radius:3px; box-shadow:0 0 1px 0 rgba(0,0,0,0.5),0 1px 10px 0 rgba(0,0,0,0.15); margin: 1px; max-width:540px; min-width:326px; padding:0; width:99.375%; width:-webkit-calc(100% - 2px); width:calc(100% - 2px);\"\/><p><a id=\"eztoc103259960_2\"\/><\/p>\n<p>Une strat\u00e9gie de reconstruction \u00e0 l&rsquo;international pour Slimane<\/p>\n<p>Cette apparition au Liban s&rsquo;inscrit dans une d\u00e9marche plus large de retour progressif sur sc\u00e8ne, mais exclusivement \u00e0 l&rsquo;\u00e9tranger. D\u00e9j\u00e0 fin juin, Slimane avait surpris son public en se produisant au Festival Mawazine \u00e0 Rabat, au Maroc. L&rsquo;occasion pour lui de pr\u00e9senter un titre in\u00e9dit, \u00ab\u00a0\u00c0 quoi je sers\u00a0\u00bb, qu&rsquo;il avait ensuite partag\u00e9 sur ses r\u00e9seaux sociaux le 25 juin : \u00ab\u00a0Hier soir j&rsquo;ai chant\u00e9 pour la premi\u00e8re fois cette chanson que je viens d&rsquo;\u00e9crire. Je voulais vous en partager un extrait\u2026\u00a0\u00bb<\/p>\n<p>Cette strat\u00e9gie internationale semble d\u00e9lib\u00e9r\u00e9e. L&rsquo;\u00e9quipe de Slimane mise visiblement sur des territoires moins impact\u00e9s par les pol\u00e9miques fran\u00e7aises, o\u00f9 l&rsquo;artiste conserve une image positive.<a id=\"eztoc103259960_3\"\/><\/p>\n<p>Les ombres du pass\u00e9 et l&rsquo;espoir d&rsquo;un renouveau<\/p>\n<p>Le silence qui s&rsquo;\u00e9tait impos\u00e9 autour de Slimane trouve son origine dans les accusations graves port\u00e9es contre lui en octobre dernier. Selon les r\u00e9v\u00e9lations du Parisien, un technicien de la tourn\u00e9e Cupidon Tour   <a href=\"https:\/\/www.programme-television.org\/news\/people\/justice\/affaire-slimane-une-enquete-preliminaire-ouverte-pour-harcelement-sexuel-4734723\" target=\"_self\" rel=\"nofollow noopener\">avait d\u00e9pos\u00e9 plainte pour harc\u00e8lement sexuel<\/a>. Les faits remonteraient au 17 d\u00e9cembre 2023, lors d&rsquo;un concert au Z\u00e9nith de Saint-\u00c9tienne, o\u00f9 l&rsquo;ancien technicien accuse le chanteur de l&rsquo;avoir forc\u00e9 \u00e0 une \u00e9treinte durant une soir\u00e9e alcoolis\u00e9e, allant jusqu&rsquo;\u00e0 le plaquer contre un mur.<\/p>\n<p>Dans la foul\u00e9e,   <a href=\"https:\/\/www.programme-television.org\/news\/people\/justice\/slimane-le-chanteur-vise-par-une-deuxieme-plainte-pour-agression-sexuelle-4735048\" target=\"_self\" rel=\"nofollow noopener\">une seconde plainte avait \u00e9t\u00e9 d\u00e9pos\u00e9e<\/a> par un autre collaborateur pour \u00ab\u00a0agression sexuelle et tentative d&rsquo;agression sexuelle\u00a0\u00bb. Ces accusations   <a href=\"https:\/\/www.programme-television.org\/news\/people\/polemique\/on-connait-l-ambiance-les-techniciens-de-vitaa-proteste-contre-la-presence-de-slimane-a-ses-concerts-4735645\" target=\"_self\" rel=\"nofollow noopener\">ont provoqu\u00e9 une temp\u00eate m\u00e9diatique<\/a> brutale et inattendue, mettant fin de fa\u00e7on abrupte \u00e0 une p\u00e9riode faste de sa carri\u00e8re.<\/p>\n<p>Malgr\u00e9 ces pol\u00e9miques, Slimane,   <a href=\"https:\/\/www.programme-television.org\/news\/musique\/artistes\/ca-ne-se-fait-pas-de-dire-ca-mais-slimane-s-exprime-avec-emotion-apres-sa-quatrieme-place-a-l-eurovision-video-4728056\" target=\"_self\" rel=\"nofollow noopener\">qui avait repr\u00e9sent\u00e9 la France \u00e0 l&rsquo;Eurovision<\/a>, n&rsquo;avait pas totalement disparu des radars. Sa pr\u00e9sence aux derniers NRJ Music Awards, o\u00f9 il avait re\u00e7u deux troph\u00e9es &#8211; celui de l&rsquo;Artiste masculin francophone de l&rsquo;ann\u00e9e et du Hit francophone de l&rsquo;ann\u00e9e -, avait cr\u00e9\u00e9 un m\u00e9lange de g\u00eane et d&rsquo;incompr\u00e9hension chez les fans et le grand public. Depuis cette apparition controvers\u00e9e,   <a href=\"https:\/\/www.programme-television.org\/news\/tv\/sequences-tele\/vitaa-reagit-pour-la-premiere-fois-aux-plaintes-pour-harcelement-et-agression-sexuels-contre-slimane-tout-est-dit-video-4735106\" target=\"_self\" rel=\"nofollow noopener\">le grand ami de Vitaa<\/a> avait choisi de se faire discret.\n            <\/p>\n<p><script async src=\"\/\/www.instagram.com\/embed.js\"><\/script><\/p>\n","protected":false},"excerpt":{"rendered":"Apr\u00e8s plusieurs mois d&rsquo;absence m\u00e9diatique suite aux accusations port\u00e9es contre lui, Slimane refait surface en annon\u00e7ant sa participation&hellip;\n","protected":false},"author":2,"featured_media":303506,"comment_status":"","ping_status":"","sticky":false,"template":"","format":"standard","meta":{"footnotes":""},"categories":[1355],"tags":[58,59,1011,27,1361,873],"class_list":{"0":"post-303505","1":"post","2":"type-post","3":"status-publish","4":"format-standard","5":"has-post-thumbnail","7":"category-musique","8":"tag-divertissement","9":"tag-entertainment","10":"tag-fr","11":"tag-france","12":"tag-music","13":"tag-musique"},"share_on_mastodon":{"url":"https:\/\/pubeurope.com\/@fr\/114989267996852732","error":""},"_links":{"self":[{"href":"https:\/\/www.europesays.com\/fr\/wp-json\/wp\/v2\/posts\/303505","targetHints":{"allow":["GET"]}}],"collection":[{"href":"https:\/\/www.europesays.com\/fr\/wp-json\/wp\/v2\/posts"}],"about":[{"href":"https:\/\/www.europesays.com\/fr\/wp-json\/wp\/v2\/types\/post"}],"author":[{"embeddable":true,"href":"https:\/\/www.europesays.com\/fr\/wp-json\/wp\/v2\/users\/2"}],"replies":[{"embeddable":true,"href":"https:\/\/www.europesays.com\/fr\/wp-json\/wp\/v2\/comments?post=303505"}],"version-history":[{"count":0,"href":"https:\/\/www.europesays.com\/fr\/wp-json\/wp\/v2\/posts\/303505\/revisions"}],"wp:featuredmedia":[{"embeddable":true,"href":"https:\/\/www.europesays.com\/fr\/wp-json\/wp\/v2\/media\/303506"}],"wp:attachment":[{"href":"https:\/\/www.europesays.com\/fr\/wp-json\/wp\/v2\/media?parent=303505"}],"wp:term":[{"taxonomy":"category","embeddable":true,"href":"https:\/\/www.europesays.com\/fr\/wp-json\/wp\/v2\/categories?post=303505"},{"taxonomy":"post_tag","embeddable":true,"href":"https:\/\/www.europesays.com\/fr\/wp-json\/wp\/v2\/tags?post=303505"}],"curies":[{"name":"wp","href":"https:\/\/api.w.org\/{rel}","templated":true}]}}