{"id":303507,"date":"2025-08-07T20:02:24","date_gmt":"2025-08-07T20:02:24","guid":{"rendered":"https:\/\/www.europesays.com\/fr\/303507\/"},"modified":"2025-08-07T20:02:24","modified_gmt":"2025-08-07T20:02:24","slug":"trailer-jude-law-ana-de-armas-et-sydney-sweeney-luttent-pour-leur-survie-dans-eden","status":"publish","type":"post","link":"https:\/\/www.europesays.com\/fr\/303507\/","title":{"rendered":"[Trailer] Jude Law, Ana de Armas et Sydney Sweeney luttent pour leur survie dans \u201cEden\u201d"},"content":{"rendered":"<p>Ron Howard r\u00e9unit un casting prestigieux dans un thriller haletant, o\u00f9 l\u2019utopie d\u2019une nouvelle communaut\u00e9 c\u00e8de peu \u00e0 peu la place au chaos.<\/p>\n<p>Ron Howard, le r\u00e9alisateur d\u2019<a href=\"https:\/\/www.lesinrocks.com\/cinema\/apollo-13-42087-30-11-1994\/\" target=\"_blank\" rel=\"noopener\">Apollo 13<\/a> et Da Vinci Code, revient tr\u00e8s prochainement avec Eden, un thriller policier dont la bande-annonce officielle vient d\u2019\u00eatre d\u00e9voil\u00e9e. Ces premi\u00e8res images donnent le ton, plongeant les spectateur\u00b7ices dans une atmosph\u00e8re oppressante, o\u00f9 r\u00e8gnent la tension, la parano\u00efa et la trahison.<\/p>\n<p>Inspir\u00e9 d\u2019une histoire vraie, le film suit un groupe d\u2019individus ayant d\u00e9cid\u00e9 d\u2019abandonner la soci\u00e9t\u00e9 moderne pour fonder une communaut\u00e9 id\u00e9ale sur une \u00eele isol\u00e9e de l\u2019archipel des Gal\u00e1pagos. Mais leur paradis tourne rapidement au cauchemar face \u00e0 la brutalit\u00e9 de l\u2019environnement et de la nature humaine, laissant place au chaos, \u00e0 la trahison et \u00e0 la violence.\u00a0<\/p>\n<p>Une approche fascinante de l\u2019humanit\u00e9\u00a0<\/p>\n<p>\u201cC\u2019est le regard le plus fascinant sur les humains et l\u2019humanit\u00e9\u201d, confiait ainsi <a href=\"https:\/\/www.lesinrocks.com\/cinema\/sydney-sweeney-soutenue-par-trump-adoubement-ou-baiser-de-la-mort-677872-04-08-2025\/\" target=\"_blank\" rel=\"noopener\">Sydney Sweeney<\/a> \u00e0 <a href=\"https:\/\/www.thewrap.com\/eden-sydney-sweeney-ana-de-armas-true-story-interview\/\" target=\"_blank\" rel=\"noopener\">The Wrap<\/a> l\u2019an dernier. L\u2019actrice d\u2019<a href=\"https:\/\/www.lesinrocks.com\/series\/euphoria-que-vaut-la-teen-serie-produite-par-drake-156631-11-06-2019\/\" target=\"_blank\" rel=\"noopener\">Euphoria<\/a> partage l\u2019affiche de ce film de survie avec Jude Law, Ana de Armas, Vanessa Kirby ou encore Daniel Br\u00fchl. Attendu aux \u00c9tats-Unis le 22 ao\u00fbt prochain, Eden ne dispose pas encore de date de sortie en France.\u00a0<\/p>\n<p><strong>Eden r\u00e9alis\u00e9 par Ron Howard, avec Jude Law, Ana de Armas, Vanessa Kirby, Sydney Sweeney. Prochainement en salles.\u00a0<\/strong><\/p><\/p>\n","protected":false},"excerpt":{"rendered":"Ron Howard r\u00e9unit un casting prestigieux dans un thriller haletant, o\u00f9 l\u2019utopie d\u2019une nouvelle communaut\u00e9 c\u00e8de peu \u00e0&hellip;\n","protected":false},"author":2,"featured_media":303508,"comment_status":"","ping_status":"","sticky":false,"template":"","format":"standard","meta":{"footnotes":""},"categories":[1354],"tags":[58,59,1346,1011,27,1360,44351,41445,18478],"class_list":{"0":"post-303507","1":"post","2":"type-post","3":"status-publish","4":"format-standard","5":"has-post-thumbnail","7":"category-films","8":"tag-divertissement","9":"tag-entertainment","10":"tag-films","11":"tag-fr","12":"tag-france","13":"tag-movies","14":"tag-ron-howard","15":"tag-sydney-sweeney","16":"tag-trailer"},"share_on_mastodon":{"url":"https:\/\/pubeurope.com\/@fr\/114989271816983708","error":""},"_links":{"self":[{"href":"https:\/\/www.europesays.com\/fr\/wp-json\/wp\/v2\/posts\/303507","targetHints":{"allow":["GET"]}}],"collection":[{"href":"https:\/\/www.europesays.com\/fr\/wp-json\/wp\/v2\/posts"}],"about":[{"href":"https:\/\/www.europesays.com\/fr\/wp-json\/wp\/v2\/types\/post"}],"author":[{"embeddable":true,"href":"https:\/\/www.europesays.com\/fr\/wp-json\/wp\/v2\/users\/2"}],"replies":[{"embeddable":true,"href":"https:\/\/www.europesays.com\/fr\/wp-json\/wp\/v2\/comments?post=303507"}],"version-history":[{"count":0,"href":"https:\/\/www.europesays.com\/fr\/wp-json\/wp\/v2\/posts\/303507\/revisions"}],"wp:featuredmedia":[{"embeddable":true,"href":"https:\/\/www.europesays.com\/fr\/wp-json\/wp\/v2\/media\/303508"}],"wp:attachment":[{"href":"https:\/\/www.europesays.com\/fr\/wp-json\/wp\/v2\/media?parent=303507"}],"wp:term":[{"taxonomy":"category","embeddable":true,"href":"https:\/\/www.europesays.com\/fr\/wp-json\/wp\/v2\/categories?post=303507"},{"taxonomy":"post_tag","embeddable":true,"href":"https:\/\/www.europesays.com\/fr\/wp-json\/wp\/v2\/tags?post=303507"}],"curies":[{"name":"wp","href":"https:\/\/api.w.org\/{rel}","templated":true}]}}