{"id":303509,"date":"2025-08-07T20:03:09","date_gmt":"2025-08-07T20:03:09","guid":{"rendered":"https:\/\/www.europesays.com\/fr\/303509\/"},"modified":"2025-08-07T20:03:09","modified_gmt":"2025-08-07T20:03:09","slug":"un-deuxieme-cas-de-chikungunya-confirme-quatre-autres-personnes-symptomatiques","status":"publish","type":"post","link":"https:\/\/www.europesays.com\/fr\/303509\/","title":{"rendered":"Un deuxi\u00e8me cas de chikungunya confirm\u00e9, quatre autres personnes symptomatiques"},"content":{"rendered":"<p>\u00ab\u00a0Puis j\u2019ai eu 39\u00b0 \u00e0 40\u00b0 de fi\u00e8vre pendant deux jours. Et le lundi, je suis all\u00e9 voir mon m\u00e9decin traitant.\u00a0\u00bb Quand Chantal l\u2019informe qu\u2019elles sont trois, dans la maison, \u00e0 avoir les m\u00eames sympt\u00f4mes, son m&amp;eacute&#8230;<\/p>\n<p>\u00ab\u00a0Puis j\u2019ai eu 39\u00b0 \u00e0 40\u00b0 de fi\u00e8vre pendant deux jours. Et le lundi, je suis all\u00e9 voir mon m\u00e9decin traitant.\u00a0\u00bb Quand Chantal l\u2019informe qu\u2019elles sont trois, dans la maison, \u00e0 avoir les m\u00eames sympt\u00f4mes, son m\u00e9decin g\u00e9n\u00e9raliste de Burie (17), Marie-Th\u00e9r\u00e8se H\u00e9bert, d\u00e9cide de prescrire des analyses pour tracer le virus du chikungunya.<\/p>\n<p>\u00ab\u00a0Je crois qu\u2019elle a travaill\u00e9 \u00e0 l\u2019\u00e9tranger et conna\u00eet assez bien ces virus tropicaux\u00a0\u00bb, l\u00e2che Cindy Berny. La professeure d\u2019EPS au coll\u00e8ge Saint Joseph \u00e0 Cognac est le deuxi\u00e8me cas de la commune \u00e0 avoir \u00e9t\u00e9 infect\u00e9 par le virus chikungunya. \u00ab\u00a0J\u2019ai re\u00e7u un appel d\u2019un m\u00e9decin de la clinique de Cognac pour me le confirmer, puis les r\u00e9sultats par mail dans la foul\u00e9e\u00a0\u00bb, raconte la femme de 33\u00a0ans, voisine de Chantal.<\/p>\n<p>Six personnes symptomatiques <\/p>\n<p>\u00ab\u00a0Je me suis lev\u00e9e un matin avec des douleurs articulaires aux pieds, chevilles, poignets. Impossible de marcher. Puis d\u00e8s le midi, une fi\u00e8vre \u00e0 39\u00b0C. Mais je n\u2019ai pas eu d\u2019\u00e9ruption cutan\u00e9e.\u00a0\u00bb Contrairement \u00e0 Chantal. \u00ab\u00a0J\u2019avais les jambes rouges puis violettes, et des boutons partout, des pieds \u00e0 la t\u00eate.\u00a0\u00bb<\/p>\n<p>    La r\u00e9daction vous conseille<\/p>\n<p>Des plaques de boutons, Genevi\u00e8ve Rue en a eu aussi, ainsi que son mari Pascal. Le couple sexag\u00e9naire habite la troisi\u00e8me des habitations concern\u00e9es par le foyer du virus, dans la m\u00eame rue. \u00ab\u00a0J\u2019ai m\u00eame \u00e9t\u00e9 la premi\u00e8re \u00e0 avoir eu tous ces sympt\u00f4mes\u00a0\u00bb, indique Genevi\u00e8ve. \u00ab\u00a0J\u2019ai \u00e9t\u00e9 malade d\u00e8s la fin du mois de juin, et mon mari, deux semaines apr\u00e8s. Cinq jours de fi\u00e8vre \u00e0 40\u00b0C, puis des plaques d\u2019urticaire sur le visage.\u00a0La m\u00e9decin m\u2019a demand\u00e9 de lui envoyer des photos de mon corps, couvert de boutons, qu\u2019elle a transmis au docteur Martin, dermatologue \u00e0 Cognac. Il m\u2019a demand\u00e9 de venir tout de suite.\u00a0\u00bb<\/p>\n<blockquote><p>\u201cJe me suis lev\u00e9e un matin avec des douleurs articulaires aux pieds. Impossible de marcher.\u201d<\/p><\/blockquote>\n<p>Mais personne pour lui dire ce qu\u2019elle a pu attraper. Sous cortico\u00efde depuis un mois, la Saint-Sulpicienne n\u2019a eu la visite de ses voisines que vendredi dernier. \u00ab\u00a0Je ne savais pas qu\u2019elles \u00e9taient malades elles aussi. Elles m\u2019ont dit\u00a0\u2018on doit donner ton num\u00e9ro \u00e0 l\u2019ARS\u2019. Ils m\u2019ont appel\u00e9 dans la minute.\u00a0\u00bb<\/p>\n<p>Elle et son mari ont fait leur prise de sang il y a une semaine, et sont en attente des r\u00e9sultats. Comme Bernadette et la s\u0153ur de Chantal, qui vivent toutes deux dans la maison de celle-ci. \u00ab\u00a0Cela fait six personnes symptomatiques en tout\u00a0\u00bb, confirme Jean-Marc Girardeau, maire de la commune, qui les a toutes rencontr\u00e9es en pr\u00e9sence des m\u00e9decins et infirmi\u00e8res de l\u2019ARS, toujours sur place.<\/p>\n<p>Dans le village, les habitants ne semblent pas particuli\u00e8rement inquiets. \u00ab\u00a0Sauf pour les op\u00e9rations de d\u00e9moustication\u00a0\u00bb, souffle Alain, l\u2019ancien forgeron qui vit \u00e0 Saint-Sulpice depuis \u00ab\u00a0que j\u2019y suis n\u00e9, il y a\u00a064 ans. Et je n\u2019ai eu aucune info de personne. J\u2019habite pourtant \u00e0 300 m\u00e8tres des Chaudroles. Il faut croire que c\u2019est trop loin\u00a0\u00bb.<\/p>\n<p>Joel Grollier vit aussi sur la commune. \u00ab\u00a0Le virus, on s\u2019en fiche un peu. Si ce n\u2019est pas contagieux et qu\u2019il n\u2019y a qu\u2019un moustique porteur pour le transmettre, on ne peut pas vraiment s\u2019en pr\u00e9munir. Mais leur pulv\u00e9risation, l\u00e0, on ne sait absolument pas ce qu\u2019il en est\u00a0\u00bb, s\u2019inqui\u00e8te-t-il.<\/p>\n<p>Un p\u00e9rim\u00e8tre de d\u00e9moustication de 150 m\u00e8tres autour du foyer<\/p>\n<p>\u00ab\u00a0Les autorit\u00e9s sanitaires ont d\u00e9fini le p\u00e9rim\u00e8tre \u00e0 traiter \u00e0 150 m\u00e8tres autour de la zone d\u2019identification du premier cas\u00a0\u00bb, rassure Jean-Marc Girardeau. \u00ab\u00a0Cela concerne une vingtaine de maisons et nous n\u2019avons pas jug\u00e9 utile d\u2019alerter au-del\u00e0, au risque d\u2019inqui\u00e9ter outre mesure.\u00a0\u00bb<\/p>\n<p>L\u2019op\u00e9ration de d\u00e9moustication, pr\u00e9vue ce vendredi \u00e0 23h, n\u2019est pourtant pas sans risque. Le produit g\u00e9n\u00e9ralement utilis\u00e9 et sa substance active, la deltam\u00e9thrine, \u00e9galement pulv\u00e9ris\u00e9s lors des op\u00e9rations de lutte contre la dengue et zika, comporte le risque d\u2019empoisonner des esp\u00e8ces non-cibles, voire certains pr\u00e9dateurs naturels des moustiques, comme les chauves-souris, les oiseaux ou les amphibiens.<\/p>\n<p>Les autorit\u00e9s sanitaires conseillent par ailleurs aux riverains, avant ces op\u00e9rations, de \u00ab\u00a0ramasser le linge, rentrer le mobilier de jardin, les jouets ou les couvrir\u00a0\u00bb. De \u00ab\u00a0ne pas s\u2019exposer directement au nuage de pulv\u00e9risation et rentrer chez soi, et maintenir l\u2019habitation ferm\u00e9e pendant une \u00e0 deux heures apr\u00e8s l\u2019intervention. Et apr\u00e8s traitement, de rincer \u00e0 l\u2019eau le mobilier de jardin et les jeux d\u2019enfants qui n\u2019ont pas pu \u00eatre mis \u00e0 l\u2019abri\u00a0\u00bb.<\/p>\n<p>\u00ab\u00a0Je suis all\u00e9 ramasser mes prunes ce matin. Je crois que j\u2019ai bien fait\u00a0\u00bb, ironise Alain. \u00ab\u00a0Il n\u2019y a pas de grosses concentrations de produits\u00a0\u00bb, rappelle Sylvie Manguin, directrice de l\u2019institut de recherche et d\u00e9veloppement \u00e0 Montpellier. \u00ab\u00a0Il vaut mieux cela et ne pas avoir la dengue ou le chikungunya.\u00a0\u00bb<\/p>\n","protected":false},"excerpt":{"rendered":"\u00ab\u00a0Puis j\u2019ai eu 39\u00b0 \u00e0 40\u00b0 de fi\u00e8vre pendant deux jours. Et le lundi, je suis all\u00e9 voir&hellip;\n","protected":false},"author":2,"featured_media":303510,"comment_status":"","ping_status":"","sticky":false,"template":"","format":"standard","meta":{"footnotes":""},"categories":[10],"tags":[1011,27,72,71],"class_list":{"0":"post-303509","1":"post","2":"type-post","3":"status-publish","4":"format-standard","5":"has-post-thumbnail","7":"category-sante","8":"tag-fr","9":"tag-france","10":"tag-health","11":"tag-sante"},"share_on_mastodon":{"url":"https:\/\/pubeurope.com\/@fr\/114989275790894134","error":""},"_links":{"self":[{"href":"https:\/\/www.europesays.com\/fr\/wp-json\/wp\/v2\/posts\/303509","targetHints":{"allow":["GET"]}}],"collection":[{"href":"https:\/\/www.europesays.com\/fr\/wp-json\/wp\/v2\/posts"}],"about":[{"href":"https:\/\/www.europesays.com\/fr\/wp-json\/wp\/v2\/types\/post"}],"author":[{"embeddable":true,"href":"https:\/\/www.europesays.com\/fr\/wp-json\/wp\/v2\/users\/2"}],"replies":[{"embeddable":true,"href":"https:\/\/www.europesays.com\/fr\/wp-json\/wp\/v2\/comments?post=303509"}],"version-history":[{"count":0,"href":"https:\/\/www.europesays.com\/fr\/wp-json\/wp\/v2\/posts\/303509\/revisions"}],"wp:featuredmedia":[{"embeddable":true,"href":"https:\/\/www.europesays.com\/fr\/wp-json\/wp\/v2\/media\/303510"}],"wp:attachment":[{"href":"https:\/\/www.europesays.com\/fr\/wp-json\/wp\/v2\/media?parent=303509"}],"wp:term":[{"taxonomy":"category","embeddable":true,"href":"https:\/\/www.europesays.com\/fr\/wp-json\/wp\/v2\/categories?post=303509"},{"taxonomy":"post_tag","embeddable":true,"href":"https:\/\/www.europesays.com\/fr\/wp-json\/wp\/v2\/tags?post=303509"}],"curies":[{"name":"wp","href":"https:\/\/api.w.org\/{rel}","templated":true}]}}