{"id":303513,"date":"2025-08-07T20:05:17","date_gmt":"2025-08-07T20:05:17","guid":{"rendered":"https:\/\/www.europesays.com\/fr\/303513\/"},"modified":"2025-08-07T20:05:17","modified_gmt":"2025-08-07T20:05:17","slug":"des-candidats-racontent-de-nouveaux-details-sur-le-tournage-annule-en-2018","status":"publish","type":"post","link":"https:\/\/www.europesays.com\/fr\/303513\/","title":{"rendered":"des candidats racontent de nouveaux d\u00e9tails sur le tournage annul\u00e9 en 2018"},"content":{"rendered":"<p>Sept ans apr\u00e8s l\u2019annulation de la saison 19 du jeu d\u2019aventures de TF1, des t\u00e9moignages in\u00e9dits se font entendre de la part des protagonistes. Une plainte pour agression sexuelle est toujours entre les mains de la justice.<\/p>\n<p class=\"fig-paragraph\">\u00ab Le tournage de la nouvelle \u00e9dition de \u201cKoh-Lanta\u201d annul\u00e9.\u00a0\u00bb Dans la nuit du jeudi 10 au vendredi 11 mai 2018 \u00e0 minuit pile, Adventure Line Productions avait fait parvenir un communiqu\u00e9 aux m\u00e9dias. Ce jour-l\u00e0, TF1 s\u2019appr\u00eatait \u00e0 diffuser quelques heures plus tard le neuvi\u00e8me des onze \u00e9pisodes de l\u2019\u00e9dition all stars de\u00a0<a href=\"https:\/\/tvmag.lefigaro.fr\/programme-tv\/koh-lanta-le-combat-des-heros-les-erreurs-que-la-production-aurait-pu-eviter_1caa06ba-6268-11e8-9882-4b8d910f489c\" target=\"_blank\" data-fig-type=\"Article\" rel=\"noopener\" data-gtm-custom-categorie=\"navigation\" data-gtm-custom-action=\"crossclick\" data-gtm-custom-label=\"Contextuel\" data-gtm-event=\"customEventSPE\" data-fig-domain=\"TVMAG\">\u00ab Koh-Lanta, le combat des h\u00e9ros\u00a0\u00bb<\/a>\u00a0tourn\u00e9 plusieurs mois auparavant.<\/p>\n<p class=\"fig-paragraph\">\u00ab Un \u00e9v\u00e9nement ext\u00e9rieur au jeu est survenu entre deux concurrents au cours de la nuit du quatri\u00e8me au cinqui\u00e8me jour de tournage d\u2019une nouvelle \u00e9dition de \u201cKoh-Lanta\u201d dans le Pacifique,\u00a0<a href=\"https:\/\/tvmag.lefigaro.fr\/programme-tv\/koh-lanta-la-prochaine-saison-annulee-apres-un-evenement-exterieur-au-jeu-survenu-sur-le-tournage_2e01c9be-54a0-11e8-876f-ffb9c38056ad\" target=\"_blank\" data-fig-type=\"Article\" rel=\"noopener\" data-gtm-custom-categorie=\"navigation\" data-gtm-custom-action=\"crossclick\" data-gtm-custom-label=\"Contextuel\" data-gtm-event=\"customEventSPE\" data-fig-domain=\"TVMAG\">avait racont\u00e9 la soci\u00e9t\u00e9 de production<\/a>. Cet \u00e9v\u00e8nement sur lequel il ne nous appartient pas de faire davantage de commentaires nous a conduits, en concertation avec l\u2019ensemble des \u00e9quipes sur place, \u00e0 suspendre le tournage. La production a consid\u00e9r\u00e9 qu\u2019il \u00e9tait impossible de poursuivre cette nouvelle \u00e9dition dans conditions suffisamment sereines.\u00a0\u00bb\u00a0<\/p>\n<p>                                    <a class=\"fig-a11y-skip a11y-hidden\" href=\"#fig-a11y-skip-main-inarticle\"><br \/>\n        Passer la publicit\u00e9<br \/>\n    <\/a><\/p>\n<p class=\"fig-paragraph\">Que s\u2019est-il pass\u00e9 pour que les \u00e9quipes d\u2019ALP prennent une d\u00e9cision aussi radicale\u00a0? Cinq ans auparavant, le tournage de la saison 13 de \u00ab Koh-Lanta\u00a0\u00bb au Cambodge avait \u00e9t\u00e9 d\u00e9finitivement arr\u00eat\u00e9 \u00e0 la suite du d\u00e9c\u00e8s d\u2019un des candidats,\u00a0<a href=\"https:\/\/tvmag.lefigaro.fr\/programme-tv\/article\/tele-realite\/74831\/koh-lanta-defaillance-cardiaque-pour-gerald-babin.html\" target=\"_blank\" data-fig-type=\"Article\" rel=\"noopener\" data-gtm-custom-categorie=\"navigation\" data-gtm-custom-action=\"crossclick\" data-gtm-custom-label=\"Contextuel\" data-gtm-event=\"customEventSPE\" data-fig-domain=\"TVMAG\">G\u00e9rald Babin, victime d\u2019une crise cardiaque<\/a>. Dans l\u2019apr\u00e8s-midi du 11 mai 2018, Alexia Laroche-Joubert avait pr\u00e9cis\u00e9 dans un nouveau communiqu\u00e9 qu\u2019 \u00ab une concurrente a fait \u00e9tat de faits susceptibles de relever d\u2019une agression sexuelle\u00a0\u00bb et que \u00ab ces faits sont formellement contest\u00e9s par le concurrent concern\u00e9\u00a0\u00bb. \u00ab J\u2019ai estim\u00e9 en concertation avec les \u00e9quipes sur place que les conditions de la r\u00e9alisation de cette nouvelle \u00e9dition n\u2019\u00e9taient plus suffisamment sereines\u00a0\u00bb, avait indiqu\u00e9 celle qui \u00e9tait, \u00e0 l\u2019\u00e9poque, pr\u00e9sidente d\u2019ALP.<\/p>\n<p class=\"fig-body-link\">\n            \u00c0 lire aussi<br \/>\n        <a class=\"fig-body-link__link\" href=\"https:\/\/tvmag.lefigaro.fr\/programme-tv\/assurance-avenir-du-jeu-les-questions-qui-se-posent-apres-l-annulation-de-la-19e-saison-de-koh-lanta_d37c2480-55c1-11e8-9656-537e55f35539\" target=\"_blank\" data-fig-type=\"Article\" rel=\"noopener\" data-gtm-custom-categorie=\"navigation\" data-gtm-custom-action=\"crossclick\" data-gtm-custom-label=\"Contextuel\" data-gtm-event=\"customEventSPE\" data-fig-domain=\"TVMAG\">Assurance, avenir du jeu&#8230; Les questions qui se posent apr\u00e8s l\u2019annulation de Koh-Lanta<br \/>\n    <\/a>\n<\/p>\n<p>Candide Renard et Eddy Guyot devant la justice apr\u00e8s \u00ab Koh-Lanta\u00a0\u00bb<\/p>\n<p class=\"fig-paragraph\">D\u00e8s son retour en France,\u00a0<a href=\"https:\/\/tvmag.lefigaro.fr\/programme-tv\/koh-lanta-la-communication-diametralement-opposee-d-eddy-guyot-et-de-candide-renard_bbcb701a-5a95-11e8-a189-342692cadd97\" target=\"_blank\" data-fig-type=\"Article\" rel=\"noopener\" data-gtm-custom-categorie=\"navigation\" data-gtm-custom-action=\"crossclick\" data-gtm-custom-label=\"Contextuel\" data-gtm-event=\"customEventSPE\" data-fig-domain=\"TVMAG\"><strong>Candide Renard<\/strong> avait d\u00e9pos\u00e9 plainte contre <strong>Eddy Guyot<\/strong><\/a> \u00a0pour des faits d\u2019agression sexuelle qui seraient survenus dans la nuit du 8 au 9 mai 2018 aux Fidji.\u00a0<a href=\"https:\/\/tvmag.lefigaro.fr\/programme-tv\/koh-lanta-annule-la-victime-presumee-de-l-agression-sexuelle-est-la-fille-d-une-celebrite_5e7334ce-55f5-11e8-9656-537e55f35539\" target=\"_blank\" data-fig-type=\"Article\" rel=\"noopener\" data-gtm-custom-categorie=\"navigation\" data-gtm-custom-action=\"crossclick\" data-gtm-custom-label=\"Contextuel\" data-gtm-event=\"customEventSPE\" data-fig-domain=\"TVMAG\">Une information judiciaire avait \u00e9t\u00e9 ouverte par le parquet de Nancy<\/a>. Selon le procureur de la R\u00e9publique, Fran\u00e7ois P\u00e9rain, la jeune femme \u00e2g\u00e9e de 21 ans \u00e0 l\u2019\u00e9poque a d\u00e9clar\u00e9 qu\u2019 \u00ab elle s\u2019\u00e9tait r\u00e9veill\u00e9e alors que le mis en cause \u00e9tait en train de l\u2019embrasser sur la bouche, avant de pratiquer des attouchements sous ses v\u00eatements\u00a0\u00bb. \u00ab Tout cela est faux\u00a0\u00bb, s\u2019\u00e9tait d\u00e9fendu l\u2019homme de 34 ans\u00a0<a href=\"https:\/\/tvmag.lefigaro.fr\/programme-tv\/affaire-koh-lanta-eddy-guyot-sort-du-silence-et-s-attaque-a-la-production_d4b2188a-5a73-11e8-a189-342692cadd97\" target=\"_blank\" data-fig-type=\"Article\" rel=\"noopener\" data-gtm-custom-categorie=\"navigation\" data-gtm-custom-action=\"crossclick\" data-gtm-custom-label=\"Contextuel\" data-gtm-event=\"customEventSPE\" data-fig-domain=\"TVMAG\">en racontant sa version des faits dans un entretien au magazine Closer<\/a> .<\/p>\n<p class=\"fig-paragraph\">Si les autres participants de cette \u00e9dition de \u00ab Koh-Lanta\u00a0\u00bb ont \u00e9t\u00e9 invit\u00e9s \u00e0 se taire face aux m\u00e9dias, certains ont pris la libert\u00e9 de parler. Sous couvert d\u2019anonymat, un des membres de l\u2019\u00e9quipe des Jaunes, un Parisien trentenaire, papa d\u2019une petite fille, avait exprim\u00e9 sa frustration. \u00ab J\u2019ai rapidement vu que certains n\u2019\u00e9taient pas l\u00e0 que pour le jeu, la comp\u00e9tition, le sport et l\u2019esprit de l\u2019\u00e9mission\u00a0\u00bb,\u00a0<a href=\"https:\/\/tvmag.lefigaro.fr\/programme-tv\/un-candidat-de-la-saison-de-koh-lanta-annulee-temoigne-je-suis-en-colere-_fee06266-5815-11e8-9656-537e55f35539\" target=\"_blank\" data-fig-type=\"Article\" rel=\"noopener\" data-gtm-custom-categorie=\"navigation\" data-gtm-custom-action=\"crossclick\" data-gtm-custom-label=\"Contextuel\" data-gtm-event=\"customEventSPE\" data-fig-domain=\"TVMAG\">avait-il d\u00e9clar\u00e9 \u00e0 Var Matin<\/a> . \u00ab Entre concours de muscles, gamineries et simagr\u00e9es, je trouvais cela insupportable. [&#8230;] L\u2019\u00e9quipe des Bleus (o\u00f9 Candide Renard et Eddy Guyot se sont retrouv\u00e9s, ndlr), on aurait dit un \u00e9pisode des \u201cAnges de la t\u00e9l\u00e9r\u00e9alit\u00e9\u201d.\u00a0\u00bb\u00a0<\/p>\n<p class=\"fig-paragraph\">Aupr\u00e8s de\u00a0<a href=\"https:\/\/www.telestar.fr\/tele-realite\/koh-lanta\/fidji\/exclu-telestar-un-candidat-de-koh-lanta-pour-moi-candide-etait-un-element-provocateur-349174\" target=\"_blank\" rel=\"sponsored noopener\" data-gtm-custom-categorie=\"navigation\" data-gtm-custom-action=\"crossclick\" data-gtm-custom-label=\"Contextuel\" data-gtm-event=\"customEventSPE\">T\u00e9l\u00e9 Star<\/a>, un autre t\u00e9moignage anonyme &#8211; peut-\u00eatre de la m\u00eame personne &#8211; parlait d\u2019Eddy Guyot comme de \u00ab quelqu\u2019un de bien\u00a0\u00bb et de Candide Renard comme d\u2019un \u00ab \u00e9l\u00e9ment provocateur\u00a0\u00bb. <strong>Jimmy Desroches<\/strong>, lui, avait accept\u00e9 l\u2019invitation de \u00ab Touche pas \u00e0 mon poste!\u00a0\u00bb sur C8 mais sans raconter grand-chose.\u00a0<a href=\"https:\/\/tvmag.lefigaro.fr\/programme-tv\/koh-lanta-annule-un-candidat-alsacien-raconte-son-periple-aux-fidji_d51bfd0c-5dbd-11e8-a07a-5c4593c42936\" target=\"_blank\" data-fig-type=\"Article\" rel=\"noopener\" data-gtm-custom-categorie=\"navigation\" data-gtm-custom-action=\"crossclick\" data-gtm-custom-label=\"Contextuel\" data-gtm-event=\"customEventSPE\" data-fig-domain=\"TVMAG\">L\u2019Alsacien <strong>Frank Payen<\/strong><\/a>, ancien champion de France de karat\u00e9 et de full-contact, avait \u00e9voqu\u00e9 sur Facebook des conditions de jeu difficiles avec des moustiques omnipr\u00e9sents, des journ\u00e9es pluvieuses et des nuits tr\u00e8s froides. \u00ab Des gens allaient voir le docteur et pensaient \u00e0 abandonner\u00a0\u00bb, a soulign\u00e9 celui qui \u00e9tait dans l\u2019\u00e9quipe des Rouges.<\/p>\n<p class=\"fig-body-link\">\n            \u00c0 lire aussi<br \/>\n        <a class=\"fig-body-link__link\" href=\"https:\/\/tvmag.lefigaro.fr\/programme-tv\/quand-le-koh-lanta-americain-etait-frappe-par-un-scandale-sexuel_6446fdd4-5813-11e8-9656-537e55f35539\" target=\"_blank\" data-fig-type=\"Article\" rel=\"noopener\" data-gtm-custom-categorie=\"navigation\" data-gtm-custom-action=\"crossclick\" data-gtm-custom-label=\"Contextuel\" data-gtm-event=\"customEventSPE\" data-fig-domain=\"TVMAG\">Quand le Koh-Lanta am\u00e9ricain \u00e9tait frapp\u00e9 par un scandale sexuel<br \/>\n    <\/a>\n<\/p>\n<blockquote class=\"fig-quote&#10;    \">\n<p class=\"fig-quote__text\">\u00ab La production avait voulu \u00e9carter Eddy Guyot \u00e0 deux reprises avant le d\u00e9but du tournage\u00a0\u00bb<\/p>\n<p>            Herv\u00e9 Comte\n    <\/p><\/blockquote>\n<p class=\"fig-paragraph\">Cinq des 21 candidats de cette saison 19 annul\u00e9e ont eu l\u2019opportunit\u00e9 de revenir dans \u00ab Koh-Lanta\u00a0\u00bb\u00a0:\u00a0<a href=\"https:\/\/tvmag.lefigaro.fr\/programme-tv\/sam-haliti-koh-lanta-apres-la-reunification-teheiura-ne-partageait-plus-trop-de-moments-avec-nous_66421c2a-5109-11ec-815c-d3ab4af658a4\" target=\"_blank\" data-fig-type=\"Article\" rel=\"noopener\" data-gtm-custom-categorie=\"navigation\" data-gtm-custom-action=\"crossclick\" data-gtm-custom-label=\"Contextuel\" data-gtm-event=\"customEventSPE\" data-fig-domain=\"TVMAG\"><strong>Sam Haliti<\/strong><\/a> \u00a0et <strong>Pholien Systermans<\/strong> ont ainsi particip\u00e9 \u00e0 \u00ab Koh-Lanta, l\u2019\u00eele des h\u00e9ros\u00a0\u00bb diffus\u00e9 durant le printemps 2020 sur TF1. Un an plus tard,\u00a0<a href=\"https:\/\/tvmag.lefigaro.fr\/programme-tv\/aurelien-tesson-de-koh-lanta-a-ninja-warrior-j-ai-du-mal-a-refuser-un-nouveau-defi_2f6f551c-8513-11ec-9598-e816de34f9bd\" target=\"_blank\" data-fig-type=\"Article\" rel=\"noopener\" data-gtm-custom-categorie=\"navigation\" data-gtm-custom-action=\"crossclick\" data-gtm-custom-label=\"Contextuel\" data-gtm-event=\"customEventSPE\" data-fig-domain=\"TVMAG\"><strong>Aur\u00e9lien Tesson<\/strong><\/a> \u00a0et\u00a0<a href=\"https:\/\/tvmag.lefigaro.fr\/programme-tv\/herve-koh-lanta-maxine-et-laure-sont-les-specialistes-de-la-trahison_87811634-9f6b-11eb-a816-69045e7b2cd3\" target=\"_blank\" data-fig-type=\"Article\" rel=\"noopener\" data-gtm-custom-categorie=\"navigation\" data-gtm-custom-action=\"crossclick\" data-gtm-custom-label=\"Contextuel\" data-gtm-event=\"customEventSPE\" data-fig-domain=\"TVMAG\"><strong>Herv\u00e9 Comte<\/strong><\/a> \u00a0ont pris part \u00e0 \u00ab Koh-Lanta, les armes secr\u00e8tes\u00a0\u00bb. Et en 2022, c\u2019est\u00a0<a href=\"https:\/\/tvmag.lefigaro.fr\/programme-tv\/je-me-serais-tire-une-balle-dans-le-pied-en-le-disant-aux-autres-ce-secret-personnel-que-fouzi-a-protege-dans-koh-lanta_31646612-d83a-11ec-a22d-0d5960f19454\" target=\"_blank\" data-fig-type=\"Article\" rel=\"noopener\" data-gtm-custom-categorie=\"navigation\" data-gtm-custom-action=\"crossclick\" data-gtm-custom-label=\"Contextuel\" data-gtm-event=\"customEventSPE\" data-fig-domain=\"TVMAG\"><strong>Fouzi Ould Bouamama<\/strong><\/a> \u00a0qui est revenu dans \u00ab Koh-Lanta, le totem maudit\u00a0\u00bb. Mais aucun d\u2019entre eux n\u2019avait \u00e9t\u00e9 tr\u00e8s bavard aupr\u00e8s des m\u00e9dias pour parler de leur premi\u00e8re exp\u00e9rience en 2018 aux Fidji.<\/p>\n<p>                                    <a class=\"fig-a11y-skip a11y-hidden\" href=\"#fig-a11y-skip-main-inarticle_mtf\"><br \/>\n        Passer la publicit\u00e9<br \/>\n    <\/a><\/p>\n<p class=\"fig-paragraph\">Sept ans apr\u00e8s l\u2019incident, les langues se d\u00e9lient. Sur la\u00a0<a href=\"https:\/\/www.youtube.com\/@ClaymCo\" target=\"_blank\" rel=\"sponsored noopener\" data-gtm-custom-categorie=\"navigation\" data-gtm-custom-action=\"crossclick\" data-gtm-custom-label=\"Contextuel\" data-gtm-event=\"customEventSPE\">cha\u00eene YouTube de Claym &amp; Co<\/a>, un passionn\u00e9 de l\u2019\u00e9mission, plusieurs protagonistes de la saison 19 ont racont\u00e9 ce qu\u2019ils avaient v\u00e9cu aux Fidji. Membre de l\u2019\u00e9quipe de Rouges, aupr\u00e8s de Candide Renard et d\u2019Eddy Guyot, Herv\u00e9 Comte se souvient que ce dernier \u00e9tait \u00ab ing\u00e9rable\u00a0\u00bb durant le voyage vers l\u2019archipel. \u00ab La production avait voulu l\u2019\u00e9carter \u00e0 deux reprises avant le tournage mais ils avaient fini par le garder parce qu\u2019il allait faire le buzz\u00a0\u00bb, a-t-il d\u00e9clar\u00e9\u00a0<a href=\"https:\/\/tvmag.lefigaro.fr\/programme-tv\/de-koh-lanta-a-danse-avec-les-stars-ce-que-vous-ignoriez-sur-moundir_a21e1c3e-e06e-11e9-896c-f7a7ed4ba185\" target=\"_blank\" data-fig-type=\"Article\" rel=\"noopener\" data-gtm-custom-categorie=\"navigation\" data-gtm-custom-action=\"crossclick\" data-gtm-custom-label=\"Contextuel\" data-gtm-event=\"customEventSPE\" data-fig-domain=\"TVMAG\">en le comparant \u00e0 Moundir \u00e0 ses d\u00e9buts en 2003<\/a>.<\/p>\n<p>L\u2019abandon de Sam, future star de \u00ab Koh-Lanta, l\u2019\u00eele des h\u00e9ros\u00a0\u00bb<\/p>\n<p class=\"fig-paragraph\">Durant les quatre premiers jours, les 21 candidats avaient v\u00e9cu le scenario qui avait \u00e9t\u00e9 reconduit par la suite dans\u00a0<a href=\"https:\/\/tvmag.lefigaro.fr\/programme-tv\/koh-lanta-la-guerre-des-chefs-ce-qu-il-faut-savoir-de-la-nouvelle-saison-du-jeu-de-tf1_738fba70-2ecc-11e9-a77e-3261db2e958e\" target=\"_blank\" data-fig-type=\"Article\" rel=\"noopener\" data-gtm-custom-categorie=\"navigation\" data-gtm-custom-action=\"crossclick\" data-gtm-custom-label=\"Contextuel\" data-gtm-event=\"customEventSPE\" data-fig-domain=\"TVMAG\">\u00ab Koh-Lanta, la guerre des chefs\u00a0\u00bb<\/a>. D\u00e8s leur arriv\u00e9e, ils avaient tous particip\u00e9 \u00e0 l\u2019\u00e9preuve des poteaux, les trois gagnants devenant chef d\u2019\u00e9quipe\u00a0: Sam Haliti avait devanc\u00e9 Jimmy Desroches et Charlotte. Apr\u00e8s une nuit tous ensemble sur la m\u00eame plage, les trois tribus avaient \u00e9t\u00e9 constitu\u00e9es\u00a0:<\/p>\n<ul class=\"fig-list\">\n<li>Chez les Rouges, Sam avait choisi Aur\u00e9lien Tesson, Fouzi Ould Bouamama, Frank Payen ainsi que Florence, M\u00e9lanie et Sarah.<\/li>\n<li>Chez les Jaunes, Jimmy Desroches avait pris Pholien Systermans, Alain Lecluse ainsi que R\u00e9mi, C\u00e9lia, Marie-No\u00eblle et Sylvie.<\/li>\n<li>Chez les Bleus, Charlotte avait fait \u00e9quipe avec Herv\u00e9 Comte, Eddy Guyot, Candide Renard ainsi que Fabien, Aur\u00e9lie et Jos\u00e9phine.<\/li>\n<\/ul>\n<p class=\"fig-paragraph\">\u00ab Sam \u00e9tait devenu chef d\u2019\u00e9quipe mais il s\u2019\u00e9tait bless\u00e9 et avait d\u00fb abandonner avant l\u2019arr\u00eat du tournage, juste apr\u00e8s le premier conseil\u00a0\u00bb, a racont\u00e9 Herv\u00e9. Autre t\u00e9moignage, celui d\u2019<strong>Alain Lecluse<\/strong> dont le visage \u00e9tait jusqu\u2019\u00e0 maintenant totalement inconnu. \u00ab Apr\u00e8s les poteaux, nous avions eu le temps de faire deux \u00e9preuves. Avec les Jaunes, nous avions fini dernier de celle d\u2019immunit\u00e9 et gagn\u00e9 celle de confort\u00a0\u00bb, s\u2019est-il souvenu. Lors du premier conseil, Sylvie, doyenne du casting, avait \u00e9t\u00e9 \u00e9limin\u00e9e puis avait profit\u00e9 de l\u2019abandon de Sam pour rejoindre l\u2019\u00e9quipe des Rouges.<\/p>\n<blockquote class=\"fig-quote&#10;    \">\n<p class=\"fig-quote__text\">\u00ab Nous \u00e9tions rest\u00e9s enferm\u00e9s pendant six jours \u00e0 l\u2019h\u00f4tel avant le tournage\u00a0\u00bb<\/p>\n<p>            Alain Lesage\n    <\/p><\/blockquote>\n<p class=\"fig-paragraph\">Le lancement du tournage avait pris du retard \u00e0 cause de la m\u00e9t\u00e9o et les candidats avaient d\u00fb patienter plus longtemps que pr\u00e9vu dans le huis clos de leur h\u00f4tel, sans contact avec l\u2019ext\u00e9rieur. \u00ab Nous \u00e9tions rest\u00e9s enferm\u00e9s pendant six jours\u00a0\u00bb, a ajout\u00e9 Alain Lecluse. Une situation qui avait cr\u00e9\u00e9 du mal-\u00eatre, de l\u2019impatience et de la nervosit\u00e9 chez les uns et les autres. \u00ab Sportivement, le casting \u00e9tait solide, la saison \u00e9tait prometteuse\u00a0\u00bb, a ajout\u00e9 l\u2019ancien boxeur de 57 ans qui a eu maille \u00e0 partir avec Jimmy.<\/p>\n<p class=\"fig-paragraph\">Les d\u00e9tails de l\u2019incident survenu sur le camp des Rouges dans la nuit du quatri\u00e8me au cinqui\u00e8me jour de tournage restent confidentiels tant que la justice n\u2019a pas tranch\u00e9. Le 16 novembre 2022,\u00a0<a href=\"http:\/\/tvmag.lefigaro.fr\/programme-tv\/actu-tele\/un-candidat-de-koh-lanta-mis-en-examen-pour-agression-sexuelle-20240328\" target=\"_blank\" data-fig-type=\"Article\" rel=\"noopener\" data-gtm-custom-categorie=\"navigation\" data-gtm-custom-action=\"crossclick\" data-gtm-custom-label=\"Contextuel\" data-gtm-event=\"customEventSPE\" data-fig-domain=\"TVMAG\">Eddy Guyot a \u00e9t\u00e9 mis en examen<\/a>\u00a0selon une information r\u00e9v\u00e9l\u00e9e l\u2019an dernier par nos confr\u00e8res du Parisien. Pr\u00e9sum\u00e9 innocent et dans l\u2019attente d\u2019un \u00e9ventuel proc\u00e8s, il a vu sa requ\u00eate en annulation de la mesure \u00eatre rejet\u00e9e par la chambre d\u2019instruction de la cour d\u2019appel de Nancy le 14 mars 2024.<\/p>\n","protected":false},"excerpt":{"rendered":"Sept ans apr\u00e8s l\u2019annulation de la saison 19 du jeu d\u2019aventures de TF1, des t\u00e9moignages in\u00e9dits se font&hellip;\n","protected":false},"author":2,"featured_media":303514,"comment_status":"","ping_status":"","sticky":false,"template":"","format":"standard","meta":{"footnotes":""},"categories":[8],"tags":[681,58,59,1011,27,680],"class_list":{"0":"post-303513","1":"post","2":"type-post","3":"status-publish","4":"format-standard","5":"has-post-thumbnail","7":"category-divertissement","8":"tag-denis-brogniart","9":"tag-divertissement","10":"tag-entertainment","11":"tag-fr","12":"tag-france","13":"tag-koh-lanta"},"share_on_mastodon":{"url":"https:\/\/pubeurope.com\/@fr\/114989283630668328","error":""},"_links":{"self":[{"href":"https:\/\/www.europesays.com\/fr\/wp-json\/wp\/v2\/posts\/303513","targetHints":{"allow":["GET"]}}],"collection":[{"href":"https:\/\/www.europesays.com\/fr\/wp-json\/wp\/v2\/posts"}],"about":[{"href":"https:\/\/www.europesays.com\/fr\/wp-json\/wp\/v2\/types\/post"}],"author":[{"embeddable":true,"href":"https:\/\/www.europesays.com\/fr\/wp-json\/wp\/v2\/users\/2"}],"replies":[{"embeddable":true,"href":"https:\/\/www.europesays.com\/fr\/wp-json\/wp\/v2\/comments?post=303513"}],"version-history":[{"count":0,"href":"https:\/\/www.europesays.com\/fr\/wp-json\/wp\/v2\/posts\/303513\/revisions"}],"wp:featuredmedia":[{"embeddable":true,"href":"https:\/\/www.europesays.com\/fr\/wp-json\/wp\/v2\/media\/303514"}],"wp:attachment":[{"href":"https:\/\/www.europesays.com\/fr\/wp-json\/wp\/v2\/media?parent=303513"}],"wp:term":[{"taxonomy":"category","embeddable":true,"href":"https:\/\/www.europesays.com\/fr\/wp-json\/wp\/v2\/categories?post=303513"},{"taxonomy":"post_tag","embeddable":true,"href":"https:\/\/www.europesays.com\/fr\/wp-json\/wp\/v2\/tags?post=303513"}],"curies":[{"name":"wp","href":"https:\/\/api.w.org\/{rel}","templated":true}]}}