{"id":303521,"date":"2025-08-07T20:09:10","date_gmt":"2025-08-07T20:09:10","guid":{"rendered":"https:\/\/www.europesays.com\/fr\/303521\/"},"modified":"2025-08-07T20:09:10","modified_gmt":"2025-08-07T20:09:10","slug":"direct-loi-duplomb-apres-la-censure-de-lacetamipride-le-pen-reproche-au-conseil-constitutionnel-de-se-comporter-comme-un-legislateur","status":"publish","type":"post","link":"https:\/\/www.europesays.com\/fr\/303521\/","title":{"rendered":"DIRECT. Loi Duplomb\u00a0: apr\u00e8s la censure de l\u2019ac\u00e9tamipride, Le\u00a0Pen reproche au Conseil constitutionnel de se comporter \u00ab\u00a0comme un l\u00e9gislateur\u00a0\u00bb"},"content":{"rendered":"<p>21:45<\/p>\n<p>Un <strong>\u00ab camouflet total \u00bb pour Retailleau<\/strong><\/p>\n<p>Le Conseil constitutionnel a censur\u00e9 la mesure d\u2019allongement de la dur\u00e9e de r\u00e9tention visant les \u00e9trangers dangereux port\u00e9e par le ministre de l\u2019Int\u00e9rieur. <a href=\"https:\/\/www.leparisien.fr\/politique\/camouflet-total-sur-lallongement-de-la-retention-des-etrangers-juges-dangereux-les-sages-censurent-retailleau-07-08-2025-UBQ2JD7JUBAFXG4D4ZIUBPDCCY.php\" target=\"_blank\" rel=\"nofollow noopener\">Explications<\/a>.<\/p>\n<p>21:40<\/p>\n<p>Marine Tondelier\u00a0: \u00ab\u00a0Nous demandons \u00e0 Emmanuel Macron de ne pas promulguer la loi Duplomb\u00a0\u00bb<\/p>\n<p>La secr\u00e9taire nationale d\u2019Europe \u00c9cologie Les Verts se f\u00e9licite de la censure de la r\u00e9introduction de l\u2019ac\u00e9tamipride par le Conseil constitutionnel. Mais promet de poursuivre la lutte contre le texte. <a href=\"https:\/\/www.leparisien.fr\/politique\/marine-tondelier-nous-demandons-a-emmanuel-macron-de-ne-pas-promulguer-la-loi-duplomb-07-08-2025-B7SJYN55EFDKFPSEQV4OSVBH5E.php\" target=\"_blank\" rel=\"nofollow noopener\">Son interview<\/a>.\u00a0<\/p>\n<p>21:25<\/p>\n<p>\u00ab La voix du peuple compte \u00bb, se r\u00e9jouit Eleonore Pattery<\/p>\n<p>Eleonore Pattery, \u00e0 l&rsquo;origine de la p\u00e9tition contre la loi Duplomb, qui a r\u00e9uni plus de 2,1 millions de signatures, a lou\u00e9 une \u00ab incroyable mobilisation \u00bb. \u00ab La voix du peuple compte. Elle est l\u00e9gitime. C&rsquo;est l\u00e0 que commence le vrai travail. \u00bb<\/p>\n<p>21:18<\/p>\n<p>Censure de l&rsquo;ac\u00e9tamipride : Le Pen reproche au Conseil constitutionnel de se comporter \u00ab comme un l\u00e9gislateur \u00bb<\/p>\n<p>\u00ab En se comportant comme un l\u00e9gislateur alors qu\u2019il n\u2019en d\u00e9tient pas la l\u00e9gitimit\u00e9 d\u00e9mocratique, le Conseil constitutionnel scie la branche sur laquelle il est assis \u00bb, d\u00e9plore Marine Le Pen dans un message sur X.\u00a0<\/p>\n<blockquote class=\"twitter-tweet\" align=\"center\">\n<p lang=\"fr\" dir=\"ltr\">Loi Duplomb : en se comportant comme un l\u00e9gislateur alors qu\u2019il n\u2019en d\u00e9tient pas la l\u00e9gitimit\u00e9 d\u00e9mocratique, le Conseil constitutionnel scie la branche sur laquelle il est assis.<\/p>\n<p>\u2014 Marine Le Pen (@MLP_officiel) <a href=\"https:\/\/twitter.com\/MLP_officiel\/status\/1953532971819909555?ref_src=twsrc%5Etfw\" rel=\"nofollow noopener\" target=\"_blank\">August 7, 2025<\/a><\/p><\/blockquote>\n<p>21:02<\/p>\n<p>La censure du pesticide salu\u00e9e par des m\u00e9decins et associations contre le cancer<\/p>\n<p>\u00ab On ne peut que se satisfaire de la d\u00e9cision du Conseil constitutionnel \u00bb, r\u00e9agi le vice-pr\u00e9sident de l&rsquo;Ordre des m\u00e9decins, Jean-Marcel Mourgues tout en reconnaissant \u00ab la r\u00e9alit\u00e9 des probl\u00e8mes des agriculteurs \u00bb, leur \u00ab souffrance psychologique li\u00e9e \u00e0 la d\u00e9tresse parfois professionnelle \u00bb.<\/p>\n<p>\u00ab Ils ont fait un geste symbolique qui est d&rsquo;enlever ce n\u00e9onicotino\u00efde qui s&rsquo;appelle l&rsquo;ac\u00e9tamipride. \u00c7a montre une chose, \u00e7a montre que le rapport de force fonctionne \u00bb, estime la fondatrice du collectif Cancer Col\u00e8re, Fleur Breteau, pr\u00e9sente devant le Conseil constitutionnel.\u00a0<\/p>\n<p>20:48<\/p>\n<p>Les D\u00e9mocrates \u00ab prennent acte de la d\u00e9cision du Conseil constitutionnel \u00bb<\/p>\n<p>Ce groupe si\u00e9geant \u00e0 l&rsquo;Assembl\u00e9e nationale, essentiellement compos\u00e9 d&rsquo;\u00e9lus MoDem, a r\u00e9agi sur X.<\/p>\n<p>\u00ab Contrairement \u00e0 nombre de forces ou groupes politiques, nous avons toujours consid\u00e9r\u00e9 qu\u2019en d\u00e9mocratie, il \u00e9tait sain, pour ne pas dire salutaire, de se plier aux d\u00e9cisions du juge constitutionnel. Qu\u2019elles nous conviennent ou non. Qu\u2019elles nous satisfassent comme l\u00e9gislateur ou non \u00bb, peut-on lire dans un communiqu\u00e9.<\/p>\n<p>20:36<\/p>\n<p>Le soulagement de Marine Tondelier<\/p>\n<p>Invit\u00e9e sur <a href=\"https:\/\/www.franceinfo.fr\/environnement\/loi-duplomb\/loi-duplomb-la-patronne-des-ecologistes-marine-tondelier-se-dit-tres-soulagee-par-la-decision-du-conseil-constitutionnel_7423387.html\" target=\"_blank\" rel=\"nofollow noopener\">Franceinfo<\/a>, la cheffe de file des \u00c9cologistes savoure la d\u00e9cision du Conseil constitutionnel mais pose des r\u00e9serves.<\/p>\n<p>\u00ab Il y a une partie de moi qui est tr\u00e8s tr\u00e8s soulag\u00e9e par la censure de cette r\u00e9introduction de l&rsquo;ac\u00e9tamipride. \u00c7a, \u00e7a me r\u00e9jouit, a-t-elle d\u00e9clar\u00e9 chez nos confr\u00e8res.\u00a0<\/p>\n<p>Cependant, cette d\u00e9cision, \u00ab c&rsquo;est une occasion de se r\u00e9jouir mais \u00e0 moiti\u00e9 seulement car cette loi Duplomb, ce n&rsquo;\u00e9tait pas seulement la r\u00e9introduction de l&rsquo;ac\u00e9tamipride \u00bb. \u00a0<\/p>\n<p>20:29<\/p>\n<p>Laurent Wauquiez fustige \u00ab l&rsquo;ing\u00e9rence des juges constitutionnels \u00bb<\/p>\n<p>\u00ab Difficile encore une fois de trouver normal que le Conseil constitutionnel d\u00e9cide \u00e0 la place des \u00e9lus d\u2019interdire ce qui \u00e9tait autoris\u00e9 il y a cinq ans, d\u00e9plore l&rsquo;\u00e9lu de Haute-Loire. Le niveau d\u2019ing\u00e9rence des juges constitutionnels devient un vrai probl\u00e8me pour notre d\u00e9mocratie. \u00bb<\/p>\n<blockquote class=\"twitter-tweet\" align=\"center\" data-theme=\"dark\">\n<p lang=\"fr\" dir=\"ltr\">Difficile encore une fois de trouver normal que le Conseil constitutionnel d\u00e9cide \u00e0 la place des \u00e9lus d\u2019interdire ce qui \u00e9tait autoris\u00e9 il y a 5 ans. Le niveau d\u2019ing\u00e9rence des juges constitutionnels devient un vrai probl\u00e8me pour notre d\u00e9mocratie. <a href=\"https:\/\/t.co\/pch5o9Sqxq\" rel=\"nofollow\">https:\/\/t.co\/pch5o9Sqxq<\/a><\/p>\n<p>\u2014 Laurent Wauquiez (@laurentwauquiez) <a href=\"https:\/\/twitter.com\/laurentwauquiez\/status\/1953521463685689722?ref_src=twsrc%5Etfw\" rel=\"nofollow noopener\" target=\"_blank\">August 7, 2025<\/a><\/p><\/blockquote>\n<p>20:24<\/p>\n<p>Olivier Faure et Alexis Corbi\u00e8re se r\u00e9jouissent de la \u00ab limitation \u00bb impos\u00e9e aux m\u00e9gabassines<\/p>\n<p>Le patron du PS voit comme un soulagement la d\u00e9cision du Conseil constitutionnel sur l\u2019ac\u00e9tamipride et salue la \u00ab limitation pos\u00e9e sur les m\u00e9gabassines \u00bb.<\/p>\n<p>Alexis Corbi\u00e8res, d\u00e9put\u00e9 ex-LFI, constate \u00e9galement avec joie que les Sages ont exprim\u00e9 deux \u00ab r\u00e9serves d&rsquo;interpr\u00e9tation \u00bb au sujet des m\u00e9gabassines.\u00a0<\/p>\n<p>Les limites principales fix\u00e9es par le Conseil constitutionnel sont l\u2019interdiction de pr\u00e9l\u00e8vements pour les m\u00e9gabassines dans les nappes inertielles et l\u2019obligation de respecter la possibilit\u00e9 de contestation de l\u2019int\u00e9r\u00eat public du projet. Ces conditions s\u2019ajoutent au respect des autres r\u00e8gles environnementales.<\/p>\n<p>19:58<\/p>\n<p>Ac\u00e9tamipride: la censure est un \u00ab choc \u00bb, \u00ab inacceptable et incompr\u00e9hensible \u00bb pour la FNSEA<\/p>\n<p>Pour Arnaud Rousseau, pr\u00e9sident du syndicat, \u00ab cette d\u00e9cision marque l&rsquo;abandon pur et simple de certaines fili\u00e8res de l&rsquo;agriculture fran\u00e7aise \u00bb.<\/p>\n<p>\u00ab C&rsquo;est inacceptable que le Conseil constitutionnel continue \u00e0 permettre des surtranspositions \u00bb du droit europ\u00e9en, qui autorise l&rsquo;ac\u00e9tamipride jusqu&rsquo;en 2033 dans l&rsquo;Union europ\u00e9enne, abonde J\u00e9r\u00f4me Despey, son vice-pr\u00e9sident.<\/p>\n<p>Les deux hommes saluent toutefois la validation des \u00ab all\u00e8gements administratifs \u00bb pour construire des b\u00e2timents d&rsquo;\u00e9levage et des ouvrages de stockage de l&rsquo;eau.<\/p>\n<p>19:57<\/p>\n<p>\u00ab Soulagement \u00bb chez les \u00e9cologistes<\/p>\n<p>\u00ab Le droit a parl\u00e9. Plus fort que les lobbies et leurs perroquets gouvernementaux \u00bb, \u00e9crit le d\u00e9put\u00e9 NFP porte-parole du groupe Ecologiste et Social \u00e0 l&rsquo;Assembl\u00e9e Benjamin Lucas, d\u00e9crivant un \u00ab soulagement \u00bb. L&rsquo;\u00e9lue \u00e9cologiste L\u00e9a Balage El Mariky, \u00e9galement porte-parole du groupe, interpelle Emmanuel Macron pour demander \u00ab un nouveau d\u00e9bat et un nouveau vote sur l\u2019ensemble des articles de la loi \u00bb.\u00a0<\/p>\n<blockquote class=\"twitter-tweet\" align=\"center\">\n<p lang=\"fr\" dir=\"ltr\">Le Conseil constitutionnel censure partiellement la loi <a href=\"https:\/\/twitter.com\/hashtag\/Duplomb?src=hash&amp;ref_src=twsrc%5Etfw\" rel=\"nofollow noopener\" target=\"_blank\">#Duplomb<\/a>, notamment la r\u00e9introduction d\u00e9rogatoire de n\u00e9onicotino\u00efdes. <\/p>\n<p>Les plus de 2 millions de signatures de la p\u00e9tition demandent une chose simple : un nouveau d\u00e9bat et un nouveau vote sur l\u2019ensemble des articles de la\u2026<\/p>\n<p>\u2014 L\u00e9a Balage El Mariky (@LeaBalage) <a href=\"https:\/\/twitter.com\/LeaBalage\/status\/1953511763233628449?ref_src=twsrc%5Etfw\" rel=\"nofollow noopener\" target=\"_blank\">August 7, 2025<\/a><\/p><\/blockquote>\n<p>19:51<\/p>\n<p>Le RN d\u00e9nonce un \u00ab coup de gr\u00e2ce aux agriculteurs \u00bb<\/p>\n<p>\u00ab Le Conseil constitutionnel porte un coup de gr\u00e2ce \u00e0 nos agriculteurs et pi\u00e9tine la volont\u00e9 populaire \u00bb, s&rsquo;indigne le vice-pr\u00e9sident du groupe RN \u00e0 l&rsquo;Assembl\u00e9e Laurent Jacobelli, dans un post sur X.\u00a0<\/p>\n<blockquote class=\"twitter-tweet\" align=\"center\">\n<p lang=\"fr\" dir=\"ltr\">\ud83d\udea8Scandaleux ! En censurant les mesures phares de la loi Duplomb, le Conseil constitutionnel porte un coup de gr\u00e2ce \u00e0 nos agriculteurs et pi\u00e9tine la volont\u00e9 populaire. <\/p>\n<p>Un seul de ces juges hors-sol, soumis au diktat de la pens\u00e9e \u00e9colo-bobo, a-t-il d\u00e9j\u00e0 mis un pied dans un champ\u2026 <a href=\"https:\/\/t.co\/War7pfPfUB\" rel=\"nofollow\">https:\/\/t.co\/War7pfPfUB<\/a><\/p>\n<p>\u2014 Laurent Jacobelli (@ljacobelli) <a href=\"https:\/\/twitter.com\/ljacobelli\/status\/1953512639671464034?ref_src=twsrc%5Etfw\" rel=\"nofollow noopener\" target=\"_blank\">August 7, 2025<\/a><\/p><\/blockquote>\n<p>La vice-pr\u00e9sidente du parti H\u00e9l\u00e8ne Laporte a pour sa part d\u00e9plor\u00e9 une \u00ab d\u00e9cision incompr\u00e9hensible \u00bb qui \u00ab acte la mort de nombreuses fili\u00e8res agricoles fran\u00e7aises notamment de noisettes et de betteraves \u00bb.\u00a0<\/p>\n<p>19:47<\/p>\n<p>Le PS salue une \u00ab d\u00e9cision salutaire \u00bb<\/p>\n<p>\u00ab Une d\u00e9cision salutaire, une le\u00e7on pour notre d\u00e9mocratie \u00bb, a salu\u00e9 la porte-parole du groupe socialiste <a href=\"https:\/\/x.com\/Mel_Thomin\/status\/1953506002029920364\" target=\"_blank\" rel=\"nofollow\">M\u00e9lanie Thomin<\/a>, comme de nombreux autres parlementaires PS.<\/p>\n<p>\u00ab C&rsquo;est une victoire pour la sant\u00e9 humaine et environnementale \u00bb, r\u00e9agit le PS dans un autre post.<\/p>\n<blockquote class=\"twitter-tweet\" align=\"center\">\n<p lang=\"fr\" dir=\"ltr\">\u270a VICTOIRE pour la sant\u00e9 humaine et environnementale !<\/p>\n<p>Suite \u00e0 notre recours sur la loi <a href=\"https:\/\/twitter.com\/hashtag\/Duplomb?src=hash&amp;ref_src=twsrc%5Etfw\" rel=\"nofollow noopener\" target=\"_blank\">#Duplomb<\/a>, le Conseil constitutionnel censure la r\u00e9introduction de l\u2019ac\u00e9tamipride. <a href=\"https:\/\/t.co\/23WzFUpZ9v\" rel=\"nofollow\">pic.twitter.com\/23WzFUpZ9v<\/a><\/p>\n<p>\u2014 Parti socialiste (@partisocialiste) <a href=\"https:\/\/twitter.com\/partisocialiste\/status\/1953504370378654026?ref_src=twsrc%5Etfw\" rel=\"nofollow noopener\" target=\"_blank\">August 7, 2025<\/a><\/p><\/blockquote>\n<p>\u00ab C\u2019est la d\u00e9cision d\u2019un droit constitutionnel qui prot\u00e8ge, et une victoire de la mobilisation citoyenne \u00bb, se r\u00e9jouit St\u00e9phane Troussel, pr\u00e9sident du d\u00e9partement de Seine-Saint-Denis et porte-parole du PS.\u00a0<\/p>\n<p>19:38<\/p>\n<p>Les parlementaires LFI saluent une \u00ab victoire \u00bb<\/p>\n<p>\u00ab Le c\u0153ur de la Loi Duplomb soutenue par la Macronie, la droite et l\u2019extr\u00eame droite est censur\u00e9e \u00bb, r\u00e9agit sur X la pr\u00e9sidente du groupe LFI \u00e0 l&rsquo;Assembl\u00e9e nationale, se r\u00e9jouissant d&rsquo;une \u00ab victoire \u00bb.\u00a0<\/p>\n<blockquote class=\"twitter-tweet\" align=\"center\">\n<p lang=\"fr\" dir=\"ltr\">Victoire contre la <a href=\"https:\/\/twitter.com\/hashtag\/LoiPesticides?src=hash&amp;ref_src=twsrc%5Etfw\" rel=\"nofollow noopener\" target=\"_blank\">#LoiPesticides<\/a> ! Gr\u00e2ce \u00e0 notre recours au Conseil constitutionnel et \u00e0 une mobilisation citoyenne historique, le c\u0153ur de la <a href=\"https:\/\/twitter.com\/hashtag\/loiduplomb?src=hash&amp;ref_src=twsrc%5Etfw\" rel=\"nofollow noopener\" target=\"_blank\">#loiduplomb<\/a> soutenue par la Macronie, la droite et l\u2019extr\u00eame droite est censur\u00e9e.<\/p>\n<p>L&rsquo;ac\u00e9tamipride, pesticide dangereux pour la sant\u00e9, ne\u2026 <a href=\"https:\/\/t.co\/sOGoWjNpy3\" rel=\"nofollow\">pic.twitter.com\/sOGoWjNpy3<\/a><\/p>\n<p>\u2014 Mathilde Panot (@MathildePanot) <a href=\"https:\/\/twitter.com\/MathildePanot\/status\/1953510314814656707?ref_src=twsrc%5Etfw\" rel=\"nofollow noopener\" target=\"_blank\">August 7, 2025<\/a><\/p><\/blockquote>\n<p>Le coordinateur LFI Manuel Bompard salue, \u00e9galement sur X, \u00ab une mobilisation populaire extraordinaire et \u00e0 la d\u00e9termination sans faille des \u00e9lus insoumis et \u00e9cologistes \u00bb.\u00a0<\/p>\n<p>19:35<\/p>\n<p>Censure de l&rsquo;ac\u00e9tamipride : la Conf\u00e9d\u00e9ration paysanne appelle \u00e0 maintenir \u00ab la pression \u00bb pour \u00ab \u00ab r\u00e9orienter les politiques agricoles \u00bb<\/p>\n<p>La Conf\u00e9d\u00e9ration paysanne, troisi\u00e8me syndicat agricole, salue une \u00ab victoire d&rsquo;\u00e9tape \u00bb apr\u00e8s la censure par le Conseil constitutionnel de la r\u00e9introduction de l&rsquo;ac\u00e9tamipride, un pesticide interdit, appelant \u00e0 \u00ab continuer de mettre la pression pour obtenir une r\u00e9orientation des politiques agricoles \u00bb.<\/p>\n<p>\u00ab On esp\u00e8re que la mobilisation ne s&rsquo;\u00e9teindra pas \u00bb, a d\u00e9clar\u00e9 St\u00e9phane Galais, porte-parole du syndicat qui d\u00e9fend une \u00ab r\u00e9elle \u00bb transition agro\u00e9cologique, \u00e0 l&rsquo;AFP devant le Conseil constitutionnel \u00e0 Paris en r\u00e9f\u00e9rence au succ\u00e8s in\u00e9dit d&rsquo;une p\u00e9tition qui a r\u00e9uni plus de deux millions de signataires contre la loi Duplomb et la r\u00e9introduction de ce n\u00e9onicotino\u00efde.<\/p>\n<p>19:33<\/p>\n<p>Laurent Duplomb \u00ab prend acte \u00bb et \u00ab respecte \u00bb la d\u00e9cision<\/p>\n<p>\u00ab Je prends acte et je respecte la d\u00e9cision des Sages \u00bb, r\u00e9agit aupr\u00e8s du Parisien le s\u00e9nateur LR \u00e0 l&rsquo;origine du texte, assurant que \u00ab le combat continue \u00bb : \u00ab En d\u00e9cidant de ne pas censurer l&rsquo;int\u00e9gralit\u00e9 de la loi, le Conseil Constitutionnel en reconna\u00eet le bien fond\u00e9, c&rsquo;est une grande satisfaction \u00bb, assure-t-il encore, \u00e9voquant l&rsquo;\u00ab obstruction qu&rsquo;ont pratiqu\u00e9 les partis de gauche en d\u00e9posant des milliers d&rsquo;amendements \u00bb.\u00a0<\/p>\n<p>19:19<\/p>\n<p>Aur\u00e9lien Rousseau salue la d\u00e9cision du Conseil<\/p>\n<p>\u00ab Comme nous le d\u00e9fendions dans notre recours \u00bb, cette d\u00e9cision du Conseil constitutionnel pose, selon l&rsquo;ancien ministre de la Sant\u00e9 d\u00e9sormais d\u00e9put\u00e9 Place Publique, \u00ab l\u2019exigence d\u2019un cadre clair pour concilier d\u00e9veloppement de notre agriculture, pr\u00e9servation de la sant\u00e9 et protection de l\u2019environnement \u00bb.\u00a0<\/p>\n<blockquote class=\"twitter-tweet\" align=\"center\">\n<p lang=\"fr\" dir=\"ltr\">Je salue la d\u00e9cision du <a href=\"https:\/\/twitter.com\/Conseil_constit?ref_src=twsrc%5Etfw\" rel=\"nofollow noopener\" target=\"_blank\">@conseil_constit<\/a> qui annule l\u2019art. 2 de la loi Duplomb, en posant, comme nous le d\u00e9fendions dans notre recours, l\u2019exigence d\u2019un cadre clair pour concilier d\u00e9veloppement de notre agriculture, pr\u00e9servation de la sant\u00e9 et protection de l\u2019environnement. <a href=\"https:\/\/t.co\/QNnWLDz9HZ\" rel=\"nofollow\">pic.twitter.com\/QNnWLDz9HZ<\/a><\/p>\n<p>\u2014 Aur\u00e9lien Rousseau (@aur_rousseau) <a href=\"https:\/\/twitter.com\/aur_rousseau\/status\/1953502096776417413?ref_src=twsrc%5Etfw\" rel=\"nofollow noopener\" target=\"_blank\">August 7, 2025<\/a><\/p><\/blockquote>\n<p>19:13<\/p>\n<p>Emmanuel Macron \u00ab promulguera la loi telle qu&rsquo;elle r\u00e9sulte de cette d\u00e9cision \u00bb, r\u00e9agit l&rsquo;\u00c9lys\u00e9e<\/p>\n<p>\u00ab Le Chef de l\u2019\u00c9tat a pris bonne note de la d\u00e9cision du Conseil constitutionnel et promulguera la loi telle qu\u2019elle r\u00e9sulte de cette d\u00e9cision dans les meilleurs d\u00e9lais \u00bb, r\u00e9agit-on du c\u00f4t\u00e9 de l&rsquo;\u00c9lys\u00e9e.\u00a0<\/p>\n<p>19:09<\/p>\n<p>La loi pour la refondation de Mayotte valid\u00e9e par le Conseil constitutionnel<\/p>\n<p>Le Conseil constitutionnel valide, \u00e0 quelques r\u00e9serves pr\u00e8s, la loi du gouvernement pour \u00ab refonder Mayotte \u00bb, qui vise notamment \u00e0 durcir les r\u00e8gles sur l&rsquo;immigration et \u00e0 lutter contre l&rsquo;habitat informel dans le d\u00e9partement le plus pauvre de France.<\/p>\n<p>Le Conseil a estim\u00e9 que les particularit\u00e9s d\u00e9mographique de la collectivit\u00e9, \u00ab soumise \u00e0 des flux migratoires tr\u00e8s importants \u00bb, constituent des \u00ab caract\u00e9ristiques et contraintes particuli\u00e8res au sens de l&rsquo;article 73 de la Constitution \u00bb, justifiant d&rsquo;instaurer \u00e0 Mayotte des diff\u00e9rences de traitement avec le territoire national.<\/p>\n<p>\u00ab La population de Mayotte comporte, par rapport \u00e0 l&rsquo;ensemble de la population r\u00e9sidant en France, une forte proportion de personnes de nationalit\u00e9 \u00e9trang\u00e8re, dont beaucoup en situation irr\u00e9guli\u00e8re, ainsi qu&rsquo;un nombre \u00e9lev\u00e9 d&rsquo;enfants n\u00e9s de parents \u00e9trangers \u00bb, ont rappel\u00e9 les Sages.<\/p>\n<p>Le Conseil constitutionnel consid\u00e8re que la situation migratoire particuli\u00e8re de Mayotte justifie un durcissement de la loi, mais formule deux r\u00e9serves. Il juge que l&rsquo;administration est tenue de d\u00e9livrer un visa de long s\u00e9jour \u00e0 la personne de nationalit\u00e9 \u00e9trang\u00e8re qui la sollicite et dont l&rsquo;enfant est un mineur de nationalit\u00e9 fran\u00e7aise r\u00e9sidant en France.\u00a0<\/p>\n<p>19:03<\/p>\n<p>L&rsquo;allongement de la r\u00e9tention des \u00e9trangers jug\u00e9s dangereux censur\u00e9 par le Conseil constitutionnel<\/p>\n<p>L&rsquo;institution <a href=\"https:\/\/www.leparisien.fr\/faits-divers\/lallongement-de-la-retention-des-etrangers-juges-dangereux-censure-par-le-conseil-constitutionnel-07-08-2025-L757QTXJN5EZLPY2B4JACBKVYU.php\" target=\"_blank\" rel=\"nofollow noopener\">censure la loi<\/a> visant \u00e0 \u00e9largir aux \u00e9trangers \u00ab condamn\u00e9s pour des faits d&rsquo;une particuli\u00e8re gravit\u00e9 et pr\u00e9sentant de forts risques de r\u00e9cidive \u00bb l&rsquo;allongement de la dur\u00e9e de maintien en centre de r\u00e9tention administrative (CRA) \u00e0 210 jours.<\/p>\n<p>Le Conseil rappelle dans sa d\u00e9cision que \u00ab le placement en r\u00e9tention d&rsquo;un \u00e9tranger qui ne peut quitter imm\u00e9diatement le territoire doit respecter le principe (&#8230;) selon lequel la libert\u00e9 individuelle ne saurait \u00eatre entrav\u00e9e par une rigueur qui ne soit pas n\u00e9cessaire \u00bb.<\/p>\n<p>19:02<\/p>\n<p>Municipales : le Conseil constitutionnel valide le nouveau mode de scrutin \u00e0 Paris, Lyon et Marseille<\/p>\n<p>Le Conseil constitutionnel <a href=\"https:\/\/www.leparisien.fr\/politique\/loi-plm-le-conseil-constitutionnel-valide-la-reforme-du-scrutin-a-paris-lyon-et-marseille-07-08-2025-Q3TTCC4N7RHO5D7CB3TEU2Q73Q.php\" target=\"_blank\" rel=\"nofollow noopener\">valide un nouveau mode de scrutin<\/a> pour les \u00e9lections municipales \u00e0 Paris, Lyon et Marseille, dont les conseillers des mairies centrales seront d\u00e9sormais \u00e9lus directement, en plus des repr\u00e9sentants d&rsquo;arrondissements et de secteurs.<\/p>\n<p>Les Sages ont relev\u00e9 que pour ces trois communes, les plus peupl\u00e9es de France, le l\u00e9gislateur \u00e9tait fond\u00e9 \u00e0 vouloir \u00ab am\u00e9liorer la repr\u00e9sentation des diverses sensibilit\u00e9s politiques au sein (de leurs) assembl\u00e9es d\u00e9lib\u00e9rantes \u00bb, \u00ab conform\u00e9ment \u00e0 l&rsquo;objectif de valeur constitutionnelle de pluralisme des courants de pens\u00e9es et d&rsquo;opinions \u00bb.<\/p>\n<p>19:01<\/p>\n<p>Loi Duplomb : le Conseil constitutionnel censure la r\u00e9introduction d&rsquo;un pesticide interdit<\/p>\n<p>Le Conseil constitutionnel a au contraire valid\u00e9 les simplifications administratives accord\u00e9es aux plus gros \u00e9levages, ainsi qu&rsquo;\u00e0 la construction d&rsquo;ouvrages de stockage d&rsquo;eau \u00e0 finalit\u00e9 agricole &#8211; avec n\u00e9anmoins quelques r\u00e9serves pour cette deuxi\u00e8me mesure. Il a \u00e9galement estim\u00e9 que la proc\u00e9dure d&rsquo;adoption du texte, qui avait \u00e9t\u00e9 rejet\u00e9 par ses propres d\u00e9fenseurs \u00e0 l&rsquo;Assembl\u00e9e, \u00e9tait conforme \u00e0 la Constitution.<\/p>\n<p>18:01<\/p>\n<p>La d\u00e9cision d\u00e9cal\u00e9e d&rsquo;une heure<\/p>\n<p>Le Conseil constitutionnel indique dans un communiqu\u00e9 qu&rsquo;il fera conna\u00eetre sa d\u00e9cision sur la r\u00e9introduction sous conditions d&rsquo;un pesticide interdit, ainsi que sur trois autres textes, \u00e0 19h et non plus \u00e0 18h, comme indiqu\u00e9 pr\u00e9c\u00e9demment.\u00a0<\/p>\n<p>17:55<\/p>\n<p>Le gouvernement face au couperet du Conseil constitutionnel<\/p>\n<p>Le gouvernement sait qu&rsquo;il joue gros \u00e0 l&rsquo;approche de la d\u00e9cision des Sages. Des censures, m\u00eame partielles, sur des textes aussi sensibles, seraient in\u00e9vitablement per\u00e7ues comme de profonds d\u00e9saveux. Notamment sur la m\u00e9thode employ\u00e9e par l\u2019ex\u00e9cutif, \u00e0 savoir le choix de miser avant tout sur des propositions de loi (\u00e0 l\u2019initiative des parlementaires), plut\u00f4t que sur des projets de loi (\u00e0 l\u2019initiative du gouvernement). <a href=\"https:\/\/www.leparisien.fr\/politique\/loi-duplomb-plm-centres-de-retention-le-gouvernement-face-au-couperet-du-conseil-constitutionnel-ce-jeudi-07-08-2025-G4FJLK6M2BD6XNMHEPEN2EI3BM.php\" target=\"_blank\" rel=\"nofollow noopener\">Lisez notre article d\u00e9di\u00e9<\/a>.\u00a0<\/p>\n<p>17:25<\/p>\n<p>Qu&rsquo;en disent les syndicats ?<\/p>\n<p>La FNSEA, puissant syndicat agricole, n&rsquo;a pas voulu s&rsquo;exprimer avant la d\u00e9cision.<\/p>\n<p>Pour V\u00e9ronique Le Floc&rsquo;h, pr\u00e9sidente du deuxi\u00e8me syndicat Coordination rurale, une censure sur l&rsquo;ac\u00e9tamipride serait hypocrite : \u00ab Il aurait fallu que l&rsquo;Etat donne des vrais moyens pour trouver des alternatives \u00bb face aux ravageurs.<\/p>\n<p>Mais pour la Conf\u00e9d\u00e9ration paysanne, troisi\u00e8me syndicat, la loi Duplomb r\u00e9pond \u00ab \u00e0 des int\u00e9r\u00eats tr\u00e8s particuliers d&rsquo;une fili\u00e8re \u00bb, et non \u00e0 la \u00ab col\u00e8re agricole \u00bb de 2024 et aux probl\u00e9matiques de revenu des agriculteurs.<\/p>\n<p>17:15<\/p>\n<p>Grosse attente autour de la loi Duplomb<\/p>\n<p>Sur la loi agricole, la d\u00e9cision de l&rsquo;institution, attendue \u00e0 partir de 18 heures, sera particuli\u00e8rement scrut\u00e9e. Elle enverra un signal tant sur le d\u00e9bat environnemental et sanitaire provoqu\u00e9 par le texte, que sur le droit parlementaire li\u00e9 aux conditions de son examen.<\/p>\n<p>17:15<\/p>\n<p>Quatre textes concern\u00e9s<\/p>\n<ul>\n<li>la loi Duplomb<\/li>\n<li>la r\u00e9forme du scrutin municipal \u00e0 Paris, Lyon et Marseille<\/li>\n<li>la loi de \u00ab refondation \u00bb de Mayotte<\/li>\n<li>l&rsquo;allongement de la r\u00e9tention administrative pour certains \u00e9trangers<\/li>\n<\/ul>\n<p>17:15<\/p>\n<p>Bienvenue sur ce direct<\/p>\n<p>Bonjour ! Nous sommes avec vous cet apr\u00e8s-midi pour suivre, en direct, les d\u00e9cisions du Conseil constitutionnel sur la loi Duplomb.<\/p>\n<p>Contexte<\/p>\n<p>D\u00e9cisions du Conseil constitutionnel<\/p>\n<ul>\n<li>Les Sages <a href=\"https:\/\/www.leparisien.fr\/politique\/loi-duplomb-plm-centres-de-retention-le-gouvernement-face-au-couperet-du-conseil-constitutionnel-ce-jeudi-07-08-2025-G4FJLK6M2BD6XNMHEPEN2EI3BM.php\" target=\"_blank\" rel=\"nofollow noopener\">rendent leurs conclusions tr\u00e8s attendues<\/a> sur la loi Duplomb, qui fait pol\u00e9mique \u00e0 cause de la r\u00e9introduction sous conditions d&rsquo;un pesticide interdit.<\/li>\n<li>Pr\u00e9sent\u00e9e comme une r\u00e9ponse aux grandes manifestations agricoles de 2024 et soutenue par les syndicats d&rsquo;agriculteurs, la loi Duplomb <a href=\"https:\/\/www.leparisien.fr\/societe\/sante\/la-loi-duplomb-ne-passe-pas-scientifiques-et-associations-de-patients-appellent-le-conseil-constitutionnel-a-la-censurer-29-07-2025-CJR74VW6YFCKBOQ7IOLCUXJECM.php\" target=\"_blank\" rel=\"nofollow noopener\">est contest\u00e9e par les associations et de nombreux \u00e9lus<\/a>. Une p\u00e9tition r\u00e9clamant son abrogation a aussi r\u00e9uni plus de 2,1 millions de signatures.<\/li>\n<li>Le Conseil constitutionnel vont aussi se prononcer sur trois autres textes : la r\u00e9forme du scrutin municipal \u00e0 Paris, Lyon et Marseille ; la loi de \u00ab refondation \u00bb de Mayotte ; et l&rsquo;allongement de la r\u00e9tention administrative pour certains \u00e9trangers.<\/li>\n<\/ul>\n<p><script async src=\"https:\/\/platform.twitter.com\/widgets.js\" charset=\"utf-8\"><\/script><\/p>\n","protected":false},"excerpt":{"rendered":"21:45 Un \u00ab camouflet total \u00bb pour Retailleau Le Conseil constitutionnel a censur\u00e9 la mesure d\u2019allongement de la&hellip;\n","protected":false},"author":2,"featured_media":303522,"comment_status":"","ping_status":"","sticky":false,"template":"","format":"standard","meta":{"footnotes":""},"categories":[4],"tags":[11,416,1011,27,430,12,25],"class_list":{"0":"post-303521","1":"post","2":"type-post","3":"status-publish","4":"format-standard","5":"has-post-thumbnail","7":"category-france","8":"tag-actualites","9":"tag-assemblee-nationale","10":"tag-fr","11":"tag-france","12":"tag-marine-le-pen","13":"tag-news","14":"tag-republique-francaise"},"share_on_mastodon":{"url":"https:\/\/pubeurope.com\/@fr\/114989299375676301","error":""},"_links":{"self":[{"href":"https:\/\/www.europesays.com\/fr\/wp-json\/wp\/v2\/posts\/303521","targetHints":{"allow":["GET"]}}],"collection":[{"href":"https:\/\/www.europesays.com\/fr\/wp-json\/wp\/v2\/posts"}],"about":[{"href":"https:\/\/www.europesays.com\/fr\/wp-json\/wp\/v2\/types\/post"}],"author":[{"embeddable":true,"href":"https:\/\/www.europesays.com\/fr\/wp-json\/wp\/v2\/users\/2"}],"replies":[{"embeddable":true,"href":"https:\/\/www.europesays.com\/fr\/wp-json\/wp\/v2\/comments?post=303521"}],"version-history":[{"count":0,"href":"https:\/\/www.europesays.com\/fr\/wp-json\/wp\/v2\/posts\/303521\/revisions"}],"wp:featuredmedia":[{"embeddable":true,"href":"https:\/\/www.europesays.com\/fr\/wp-json\/wp\/v2\/media\/303522"}],"wp:attachment":[{"href":"https:\/\/www.europesays.com\/fr\/wp-json\/wp\/v2\/media?parent=303521"}],"wp:term":[{"taxonomy":"category","embeddable":true,"href":"https:\/\/www.europesays.com\/fr\/wp-json\/wp\/v2\/categories?post=303521"},{"taxonomy":"post_tag","embeddable":true,"href":"https:\/\/www.europesays.com\/fr\/wp-json\/wp\/v2\/tags?post=303521"}],"curies":[{"name":"wp","href":"https:\/\/api.w.org\/{rel}","templated":true}]}}