{"id":303525,"date":"2025-08-07T20:11:20","date_gmt":"2025-08-07T20:11:20","guid":{"rendered":"https:\/\/www.europesays.com\/fr\/303525\/"},"modified":"2025-08-07T20:11:20","modified_gmt":"2025-08-07T20:11:20","slug":"loire-la-baignade-est-interdite-a-saint-victor-sur-loire-depuis-ce-jeudi-et-pendant-une-semaine","status":"publish","type":"post","link":"https:\/\/www.europesays.com\/fr\/303525\/","title":{"rendered":"Loire. La baignade est interdite \u00e0 Saint-Victor-sur-Loire depuis ce jeudi et pendant une semaine"},"content":{"rendered":"<p>C\u2019est un sc\u00e9nario bien connu des habitu\u00e9s de la base nautique. Depuis ce jeudi 7\u00a0ao\u00fbt, la baignade est interdite \u00e0 Saint-Victor-sur-Loire, suite \u00e0 un arr\u00eat\u00e9 municipal.\u00a0Malgr\u00e9 les risques, les vacanciers venus pour se rafra\u00eechir n\u2019ont pas fait demi-tour. Ce jeudi, ils \u00e9taient nombreux \u00e0 se baigner en dehors de la zone surveill\u00e9e.<\/p>\n<p>  Une pollution bact\u00e9rienne li\u00e9e \u00e0 la chaleur<\/p>\n<p>Les derni\u00e8res analyses sanitaires r\u00e9alis\u00e9es par l\u2019Agence r\u00e9gionale de sant\u00e9 (ARS) mettent en \u00e9vidence le d\u00e9passement du seuil de bact\u00e9ries autoris\u00e9. En raison du risque pour la sant\u00e9 en cas d\u2019ingestion d\u2019eau contamin\u00e9e ou lors d\u2019une immersion prolong\u00e9e, la baignade est donc interdite jusqu\u2019\u00e0 nouvel ordre.<\/p>\n<p>En pleine p\u00e9riode estivale, cette interdiction n\u2019est pas une surprise. Avec la chaleur, la prolif\u00e9ration des bact\u00e9ries est r\u00e9currente. C\u2019est toutefois la premi\u00e8re fois de la saison que le site doit fermer pour raisons sanitaires.<\/p>\n<p>Les prochains pr\u00e9l\u00e8vements, r\u00e9alis\u00e9s lundi 11\u00a0ao\u00fbt, permettront de d\u00e9terminer si la baignade est de nouveau r\u00e9autoris\u00e9e. Il faudra attendre les r\u00e9sultats qui devraient tomber jeudi 14\u00a0ao\u00fbt.<\/p>\n","protected":false},"excerpt":{"rendered":"C\u2019est un sc\u00e9nario bien connu des habitu\u00e9s de la base nautique. Depuis ce jeudi 7\u00a0ao\u00fbt, la baignade est&hellip;\n","protected":false},"author":2,"featured_media":303526,"comment_status":"","ping_status":"","sticky":false,"template":"","format":"standard","meta":{"footnotes":""},"categories":[9653],"tags":[1111,11,2430,1687,7539,436,1777,674,107,1011,27,3367,12,1800,25,4001,29878],"class_list":{"0":"post-303525","1":"post","2":"type-post","3":"status-publish","4":"format-standard","5":"has-post-thumbnail","7":"category-saint-etienne","8":"tag-actu","9":"tag-actualites","10":"tag-auvergne-rhone-alpes","11":"tag-culture-loisirs","12":"tag-edition-loire-sud","13":"tag-environnement","14":"tag-eu","15":"tag-europe","16":"tag-fil-info","17":"tag-fr","18":"tag-france","19":"tag-loire","20":"tag-news","21":"tag-pollution","22":"tag-republique-francaise","23":"tag-saint-etienne","24":"tag-saint-victor-sur-loire"},"share_on_mastodon":{"url":"https:\/\/pubeurope.com\/@fr\/114989307187064516","error":""},"_links":{"self":[{"href":"https:\/\/www.europesays.com\/fr\/wp-json\/wp\/v2\/posts\/303525","targetHints":{"allow":["GET"]}}],"collection":[{"href":"https:\/\/www.europesays.com\/fr\/wp-json\/wp\/v2\/posts"}],"about":[{"href":"https:\/\/www.europesays.com\/fr\/wp-json\/wp\/v2\/types\/post"}],"author":[{"embeddable":true,"href":"https:\/\/www.europesays.com\/fr\/wp-json\/wp\/v2\/users\/2"}],"replies":[{"embeddable":true,"href":"https:\/\/www.europesays.com\/fr\/wp-json\/wp\/v2\/comments?post=303525"}],"version-history":[{"count":0,"href":"https:\/\/www.europesays.com\/fr\/wp-json\/wp\/v2\/posts\/303525\/revisions"}],"wp:featuredmedia":[{"embeddable":true,"href":"https:\/\/www.europesays.com\/fr\/wp-json\/wp\/v2\/media\/303526"}],"wp:attachment":[{"href":"https:\/\/www.europesays.com\/fr\/wp-json\/wp\/v2\/media?parent=303525"}],"wp:term":[{"taxonomy":"category","embeddable":true,"href":"https:\/\/www.europesays.com\/fr\/wp-json\/wp\/v2\/categories?post=303525"},{"taxonomy":"post_tag","embeddable":true,"href":"https:\/\/www.europesays.com\/fr\/wp-json\/wp\/v2\/tags?post=303525"}],"curies":[{"name":"wp","href":"https:\/\/api.w.org\/{rel}","templated":true}]}}