{"id":303537,"date":"2025-08-07T20:19:11","date_gmt":"2025-08-07T20:19:11","guid":{"rendered":"https:\/\/www.europesays.com\/fr\/303537\/"},"modified":"2025-08-07T20:19:11","modified_gmt":"2025-08-07T20:19:11","slug":"simon-ngapandouetnbu-officiellement-au-mhsc","status":"publish","type":"post","link":"https:\/\/www.europesays.com\/fr\/303537\/","title":{"rendered":"Simon Ngapandouetnbu officiellement au MHSC"},"content":{"rendered":"<p>Depuis ce jeudi apr\u00e8s-midi, c&rsquo;est d\u00e9sormais officiel : le MHSC tient son nouveau gardien avec Simon Ngapandouetnbu. Le portier camerouanis s&rsquo;est officiellement engag\u00e9 ce jeudi\u00a0 avec le club de la Paillade, <a href=\"https:\/\/www.laprovence.com\/article\/om\/1295737102193214\/mercato-om-le-jeune-simon-ngapandouetnbu-en-passe-de-quitter-le-club\" target=\"_blank\" rel=\"noopener\">comme pressenti ces derni\u00e8res heures<\/a>.<\/p>\n<p>Form\u00e9 \u00e0 l&rsquo;Olympique de Marseille, il a valid\u00e9 sa visite m\u00e9dicale ce jeudi apr\u00e8s-midi. Avant d&rsquo;acter son arriv\u00e9e dans la foul\u00e9e.<\/p>\n<p><a href=\"https:\/\/www.laprovence.com\/article\/om\/3143322733198815\/om-montpellier-les-3-choses-a-savoir-sur-le-club-heraultais\" target=\"_blank\" rel=\"noopener\">Rel\u00e9gu\u00e9 en Ligue 2<\/a>, le MHSC a fait du jeune international camerounais son titulaire pour la saison \u00e0 venir, en remplacement de Benjamin Lecomte, parti \u00e0 Fulham. Le transfert s&rsquo;est conclu sans indemnit\u00e9, mais avec des bonus conditionn\u00e9s \u00e0 une \u00e9ventuelle remont\u00e9e en Ligue 1. L&rsquo;OM conserve une priorit\u00e9 de rachat sur son ancien joueur.<\/p>\n","protected":false},"excerpt":{"rendered":"Depuis ce jeudi apr\u00e8s-midi, c&rsquo;est d\u00e9sormais officiel : le MHSC tient son nouveau gardien avec Simon Ngapandouetnbu. Le&hellip;\n","protected":false},"author":2,"featured_media":303538,"comment_status":"","ping_status":"","sticky":false,"template":"","format":"standard","meta":{"footnotes":""},"categories":[9599],"tags":[17,1111,11,1777,674,1011,27,1434,2208,12,44199,2680,11137,149,25,1679],"class_list":{"0":"post-303537","1":"post","2":"type-post","3":"status-publish","4":"format-standard","5":"has-post-thumbnail","7":"category-montpellier","8":"tag-17","9":"tag-actu","10":"tag-actualites","11":"tag-eu","12":"tag-europe","13":"tag-fr","14":"tag-france","15":"tag-mercato","16":"tag-montpellier","17":"tag-news","18":"tag-ngapandouetnbu","19":"tag-occitanie","20":"tag-officiellement","21":"tag-om","22":"tag-republique-francaise","23":"tag-simon"},"share_on_mastodon":{"url":"https:\/\/pubeurope.com\/@fr\/114989338602835962","error":""},"_links":{"self":[{"href":"https:\/\/www.europesays.com\/fr\/wp-json\/wp\/v2\/posts\/303537","targetHints":{"allow":["GET"]}}],"collection":[{"href":"https:\/\/www.europesays.com\/fr\/wp-json\/wp\/v2\/posts"}],"about":[{"href":"https:\/\/www.europesays.com\/fr\/wp-json\/wp\/v2\/types\/post"}],"author":[{"embeddable":true,"href":"https:\/\/www.europesays.com\/fr\/wp-json\/wp\/v2\/users\/2"}],"replies":[{"embeddable":true,"href":"https:\/\/www.europesays.com\/fr\/wp-json\/wp\/v2\/comments?post=303537"}],"version-history":[{"count":0,"href":"https:\/\/www.europesays.com\/fr\/wp-json\/wp\/v2\/posts\/303537\/revisions"}],"wp:featuredmedia":[{"embeddable":true,"href":"https:\/\/www.europesays.com\/fr\/wp-json\/wp\/v2\/media\/303538"}],"wp:attachment":[{"href":"https:\/\/www.europesays.com\/fr\/wp-json\/wp\/v2\/media?parent=303537"}],"wp:term":[{"taxonomy":"category","embeddable":true,"href":"https:\/\/www.europesays.com\/fr\/wp-json\/wp\/v2\/categories?post=303537"},{"taxonomy":"post_tag","embeddable":true,"href":"https:\/\/www.europesays.com\/fr\/wp-json\/wp\/v2\/tags?post=303537"}],"curies":[{"name":"wp","href":"https:\/\/api.w.org\/{rel}","templated":true}]}}