{"id":303539,"date":"2025-08-07T20:25:17","date_gmt":"2025-08-07T20:25:17","guid":{"rendered":"https:\/\/www.europesays.com\/fr\/303539\/"},"modified":"2025-08-07T20:25:17","modified_gmt":"2025-08-07T20:25:17","slug":"lus-boulogne-co-repechee-ligue-2","status":"publish","type":"post","link":"https:\/\/www.europesays.com\/fr\/303539\/","title":{"rendered":"L&rsquo;US Boulogne CO rep\u00each\u00e9e Ligue 2"},"content":{"rendered":"<p>R\u00e9uni ce jeudi 7 ao\u00fbt 2025, le Conseil d\u2019Administration de la Ligue de Football Professionnel a ent\u00e9rin\u00e9 la non-participation de l\u2019AC AJACCIO au championnat de Ligue 2 BKT pour la saison 2025\/2026, a d\u00e9cid\u00e9 de rep\u00eacher l\u2019US Boulogne C\u00f4te d\u2019Opale pour participer au championnat de Ligue 2 BKT pour la saison 2025\/2026 et<strong>\u00a0<\/strong>a confirm\u00e9 l\u2019octroi du statut professionnel au club de l\u2019US Boulogne C\u00f4te d\u2019Opale.<\/p>\n","protected":false},"excerpt":{"rendered":"R\u00e9uni ce jeudi 7 ao\u00fbt 2025, le Conseil d\u2019Administration de la Ligue de Football Professionnel a ent\u00e9rin\u00e9 la&hellip;\n","protected":false},"author":2,"featured_media":232025,"comment_status":"","ping_status":"","sticky":false,"template":"","format":"standard","meta":{"footnotes":""},"categories":[9566],"tags":[1111,11,2430,1777,674,1011,27,2731,12,25],"class_list":{"0":"post-303539","1":"post","2":"type-post","3":"status-publish","4":"format-standard","5":"has-post-thumbnail","7":"category-grenoble","8":"tag-actu","9":"tag-actualites","10":"tag-auvergne-rhone-alpes","11":"tag-eu","12":"tag-europe","13":"tag-fr","14":"tag-france","15":"tag-grenoble","16":"tag-news","17":"tag-republique-francaise"},"share_on_mastodon":{"url":"https:\/\/pubeurope.com\/@fr\/114989362241015918","error":""},"_links":{"self":[{"href":"https:\/\/www.europesays.com\/fr\/wp-json\/wp\/v2\/posts\/303539","targetHints":{"allow":["GET"]}}],"collection":[{"href":"https:\/\/www.europesays.com\/fr\/wp-json\/wp\/v2\/posts"}],"about":[{"href":"https:\/\/www.europesays.com\/fr\/wp-json\/wp\/v2\/types\/post"}],"author":[{"embeddable":true,"href":"https:\/\/www.europesays.com\/fr\/wp-json\/wp\/v2\/users\/2"}],"replies":[{"embeddable":true,"href":"https:\/\/www.europesays.com\/fr\/wp-json\/wp\/v2\/comments?post=303539"}],"version-history":[{"count":0,"href":"https:\/\/www.europesays.com\/fr\/wp-json\/wp\/v2\/posts\/303539\/revisions"}],"wp:featuredmedia":[{"embeddable":true,"href":"https:\/\/www.europesays.com\/fr\/wp-json\/wp\/v2\/media\/232025"}],"wp:attachment":[{"href":"https:\/\/www.europesays.com\/fr\/wp-json\/wp\/v2\/media?parent=303539"}],"wp:term":[{"taxonomy":"category","embeddable":true,"href":"https:\/\/www.europesays.com\/fr\/wp-json\/wp\/v2\/categories?post=303539"},{"taxonomy":"post_tag","embeddable":true,"href":"https:\/\/www.europesays.com\/fr\/wp-json\/wp\/v2\/tags?post=303539"}],"curies":[{"name":"wp","href":"https:\/\/api.w.org\/{rel}","templated":true}]}}